{"id":152677,"date":"2025-10-02T12:06:22","date_gmt":"2025-10-02T12:06:22","guid":{"rendered":"https:\/\/www.europesays.com\/es\/152677\/"},"modified":"2025-10-02T12:06:22","modified_gmt":"2025-10-02T12:06:22","slug":"el-bm-san-fernando-inicia-la-temporada-con-un-gran-triunfo-en-puente-genil-26-29-balonmano","status":"publish","type":"post","link":"https:\/\/www.europesays.com\/es\/152677\/","title":{"rendered":"El BM San Fernando inicia la temporada con un gran triunfo en Puente Genil (26-29), Balonmano"},"content":{"rendered":"<p>El Viamed Balonmano San Fernando tuvo un brillante&#13;<br \/>\ne Ilusionante comienzo en la nueva temporada en la Segunda Divisi\u00f3n Nacional,&#13;<br \/>\ndonde gan\u00f3 en la siempre complicada cancha del \u00c1ngel Xim\u00e9nez de Puente Genil&#13;<br \/>\n(26-29). Fue un encuentro igualado en el primer periodo y de dominio isle\u00f1o en&#13;<br \/>\nel segundo tiempo.<\/p>\n<p>            \t<img decoding=\"async\" src=\"https:\/\/www.europesays.com\/es\/wp-content\/uploads\/2025\/10\/1759356000-articulo-balonmano.jpg\" alt=\"El Balonmano San Fernando gan\u00f3 en su estreno liguero en Puente Genil. \" \/><br \/>\n\t\t\t            \tEl Balonmano San Fernando gan\u00f3 en su estreno liguero en Puente Genil. <\/p>\n<p>        \tSegunda Divisi\u00f3n Nacional (grupo B) Jornada 1<\/p>\n<p>BM Puente Genil, 26 BM San Fernando, 29<\/p>\n<p><strong>BM. Puente Genil (26)<\/strong>: P\u00e9rez, Aguilar (1),&#13;<br \/>\nS\u00e1nchez (3), Avil\u00e9s (3), Jim\u00e9nez (1), Mart\u00edn, L\u00f3pez, Rojas (3), Ojeda (3),&#13;<br \/>\nDom\u00ednguez (3), Barcos, Rey (4) y Baena (5)<\/p>\n<p><strong>BM. San Fernando (29)<\/strong>: Alejandro Mor\u00f3n, Mario&#13;<br \/>\nJerez (2), Guillermo Carrero (5), \u00c1lvaro Braojos (5), Fran L\u00f3pez, Jos\u00e9 A.&#13;<br \/>\nL\u00f3pez, Fernando \u00c1lvarez, Diego Relinque (4), \u00c1ngel Guisado (5), Ram\u00f3n Bandera&#13;<br \/>\n(2), Alberto Rey, Alfredo Castillo (2), Jos\u00e9 L. Mora, Dani P\u00e9rez (1), Alberto&#13;<br \/>\nRelucio y Dar\u00edo Mart\u00edn (3).<\/p>\n<p><strong>Marcador<\/strong>: m.5 (3-1); m.10 (5-7); m.15 (8-9);&#13;<br \/>\nm.20 (12-12); m.25 (13-13); Descanso (16-15); m.35 (18-18); m.40 (18-20); m.45&#13;<br \/>\n(20-22); m.50 (21-25); m.55 (23-25); Final del partido (26-29).<\/p>\n<p><strong>\u00c1rbitros<\/strong>: Montes y Romero.<\/p>\n<p class=\"publicidad-rotulo\">Publicidad<\/p>\n<p><img decoding=\"async\" class=\"lazy\" src=\"i\/publicidad\/tc-otono-25-2-1759249232p.jpg\" alt=\"Teatro de las Cortes (Oto\u00f1o 2025)\" \/><\/p>\n<p><strong>Incidencias<\/strong>: Partido de la 1\u00aa jornada en la Segunda&#13;<br \/>\nDivisi\u00f3n Nacional que se celebr\u00f3 el domingo 28 a las 11 horas en el pabell\u00f3n&#13;<br \/>\nmunicipal \u201cAlcalde Miguel Salas\u201d de Puente Genil.<\/p>\n<p>Muy fuerte salieron los pontaneses a la cancha&#13;<br \/>\ny en el minuto 6 ya dominaban por 4-1 en el marcador. Tras estos primeros&#13;<br \/>\nminutos de desajuste en la defensa del Viamed, el conjunto isle\u00f1o empez\u00f3 a&#13;<br \/>\ncarburar y con un parcial de 1-6 tom\u00f3 la delantera (5-7, minuto 10) y se hizo&#13;<br \/>\ncon el control del choque.<\/p>\n<p>Despu\u00e9s de estos primeros minutos de dominio&#13;<br \/>\nalterno, las fuerzas se equilibraron mucho y ninguno de los dos conjuntos&#13;<br \/>\nconsegu\u00eda tener la batuta del partido. El luminoso estaba muy igualado y las&#13;<br \/>\nventajas de uno y de otro equipo no iba m\u00e1s all\u00e1 de uno o dos goles.<\/p>\n<p>Esta paridad en el marcador tambi\u00e9n se&#13;<br \/>\nreflejaba sobre la pista, donde no hab\u00eda un claro dominador y dejando todo por&#13;<br \/>\ndecidir en el segundo periodo, ya que al descanso la diferencia era m\u00ednima para&#13;<br \/>\nlos cordobeses (16-15).<\/p>\n<p class=\"publicidad-rotulo\">Publicidad<\/p>\n<p><img decoding=\"async\" class=\"lazy\" src=\"i\/publicidad\/colchones-colon-1614798003-1614798003p.jpg\" alt=\"Colchones Col\u00f3n\" \/><\/p>\n<p>El segundo tiempo comenz\u00f3 tambi\u00e9n con unos&#13;<br \/>\nprimeros minutos muy igualados, pero con el paso del tiempo el Viamed empez\u00f3 a&#13;<br \/>\ndominar el juego, gracias sobre todo a una gran labor defensiva y de porter\u00eda y&#13;<br \/>\na minimizar los errores en ataque.<\/p>\n<p>El Puente Genil, un equipo m\u00e1s veterano, empez\u00f3&#13;<br \/>\na notar el desgaste de los minutos en el primer partido de la temporada y su&#13;<br \/>\nresistencia tanto en defensa como en ataque empez\u00f3 a resentirse. Los isle\u00f1os&#13;<br \/>\ntomaron el mando y pusieron en el luminoso ventajas de 2 y 3 goles.<\/p>\n<p class=\"publicidad-rotulo\">Publicidad<\/p>\n<p><a href=\"https:\/\/www.deportedelaisla.com\/publicidad\/92ff0c5f7efb4f0e7ebfad09a0ead7a47a331be3\" target=\"_blank\" rel=\"nofollow noopener\"><img decoding=\"async\" class=\"lazy\" src=\"i\/publicidad\/proton-mar-lat-1614967317p.gif\" alt=\"Academia Prot\u00f3n Mar\" \/><\/a><\/p>\n<p>En el minuto 48, con 20-24, el entrenador&#13;<br \/>\npontan\u00e9s pidi\u00f3 tiempo muerto para intentar reconducir el encuentro, pero el&#13;<br \/>\nViamed supo jugar con mucha cabeza los minutos finales, cuando los locales m\u00e1s&#13;<br \/>\napretaban, para mantener su ventaja en el marcador y hacerse finalmente con una&#13;<br \/>\nmerecida victoria por 26-29 en una dif\u00edcil cancha como es la del Bm. Puente&#13;<br \/>\nGenil.<\/p>\n<p>El&#13;<br \/>\nViamed Balonmano San Fernando vuelve a jugar a domicilio este fin de semana, ya&#13;<br \/>\nque lo har\u00e1 el s\u00e1bado a las 5 de la tarde en la localidad onubense de Valverde&#13;<br \/>\ndel Camino.<\/p>\n<p class=\"publicidad-rotulo\">Publicidad<\/p>\n<p>                                        <a href=\"https:\/\/www.deportedelaisla.com\/publicidad\/7c1b9c5e3fa7f1a88b2d7f9e9112368d11370589\" target=\"_blank\" rel=\"nofollow noopener\"><img decoding=\"async\" class=\"lazy\" src=\"i\/publicidad\/hnos-garcia-contenido-1692186455p.jpg\" alt=\"Gamma\" \/><\/a><\/p>\n","protected":false},"excerpt":{"rendered":"El Viamed Balonmano San Fernando tuvo un brillante&#13; e Ilusionante comienzo en la nueva temporada en la Segunda&hellip;\n","protected":false},"author":2,"featured_media":152678,"comment_status":"","ping_status":"","sticky":false,"template":"","format":"standard","meta":{"footnotes":""},"categories":[278],"tags":[376,26352,168,25,24,375,23,167],"class_list":{"0":"post-152677","1":"post","2":"type-post","3":"status-publish","4":"format-standard","5":"has-post-thumbnail","7":"category-balonmano","8":"tag-balonmano","9":"tag-club-balonmano-san-fernando","10":"tag-deportes","11":"tag-es","12":"tag-espana","13":"tag-handball","14":"tag-spain","15":"tag-sports"},"share_on_mastodon":{"url":"","error":""},"_links":{"self":[{"href":"https:\/\/www.europesays.com\/es\/wp-json\/wp\/v2\/posts\/152677","targetHints":{"allow":["GET"]}}],"collection":[{"href":"https:\/\/www.europesays.com\/es\/wp-json\/wp\/v2\/posts"}],"about":[{"href":"https:\/\/www.europesays.com\/es\/wp-json\/wp\/v2\/types\/post"}],"author":[{"embeddable":true,"href":"https:\/\/www.europesays.com\/es\/wp-json\/wp\/v2\/users\/2"}],"replies":[{"embeddable":true,"href":"https:\/\/www.europesays.com\/es\/wp-json\/wp\/v2\/comments?post=152677"}],"version-history":[{"count":0,"href":"https:\/\/www.europesays.com\/es\/wp-json\/wp\/v2\/posts\/152677\/revisions"}],"wp:featuredmedia":[{"embeddable":true,"href":"https:\/\/www.europesays.com\/es\/wp-json\/wp\/v2\/media\/152678"}],"wp:attachment":[{"href":"https:\/\/www.europesays.com\/es\/wp-json\/wp\/v2\/media?parent=152677"}],"wp:term":[{"taxonomy":"category","embeddable":true,"href":"https:\/\/www.europesays.com\/es\/wp-json\/wp\/v2\/categories?post=152677"},{"taxonomy":"post_tag","embeddable":true,"href":"https:\/\/www.europesays.com\/es\/wp-json\/wp\/v2\/tags?post=152677"}],"curies":[{"name":"wp","href":"https:\/\/api.w.org\/{rel}","templated":true}]}}