{"id":152679,"date":"2025-10-02T12:07:10","date_gmt":"2025-10-02T12:07:10","guid":{"rendered":"https:\/\/www.europesays.com\/es\/152679\/"},"modified":"2025-10-02T12:07:10","modified_gmt":"2025-10-02T12:07:10","slug":"blancaflor-de-guadalmena-cierra-esta-edicion-del-zapato-de-oro-de-arnedo","status":"publish","type":"post","link":"https:\/\/www.europesays.com\/es\/152679\/","title":{"rendered":"Blancaflor, de Guadalmena, cierra esta edici\u00f3n del Zapato de Oro de Arnedo"},"content":{"rendered":"<p>Ya se han sorteado y enchiquerado en la plaza de toros de <strong>Arnedo<\/strong> los novillos de <strong>Guadalmena<\/strong> que cierra esta tarde la quincuag\u00e9sima edici\u00f3n del <strong>Zapato de Oro<\/strong>. A partir de las 17:30 horas har\u00e1n el pase\u00edllo <strong>El Mene, Mart\u00edn Morilla<\/strong> y<strong> Pedro Luis<\/strong>. Este el orden de lidia:<\/p>\n<p><a href=\"https:\/\/www.europesays.com\/es\/wp-content\/uploads\/2025\/10\/G2P9b3NXIAEi9s9.jpeg\"><img fetchpriority=\"high\" decoding=\"async\" class=\"alignnone wp-image-551401 size-full lazy\" src=\"https:\/\/www.europesays.com\/es\/wp-content\/uploads\/2025\/10\/G2P9b3NXIAEi9s9.jpeg\" alt=\"\" width=\"1024\" height=\"1280\"  data-\/><\/a><\/p>\n<blockquote class=\"twitter-tweet\" data-media-max-width=\"560\">\n<p dir=\"ltr\" lang=\"es\">\ud83c\udfa5 \ud835\uddd8\ud835\udde1 \ud835\udde9\ud835\udddc\u0301\ud835\uddd7\ud835\uddd8\ud835\udde2] Los \ud83d\udc02 novillos de \ud835\uddda\ud835\ude02\ud835\uddee\ud835\uddf1\ud835\uddee\ud835\uddf9\ud835\uddfa\ud835\uddf2\ud835\uddfb\ud835\uddee \u2764\ufe0f\ud83d\udc9b\u2764\ufe0f listos para el \u00faltimo festejo de la \ud835\udded\ud835\uddee\ud835\uddfd\ud835\uddee\ud835\ude01\ud835\uddfc \ud835\uddf1\ud835\uddf2 \ud835\udde2\ud835\uddff\ud835\uddfc \ud835\udfee\ud835\udfec\ud835\udfee\ud835\udff1 \ud83d\udc5e<\/p>\n<p>\u2694\ufe0f El Mene, Mart\u00edn Morilla y Pedro Luis<a href=\"https:\/\/twitter.com\/hashtag\/ZapatoDeOro?src=hash&amp;ref_src=twsrc%5Etfw\" rel=\"nofollow noopener\" target=\"_blank\">#ZapatoDeOro<\/a> <a href=\"https:\/\/t.co\/SdcLTsXY0I\" rel=\"nofollow\">pic.twitter.com\/SdcLTsXY0I<\/a><\/p>\n<p>\u2014 Club Taurino Arnedo (@clubtaurino) <a href=\"https:\/\/twitter.com\/clubtaurino\/status\/1973710952173539703?ref_src=twsrc%5Etfw\" rel=\"nofollow noopener\" target=\"_blank\">October 2, 2025<\/a><\/p>\n<\/blockquote>\n<p>\t\t\t<script async src=\"https:\/\/platform.twitter.com\/widgets.js\" charset=\"utf-8\"><\/script><\/p>\n","protected":false},"excerpt":{"rendered":"Ya se han sorteado y enchiquerado en la plaza de toros de Arnedo los novillos de Guadalmena que&hellip;\n","protected":false},"author":2,"featured_media":152645,"comment_status":"","ping_status":"","sticky":false,"template":"","format":"standard","meta":{"footnotes":""},"categories":[277],"tags":[45,29802,373,168,19177,25,24,46099,24272,46100,23,167,374,43683],"class_list":{"0":"post-152679","1":"post","2":"type-post","3":"status-publish","4":"format-standard","5":"has-post-thumbnail","7":"category-toreo","8":"tag-45","9":"tag-arnedo","10":"tag-bullfighting","11":"tag-deportes","12":"tag-el-mene","13":"tag-es","14":"tag-espana","15":"tag-gaudalmena","16":"tag-martin-morilla","17":"tag-pedro-luis","18":"tag-spain","19":"tag-sports","20":"tag-toreo","21":"tag-zapato-de-oro"},"share_on_mastodon":{"url":"","error":""},"_links":{"self":[{"href":"https:\/\/www.europesays.com\/es\/wp-json\/wp\/v2\/posts\/152679","targetHints":{"allow":["GET"]}}],"collection":[{"href":"https:\/\/www.europesays.com\/es\/wp-json\/wp\/v2\/posts"}],"about":[{"href":"https:\/\/www.europesays.com\/es\/wp-json\/wp\/v2\/types\/post"}],"author":[{"embeddable":true,"href":"https:\/\/www.europesays.com\/es\/wp-json\/wp\/v2\/users\/2"}],"replies":[{"embeddable":true,"href":"https:\/\/www.europesays.com\/es\/wp-json\/wp\/v2\/comments?post=152679"}],"version-history":[{"count":0,"href":"https:\/\/www.europesays.com\/es\/wp-json\/wp\/v2\/posts\/152679\/revisions"}],"wp:featuredmedia":[{"embeddable":true,"href":"https:\/\/www.europesays.com\/es\/wp-json\/wp\/v2\/media\/152645"}],"wp:attachment":[{"href":"https:\/\/www.europesays.com\/es\/wp-json\/wp\/v2\/media?parent=152679"}],"wp:term":[{"taxonomy":"category","embeddable":true,"href":"https:\/\/www.europesays.com\/es\/wp-json\/wp\/v2\/categories?post=152679"},{"taxonomy":"post_tag","embeddable":true,"href":"https:\/\/www.europesays.com\/es\/wp-json\/wp\/v2\/tags?post=152679"}],"curies":[{"name":"wp","href":"https:\/\/api.w.org\/{rel}","templated":true}]}}