{"id":152684,"date":"2025-10-02T12:13:13","date_gmt":"2025-10-02T12:13:13","guid":{"rendered":"https:\/\/www.europesays.com\/es\/152684\/"},"modified":"2025-10-02T12:13:13","modified_gmt":"2025-10-02T12:13:13","slug":"surne-bilbao-basket-martin-krampelj-tenemos-un-buen-equipo-creo-que-vamos-a-sorprender","status":"publish","type":"post","link":"https:\/\/www.europesays.com\/es\/152684\/","title":{"rendered":"SURNE BILBAO BASKET | Martin Krampelj: \u201cTenemos un buen equipo, creo que vamos a sorprender\u201d"},"content":{"rendered":"<p>\n        <a href=\"https:\/\/www.deia.eus\/bilbao-basket\/2025\/08\/04\/martin-krampelj-completa-plantilla-bilbao-basket-9947175.html\" title=\"Martin Krampelj fue el \u00faltimo fichaje del Surne Bilbao Basket este veran\" class=\"link copy\" rel=\"nofollow noopener\" target=\"_blank\">Martin Krampelj fue el \u00faltimo fichaje del Surne Bilbao Basket este veran<\/a>o, que busc\u00f3 en \u00e9l<strong> un jugador vers\u00e1til y con buenas facultades para elevar el tono f\u00edsico del juego interior<\/strong>. En el Eurobasket actu\u00f3 de cinco, pero puede mezclar con cualquier configuraci\u00f3n. <strong>\u201cEstoy c\u00f3modo en las dos posiciones, pero mi posici\u00f3n natural es la de cuatro. Pero estar\u00e9 contento de jugar donde me diga el entrenador, estoy aqu\u00ed para hacer lo que \u00e9l me pida\u201d<\/strong>, apunt\u00f3 el jugador balc\u00e1nico en su presentaci\u00f3n oficial. <strong>La lesi\u00f3n de Bagayoko le ha obligado a realizar las dos posiciones en pretemporada, lo que supone una exigencia en la adaptaci\u00f3n a un equipo al que se incorpor\u00f3 sobre la marcha. \u201cEstamos prepar\u00e1ndonos para eso. Si tengo que jugar de cinco, querr\u00e1 decir que puedo ser m\u00e1s r\u00e1pido en ataque y m\u00e1s agresivo en defensa<\/strong>\u201d, coment\u00f3. Esa versatilidad es algo que tambi\u00e9n ha buscado el club y \u201ces uno de los puntos fuertes que tiene este equipo, que todos podemos adaptarnos a la posici\u00f3n en la que el entrenador quiere utilizarnos\u201d.\n<\/p>\n<p class=\"article-body__text \">\n        <a href=\"https:\/\/www.deia.eus\/tags\/rafa-pueyo\/\" title=\"Rafa Pueyo\" class=\"link copy\" rel=\"nofollow noopener\" target=\"_blank\">Rafa Pueyo<\/a> expuso que <strong>la llegada de Krampelj a\u00f1ade recursos al equipo ya que \u201ctiene mucha experiencia y la posibilidad de jugar de cuatro y de cinco. Con nosotros, en teor\u00eda, viene a jugar m\u00e1s de ala-p\u00edvot. Tiene buen f\u00edsico y capacidad para defender varias posiciones y es capaz de aguantar a los exteriores en los cambios\u201d<\/strong>. El director deportivo a\u00f1adi\u00f3 las virtudes del esloveno en ataque:<strong> \u201cLe gusta acabar en mate en situaciones de corte y es un lanzador muy efectivo desde la l\u00ednea de tres.  Tambi\u00e9n corre muy bien la pista y ayuda en el rebote ofensivo\u201d. <\/strong>Y le puso deberes ya que <strong>\u201cvamos a necesitar que nos ayude en intimidaci\u00f3n y rebote. Necesitamos de \u00e9l que juegue con energ\u00eda. Ser\u00e1 un proceso, pero creo que lo va a hacer pronto. Cada d\u00eda mejora\u201d.<\/strong>\n<\/p>\n<p class=\"article-body__text \">\n        <strong>El propio Krampelj, que ha jugado en varias competiciones europeas y mundiales, incluso en la <\/strong><a href=\"https:\/\/www.deia.eus\/tags\/acb\/\" title=\"ACB\" class=\"link copy\" rel=\"nofollow noopener\" target=\"_blank\"><strong>ACB<\/strong><\/a><strong> reci\u00e9n salido de la universidad americana, solo pidi\u00f3 \u201cun poco de tiempo para adaptarme al nivel f\u00edsico de la Liga\u201d. <\/strong>Si todo encaja, las expectativas son altas. \u201cTenemos un equipo realmente bueno y vamos a sorprender a muchos equipos, sobre todo en casa. Tenemos que proteger nuestra cancha. Cuando tengamos asimilados todos los sistemas y todos entendamos nuestra funci\u00f3n seremos un equipo realmente bueno\u201d, asegur\u00f3.\n<\/p>\n<p>            <a href=\"https:\/\/www.deia.eus\/bilbao-basket\/2025\/04\/23\/surne-bilbao-basket-escala-olimpo-9552299.html\" title=\"El Surne Bilbao Basket escala al Olimpo de los campeones\" class=\"new__media\" rel=\"nofollow noopener\" target=\"_blank\"><\/p>\n<p>                <img alt=\"El Surne Bilbao Basket escala al Olimpo de los campeones\" data-src=\"https:\/\/www.europesays.com\/es\/wp-content\/uploads\/2025\/08\/629ce748-9406-472c-a286-c6f7e2377ea6_16-9-aspect-ratio_default_0.jpg\" class=\"lozad\"\/><\/p>\n<p>        <\/a><\/p>\n<p>        <a href=\"https:\/\/www.deia.eus\/bilbao-basket\/2025\/04\/23\/surne-bilbao-basket-escala-olimpo-9552299.html\" title=\"El Surne Bilbao Basket escala al Olimpo de los campeones\" class=\"new__headline\" rel=\"nofollow noopener\" target=\"_blank\"><br \/>\n            El Surne Bilbao Basket escala al Olimpo de los campeones<br \/>\n        <\/a><\/p>\n<p class=\"article-body__text \">\n        <strong>En la fase de preparaci\u00f3n del Eurobasket, Martin Krampelj coincidi\u00f3 con Zoran Dragic, uno de los hombres de negro que ya han pasado a la historia como campeones de la FIBA Europe Cup. \u201cMe dijo que disfrut\u00f3 de las dos competiciones aqu\u00ed. No esperaba acabar siendo campe\u00f3n de la FIBA Europe Cup, pero se hizo un gran trabajo y se consigui\u00f3 el t\u00edtulo.<\/strong> S\u00e9 que las expectativas de cara a este curso van a ser las mismas y daremos lo mejor de nosotros mismos para repetir y volver a conquistar el t\u00edtulo\u201d, concluy\u00f3 el ala-p\u00edvot balc\u00e1nico.<\/p>\n","protected":false},"excerpt":{"rendered":"Martin Krampelj fue el \u00faltimo fichaje del Surne Bilbao Basket este verano, que busc\u00f3 en \u00e9l un jugador&hellip;\n","protected":false},"author":2,"featured_media":152685,"comment_status":"","ping_status":"","sticky":false,"template":"","format":"standard","meta":{"footnotes":""},"categories":[269],"tags":[299,1918,298,2601,5436,168,622,25,24,378,13908,1730,23,167,40205],"class_list":{"0":"post-152684","1":"post","2":"type-post","3":"status-publish","4":"format-standard","5":"has-post-thumbnail","7":"category-baloncesto","8":"tag-baloncesto","9":"tag-basket","10":"tag-basketball","11":"tag-bilbao","12":"tag-buen","13":"tag-deportes","14":"tag-equipo","15":"tag-es","16":"tag-espana","17":"tag-jugador","18":"tag-krampelj","19":"tag-martin","20":"tag-spain","21":"tag-sports","22":"tag-surne"},"share_on_mastodon":{"url":"","error":""},"_links":{"self":[{"href":"https:\/\/www.europesays.com\/es\/wp-json\/wp\/v2\/posts\/152684","targetHints":{"allow":["GET"]}}],"collection":[{"href":"https:\/\/www.europesays.com\/es\/wp-json\/wp\/v2\/posts"}],"about":[{"href":"https:\/\/www.europesays.com\/es\/wp-json\/wp\/v2\/types\/post"}],"author":[{"embeddable":true,"href":"https:\/\/www.europesays.com\/es\/wp-json\/wp\/v2\/users\/2"}],"replies":[{"embeddable":true,"href":"https:\/\/www.europesays.com\/es\/wp-json\/wp\/v2\/comments?post=152684"}],"version-history":[{"count":0,"href":"https:\/\/www.europesays.com\/es\/wp-json\/wp\/v2\/posts\/152684\/revisions"}],"wp:featuredmedia":[{"embeddable":true,"href":"https:\/\/www.europesays.com\/es\/wp-json\/wp\/v2\/media\/152685"}],"wp:attachment":[{"href":"https:\/\/www.europesays.com\/es\/wp-json\/wp\/v2\/media?parent=152684"}],"wp:term":[{"taxonomy":"category","embeddable":true,"href":"https:\/\/www.europesays.com\/es\/wp-json\/wp\/v2\/categories?post=152684"},{"taxonomy":"post_tag","embeddable":true,"href":"https:\/\/www.europesays.com\/es\/wp-json\/wp\/v2\/tags?post=152684"}],"curies":[{"name":"wp","href":"https:\/\/api.w.org\/{rel}","templated":true}]}}