{"id":152688,"date":"2025-10-02T12:15:11","date_gmt":"2025-10-02T12:15:11","guid":{"rendered":"https:\/\/www.europesays.com\/es\/152688\/"},"modified":"2025-10-02T12:15:11","modified_gmt":"2025-10-02T12:15:11","slug":"que-fue-de-natalia-tena-la-actriz-espanola-que-destaco-en-harry-potter-y-juego-de-tronos","status":"publish","type":"post","link":"https:\/\/www.europesays.com\/es\/152688\/","title":{"rendered":"Qu\u00e9 fue de Natalia Tena, la actriz espa\u00f1ola que destac\u00f3 en \u2018Harry Potter\u2019 y \u2018Juego de Tronos\u2019"},"content":{"rendered":"<p class=\"\">Puede que \u2018Harry Potter\u2019 y \u2018Juego de Tronos\u2019 sean dos de las sagas m\u00e1s trascendentes de la historia del cine. Una a nivel televisiva, la otra en la gran pantalla, lo cierto es que las dos llevan detr\u00e1s de s\u00ed una<b> gran suma de fan\u00e1ticos completamente enamorados tanto de las tramas como de los personajes. <\/b><\/p>\n<p class=\"\">Pocos actores tuvieron la suerte de estar en los dos trabajos a la vez. David Bradley fue conserje de Hogwarts dando vida a Argus Filch e hizo estallar las relaciones en el Norte como Walder Frey; Albus Dumbledore fue Mance Rayder y Catelyn Stark era la madre de Hermione. <b>Hubo, tambi\u00e9n, alg\u00fan que otro que ejerci\u00f3 como secundario en las dos tramas. <\/b><\/p>\n<p class=\"\">En esta prestigiosa lista no podemos evitar incluir a una actriz espa\u00f1ola, la \u00fanica de las dos representantes nacionales que Espa\u00f1a tuvo en \u2018Juego de Tronos\u2019. Natalia Tena, quien ya antes hab\u00eda dado vida a Tonks en \u2018Harry Potter\u2019, interpret\u00f3 a Osha en la serie de HBO. Aunque nacida en Londres, <b>el v\u00ednculo de Tena con Espa\u00f1a es tan grande que ella misma se define como \u201cespa\u00f1ola\u201d. <\/b><\/p>\n<p class=\"\">De madre extreme\u00f1a y padre vasco, Tena se crio en Londres, donde empez\u00f3 a forjar su carrera profesional. En el metro de Londres empez\u00f3 como m\u00fasica y con tan solo 18 a\u00f1os ya tocaba el piano y el acorde\u00f3n.<b> En el cine, sus primeros papeles llegaron con la entrada del nuevo siglo hasta que, en 2007, salta a la fama por su trabajo en las adaptaciones de la novela de J. K. Rowling. <\/b><\/p>\n<p class=\"\">Con el paso de los a\u00f1os, aunque no ha perdido su estatus a nivel internacional, Tena ha hecho numerosos trabajos en espa\u00f1ol. \u2018amar\u2019, \u2018Tierra firme\u2019 o \u2018El hoyo 2\u2019 son algunos de ellos. Por \u201810.000 km\u2019 estuvo incluso nominada al Premio Goya a \u2018Mejor actriz revelaci\u00f3n\u2019, aunque no pudo ganarlo. <b>S\u00ed recibi\u00f3, en cambio, el premio \u2018Extreme\u00f1os de HOY\u2019 o la Biznaga de Oro del Festival de M\u00e1laga. <\/b><\/p>\n<p>Vida personal <\/p>\n<p class=\"\">Poco o nada se sabe de la vida personal de Tena, m\u00e1s all\u00e1 de que hace a\u00f1os mantuvo una relaci\u00f3n sentimental con el violinista de la banda de m\u00fasica en la que tocaba, Molotov Jukebox, Sam Appley.<b> En una entrevista en 2014 cont\u00f3 que su sue\u00f1o de aquel momento era \u201cpasar tres d\u00edas en Los Cabos desnuda y mirando el mar\u201d. <\/b> <\/p>\n<p>Noticias relacionadas<a href=\"https:\/\/as.com\/tikitakas\/famosos\/hafthor-bjornsson-la-montana-en-juego-de-tronos-rompe-su-propio-record-en-peso-muerto-con-510-kilos-que-facil-me-parecio-n\/\" class=\"s_m_w\" title=\"El actor y atleta ha hecho historia al convertirse en la primera persona en levantar ese peso, llev\u00e1ndose por ello 100.000 d\u00f3lares.\" data-tb-link=\"\" rel=\"nofollow noopener\" target=\"_blank\"><img decoding=\"async\" src=\"https:\/\/www.europesays.com\/es\/wp-content\/uploads\/2025\/10\/LDD2MH7JBVDGRDEP7EN32QXSCI.png\" alt=\"Hafthor Bj\u00f6rnsson, La Monta\u00f1a en \u2018Juego de Tronos\u2019, rompe su propio r\u00e9cord en peso muerto con 510 kilos: \u201cQu\u00e9 f\u00e1cil me pareci\u00f3\u201d\" class=\"\" height=\"1\" width=\"1\"   loading=\"lazy\" data-tb-thumbnail=\"\"\/><\/a><a href=\"https:\/\/as.com\/tikitakas\/famosos\/el-viral-incidente-de-nikolaj-coster-waldau-jaime-lannister-en-juego-de-tronos-en-un-aeropuerto-un-gran-problema-n\/\" class=\"s_m_w\" title=\"El int\u00e9rprete se dirigi\u00f3 a la aerol\u00ednea LATAM Airlines para comunicar su problema, recibiendo una agradable sorpresa por parte de la aerol\u00ednea.\" data-tb-link=\"\" rel=\"nofollow noopener\" target=\"_blank\"><img decoding=\"async\" src=\"https:\/\/www.europesays.com\/es\/wp-content\/uploads\/2025\/10\/L57EG5XGLZNMDABAQEZCGTI5ZQ.jpg\" alt=\"El viral incidente de Nikolaj Coster-Waldau, Jaime Lannister en \u2018Juego de tronos\u2019, en un aeropuerto: \u201cUn gran problema\u201d\" class=\"\" height=\"1\" width=\"1\"   loading=\"lazy\" data-tb-thumbnail=\"\"\/><\/a><\/p>\n<p class=\"\">S\u00ed es p\u00fablico que sigue manteniendo una relaci\u00f3n intensa con Espa\u00f1a y que, de vez en cuando, vuelve a su pa\u00eds de origen. De hecho, hace unos d\u00edas comparti\u00f3 en su cuenta de <b>Instagram una fotograf\u00eda anunciando la muerte de su madre, Mar\u00eda Dolores Tena, a los 70 a\u00f1os. <\/b><\/p>\n<p class=\"\"><b>\u00a1Tus opiniones importan!<\/b> Comenta en los art\u00edculos y suscr\u00edbete gratis a nuestra <a href=\"https:\/\/asfan.as.com\/newsletters\/\" target=\"_blank\" rel=\"nofollow noopener\" title=\"https:\/\/asfan.as.com\/newsletters\/\">newsletter<\/a> y a las alertas informativas en la <a href=\"https:\/\/as.com\/aplicacion-de-as-n\/\" target=\"_blank\" rel=\"nofollow noopener\" title=\"https:\/\/as.com\/aplicacion-de-as-n\/\">App<\/a> o el canal de <a href=\"https:\/\/www.whatsapp.com\/channel\/0029VaAasdA7j6g745nz9M10\" target=\"_blank\" rel=\"nofollow noopener\" title=\"https:\/\/www.whatsapp.com\/channel\/0029VaAasdA7j6g745nz9M10\">WhatsApp<\/a>. \u00bfBuscas licenciar contenido? Haz clic <a href=\"https:\/\/profesional.elpais.com\/soluciones-sindicacion?utm_medium=interno&amp;utm_source=crosslinking&amp;utm_campaign=sindicacion_as_pie_articulos\" target=\"_blank\" rel=\"nofollow noopener\" title=\"https:\/\/profesional.elpais.com\/soluciones-sindicacion?utm_medium=interno&amp;utm_source=crosslinking&amp;utm_campaign=sindicacion_as_pie_articulos\">aqu\u00ed<\/a><\/p>\n","protected":false},"excerpt":{"rendered":"Puede que \u2018Harry Potter\u2019 y \u2018Juego de Tronos\u2019 sean dos de las sagas m\u00e1s trascendentes de la historia&hellip;\n","protected":false},"author":2,"featured_media":152689,"comment_status":"","ping_status":"","sticky":false,"template":"","format":"standard","meta":{"footnotes":""},"categories":[174],"tags":[255,146,147,25,24,256,23],"class_list":{"0":"post-152688","1":"post","2":"type-post","3":"status-publish","4":"format-standard","5":"has-post-thumbnail","7":"category-famosos","8":"tag-celebrities","9":"tag-entertainment","10":"tag-entretenimiento","11":"tag-es","12":"tag-espana","13":"tag-famosos","14":"tag-spain"},"share_on_mastodon":{"url":"","error":""},"_links":{"self":[{"href":"https:\/\/www.europesays.com\/es\/wp-json\/wp\/v2\/posts\/152688","targetHints":{"allow":["GET"]}}],"collection":[{"href":"https:\/\/www.europesays.com\/es\/wp-json\/wp\/v2\/posts"}],"about":[{"href":"https:\/\/www.europesays.com\/es\/wp-json\/wp\/v2\/types\/post"}],"author":[{"embeddable":true,"href":"https:\/\/www.europesays.com\/es\/wp-json\/wp\/v2\/users\/2"}],"replies":[{"embeddable":true,"href":"https:\/\/www.europesays.com\/es\/wp-json\/wp\/v2\/comments?post=152688"}],"version-history":[{"count":0,"href":"https:\/\/www.europesays.com\/es\/wp-json\/wp\/v2\/posts\/152688\/revisions"}],"wp:featuredmedia":[{"embeddable":true,"href":"https:\/\/www.europesays.com\/es\/wp-json\/wp\/v2\/media\/152689"}],"wp:attachment":[{"href":"https:\/\/www.europesays.com\/es\/wp-json\/wp\/v2\/media?parent=152688"}],"wp:term":[{"taxonomy":"category","embeddable":true,"href":"https:\/\/www.europesays.com\/es\/wp-json\/wp\/v2\/categories?post=152688"},{"taxonomy":"post_tag","embeddable":true,"href":"https:\/\/www.europesays.com\/es\/wp-json\/wp\/v2\/tags?post=152688"}],"curies":[{"name":"wp","href":"https:\/\/api.w.org\/{rel}","templated":true}]}}