{"id":15269,"date":"2025-07-31T02:19:09","date_gmt":"2025-07-31T02:19:09","guid":{"rendered":"https:\/\/www.europesays.com\/es\/15269\/"},"modified":"2025-07-31T02:19:09","modified_gmt":"2025-07-31T02:19:09","slug":"harrison-ford-se-retirara-de-la-actuacion-esto-respondio-la-estrella-de-hollywood","status":"publish","type":"post","link":"https:\/\/www.europesays.com\/es\/15269\/","title":{"rendered":"\u00bfHarrison Ford se retirar\u00e1 de la actuaci\u00f3n? Esto respondi\u00f3 la estrella de Hollywood"},"content":{"rendered":"<p><img alt=\"Harrison Ford reflexion\u00f3 sobre el\" class=\"global-image\" decoding=\"async\" fetchpriority=\"high\" height=\"1080\" loading=\"eager\" src=\"https:\/\/www.europesays.com\/es\/wp-content\/uploads\/2025\/07\/52QBZVJJZNCBXK32BLD5ULQ3LM.jpg\" width=\"1920\"\/>Harrison Ford reflexion\u00f3 sobre el futuro de su carrera a los 83 a\u00f1os. (REUTERS\/Mario Anzuoni)<\/p>\n<p class=\"paragraph\">En una reciente entrevista con la revista Variety, <b>Harrison Ford<\/b> habl\u00f3 sobre si ha pensado retirarse pronto de la industria cinematogr\u00e1fica y dej\u00f3 en claro que la jubilaci\u00f3n no est\u00e1 en sus planes cercanos. <\/p>\n<p class=\"paragraph\">\u201cNo. Una de las cosas que me pareci\u00f3 atractiva del trabajo de actor fue que <b>tambi\u00e9n necesitan personas mayores para interpretar papeles de personas mayores<\/b>\u201d, declar\u00f3.<\/p>\n<p class=\"paragraph\">El actor de 83 a\u00f1os que ha protagonizado m\u00e1s de 60 pel\u00edculas a lo largo de cinco d\u00e9cadas, sabe c\u00f3mo mantenerse vigente en una industria que suele tener memoria corta.<\/p>\n<p><img alt=\"Harrison Ford  afirm\u00f3 que\" class=\"global-image\" decoding=\"async\" fetchpriority=\"low\" height=\"5000\" loading=\"lazy\" src=\"https:\/\/www.europesays.com\/es\/wp-content\/uploads\/2025\/07\/O2KS3KGIH5GLXLEOK4GPN6BSXU.jpg\" width=\"3335\"\/>Harrison Ford  afirm\u00f3 que el retiro no est\u00e1 en sus planes pr\u00f3ximos. (REUTERS\/Etienne Laurent)<\/p>\n<p class=\"paragraph\">Sus papeles ic\u00f3nicos como Han Solo en Star Wars y el arque\u00f3logo Indiana Jones le dieron fama mundial, pero es su pasi\u00f3n continua por el oficio lo que hoy lo mantiene activo y nominado por primera vez al Emmy, gracias a su papel en la serie <b>Shrinking<\/b><b> <\/b>de Apple TV+.<\/p>\n<p class=\"paragraph\">Asimismo, en la conversaci\u00f3n con Variety, Ford reflexion\u00f3 sobre algunos momentos recientes de su carrera, incluyendo su participaci\u00f3n en Blade Runner 2049 (2017), secuela del cl\u00e1sico de ciencia ficci\u00f3n que protagoniz\u00f3 en 1982.<\/p>\n<p class=\"paragraph\">Durante el rodaje, vivi\u00f3 un percance con su coprotagonista <b>Ryan Gosling, <\/b>mientras ensayaban una pelea. \u201cNos acercamos demasiado y<b> lo golpe\u00e9. Me disculp\u00e9 de inmediato. \u00bfQu\u00e9 m\u00e1s pod\u00eda hacer? <\/b>No puedo contener un golpe. Simplemente lo aguanto\u201d, record\u00f3. <\/p>\n<p><img alt=\"Harrison Ford golpe\u00f3 accidentalmente a\" class=\"global-image\" decoding=\"async\" fetchpriority=\"low\" height=\"600\" loading=\"lazy\" src=\"https:\/\/www.europesays.com\/es\/wp-content\/uploads\/2025\/07\/57QSYDUDYRAJ3N76SEDJL3F2QA.webp\" width=\"1200\"\/>Harrison Ford golpe\u00f3 accidentalmente a Ryan Gosling mientras ensayaban una pelea para \u00abBlade Runner\u00bb. (Captura de pantalla)<\/p>\n<p class=\"paragraph\">M\u00e1s all\u00e1 del cine de acci\u00f3n y ciencia ficci\u00f3n, <b>Harrison Ford<\/b> ha demostrado su versatilidad en otros g\u00e9neros. Su trabajo en Shrinking, donde interpreta a un terapeuta con una mirada mordaz pero humana, le ha valido reconocimiento de cr\u00edtica y p\u00fablico.<\/p>\n<p class=\"paragraph\">La serie acaba de cerrar su tercera temporada, y el artista se mostr\u00f3 visiblemente emocionado en un discurso compartido por Apple TV+ en redes sociales.<\/p>\n<p class=\"paragraph\">\u201cSon los mejores. Los mejores en lo que hacen y c\u00f3mo lo hacen. Y <b>c\u00f3mo hacen sentir a la gente es simplemente incre\u00edble<\/b>\u201d, dijo con l\u00e1grimas en los ojos, refiri\u00e9ndose al elenco y equipo t\u00e9cnico.<\/p>\n<p class=\"paragraph\">Y a\u00f1adi\u00f3 con entusiasmo: \u201cMe encanta este lugar<b>. Me encanta trabajar con ustedes. Espero que podamos volver y repetirlo<\/b>\u201d.<\/p>\n<p><img alt=\"Harrison Ford se mostr\u00f3 agradecido\" class=\"global-image\" decoding=\"async\" fetchpriority=\"low\" height=\"388\" loading=\"lazy\" src=\"https:\/\/www.europesays.com\/es\/wp-content\/uploads\/2025\/07\/6AFE5WHRW5GLHCFSUGAY3BSVPA.jpeg\" width=\"962\"\/>Harrison Ford se mostr\u00f3 agradecido por ser parte de Shrinking. (Instagram)<\/p>\n<p class=\"paragraph\">A pesar de su edad, la estrella de Hollywood evita sentimentalismos cuando habla de su trayectoria. Para \u00e9l, no hay nostalgia innecesaria ni grandes discursos de despedida. Solo una convicci\u00f3n tranquila de que, mientras haya historias por contar y personajes por interpretar, \u00e9l seguir\u00e1 presente. <\/p>\n<p class=\"paragraph\">Con una carrera que abarca desde la ciencia ficci\u00f3n hasta el drama, pasando por la aventura cl\u00e1sica y la televisi\u00f3n contempor\u00e1nea, <b>Harrison Ford <\/b>demuestra que el paso del tiempo no es obst\u00e1culo para seguir evolucionando. <\/p>\n<p class=\"paragraph\"><b>Harrison Ford<\/b> no parece estar demasiado preocupado por el fracaso de Indiana Jones and the Dial of Destiny en taquilla.<\/p>\n<p class=\"paragraph\">Su quinta y \u00faltima interpretaci\u00f3n del ic\u00f3nico arque\u00f3logo se estren\u00f3 en los cines en el verano de 2023 y caus\u00f3 una p\u00e9rdida estimada de 130 millones de d\u00f3lares para Disney, ya que su recaudaci\u00f3n global no logr\u00f3 alcanzar los 400 millones de d\u00f3lares.<\/p>\n<p><img alt=\"Harrison Ford asegur\u00f3 que est\u00e1\" class=\"global-image\" decoding=\"async\" fetchpriority=\"low\" height=\"560\" loading=\"lazy\" src=\"https:\/\/www.europesays.com\/es\/wp-content\/uploads\/2025\/07\/KZ2IDVNOUZEZ3KPPLANMGO4BXM.jpg\" width=\"1063\"\/>Harrison Ford asegur\u00f3 que est\u00e1 satisfecho con la \u00faltima cinta de Indiana Jones.<br \/>\n(escena de Indiana Jones)<\/p>\n<p class=\"paragraph\">Sin embargo, en una entrevista con The Wall Street Journal Magazine, el actor le rest\u00f3 importancia a la decepci\u00f3n al decir que \u201clas cosas pasan\u201d y asegur\u00f3 que est\u00e1 muy satisfecho con lo expresado en pantalla para este ic\u00f3nico personaje.<\/p>\n<p class=\"paragraph\">\u201cPasan cosas malas. Yo era el que sent\u00eda que hab\u00eda otra historia que contar. Cuando [Indy] sufri\u00f3 las consecuencias de la vida que le toc\u00f3 vivir, <b>quise una oportunidad m\u00e1s para levantarlo<\/b>, sacudirle el polvo del trasero<b> <\/b>y dejarlo ah\u00ed, sin parte de su vigor, para ver qu\u00e9 pasaba. <b>A\u00fan estoy feliz de haber hecho esa pel\u00edcula<\/b>\u201d, se\u00f1al\u00f3.<\/p>\n","protected":false},"excerpt":{"rendered":"Harrison Ford reflexion\u00f3 sobre el futuro de su carrera a los 83 a\u00f1os. (REUTERS\/Mario Anzuoni) En una reciente&hellip;\n","protected":false},"author":2,"featured_media":15270,"comment_status":"","ping_status":"","sticky":false,"template":"","format":"standard","meta":{"footnotes":""},"categories":[169],"tags":[3118,177,146,147,25,24,176,3691,175,3119,23],"class_list":{"0":"post-15269","1":"post","2":"type-post","3":"status-publish","4":"format-standard","5":"has-post-thumbnail","7":"category-cine","8":"tag-arts-culture-entertainment","9":"tag-cine","10":"tag-entertainment","11":"tag-entretenimiento","12":"tag-es","13":"tag-espana","14":"tag-film","15":"tag-los-angeles","16":"tag-movies","17":"tag-north-america","18":"tag-spain"},"share_on_mastodon":{"url":"","error":""},"_links":{"self":[{"href":"https:\/\/www.europesays.com\/es\/wp-json\/wp\/v2\/posts\/15269","targetHints":{"allow":["GET"]}}],"collection":[{"href":"https:\/\/www.europesays.com\/es\/wp-json\/wp\/v2\/posts"}],"about":[{"href":"https:\/\/www.europesays.com\/es\/wp-json\/wp\/v2\/types\/post"}],"author":[{"embeddable":true,"href":"https:\/\/www.europesays.com\/es\/wp-json\/wp\/v2\/users\/2"}],"replies":[{"embeddable":true,"href":"https:\/\/www.europesays.com\/es\/wp-json\/wp\/v2\/comments?post=15269"}],"version-history":[{"count":0,"href":"https:\/\/www.europesays.com\/es\/wp-json\/wp\/v2\/posts\/15269\/revisions"}],"wp:featuredmedia":[{"embeddable":true,"href":"https:\/\/www.europesays.com\/es\/wp-json\/wp\/v2\/media\/15270"}],"wp:attachment":[{"href":"https:\/\/www.europesays.com\/es\/wp-json\/wp\/v2\/media?parent=15269"}],"wp:term":[{"taxonomy":"category","embeddable":true,"href":"https:\/\/www.europesays.com\/es\/wp-json\/wp\/v2\/categories?post=15269"},{"taxonomy":"post_tag","embeddable":true,"href":"https:\/\/www.europesays.com\/es\/wp-json\/wp\/v2\/tags?post=15269"}],"curies":[{"name":"wp","href":"https:\/\/api.w.org\/{rel}","templated":true}]}}