{"id":152690,"date":"2025-10-02T12:20:17","date_gmt":"2025-10-02T12:20:17","guid":{"rendered":"https:\/\/www.europesays.com\/es\/152690\/"},"modified":"2025-10-02T12:20:17","modified_gmt":"2025-10-02T12:20:17","slug":"asi-es-el-padre-de-gabriel-guevara-el-protagonista-de-culpa-nuestra-la-pelicula-de-prime-video-que-finaliza-la-trilogia-de-mercedes-ron","status":"publish","type":"post","link":"https:\/\/www.europesays.com\/es\/152690\/","title":{"rendered":"As\u00ed es el padre de Gabriel Guevara, el protagonista de &#8216;Culpa Nuestra&#8217;, la pel\u00edcula de Prime Video que finaliza la trilog\u00eda de Mercedes Ron"},"content":{"rendered":"<p data-journey-content=\"true\" data-node-id=\"3\" class=\"css-6wxqfj emevuu60\"><strong data-node-id=\"3.0\">Gabriel Guevara es uno de los actores espa\u00f1oles con m\u00e1s proyecci\u00f3n.<\/strong> Este 1 de octubre, <strong data-node-id=\"3.2\">el joven ha estado en Ibiza para acudir a &#8216;Culpa Nuestra: Fiesta blanca&#8217;<\/strong> el espectacular evento con el que <a href=\"https:\/\/www.diezminutos.es\/amazon-prime-video-series-peliculas-documentales\/\" target=\"_blank\" data-vars-ga-outbound-link=\"https:\/\/www.diezminutos.es\/amazon-prime-video-series-peliculas-documentales\/\" data-vars-ga-ux-element=\"Hyperlink\" data-vars-ga-call-to-action=\"Prime Video\" data-node-id=\"3.4\" class=\"body-link css-177bzfx emevuu60\" rel=\"nofollow noopener\">Prime Video<\/a> ha celebrado el pr\u00f3ximo <a href=\"https:\/\/www.diezminutos.es\/teleprograma\/series-tv\/a66062240\/culpa-nuestra-marta-hazas-desenlace-saga-mercedes-ron-prime-video\/\" target=\"_blank\" data-vars-ga-outbound-link=\"https:\/\/www.diezminutos.es\/teleprograma\/series-tv\/a66062240\/culpa-nuestra-marta-hazas-desenlace-saga-mercedes-ron-prime-video\/\" data-vars-ga-ux-element=\"Hyperlink\" data-vars-ga-call-to-action=\"estreno de &#039;Culpa Nuestra&#039;\" data-node-id=\"3.6\" class=\"body-link css-177bzfx emevuu60\" rel=\"nofollow noopener\">estreno de &#8216;Culpa Nuestra&#8217;<\/a>, la pel\u00edcula que cierra la trilog\u00eda &#8216;Culpable&#8217; basada en los libros de Mercedes Ron, y que llega a la plataforma este 16 de octubre. Los protagonistas del filme, Gabriel Guevara y Nicole Wallace, estuvieron acompa\u00f1ados por todo el elenco &#8216;culpable&#8217; entre el que se encontraba Marta Hazas, Iv\u00e1n S\u00e1nchez y Goya Toledo. <\/p>\n<p data-journey-content=\"true\" data-node-id=\"6\" class=\"css-6wxqfj emevuu60\"><strong data-node-id=\"6.0\">Gabriel Guevara cumpli\u00f3 con el &#8216;dress code&#8217; y escogi\u00f3 un total look en color blanco<\/strong> y habl\u00f3 de lo que <strong data-node-id=\"6.2\">hab\u00eda aprendido de la trilog\u00eda &#8216;Culpables&#8217; basada en las tres novelas de Mercedes Ron que puedes conseguir en Amazon <\/strong>para descubrir m\u00e1s detalles de la historia de Nick, al que da vida Gabriel, y Noah, que interpreta Nicole Wallace. \u00abMuchas cosas porque este proyecto me ha lanzado, este proyecto me ha acunado, me ha protegido, me han cuidado, o sea, yo estoy encantado con este proyecto\u00bb.<\/p>\n<p>EDICIONES B Trilog\u00eda Culpables<\/p>\n<p><a target=\"_blank\" rel=\"nofollow noopener\" data-theme-key=\"product-image-wrapper\" href=\"https:\/\/www.amazon.es\/dp\/8413143640?tag=diezminutosspain-21\" aria-label=\"34\u00a0\u20ac en Amazon for Trilog\u00eda Culpables\" data-href=\"https:\/\/www.amazon.es\/dp\/8413143640\" data-product-url=\"https:\/\/www.amazon.es\/dp\/8413143640\" data-affiliate=\"true\" data-affiliate-url=\"https:\/\/www.amazon.es\/dp\/8413143640?tag=diezminutosspain-21\" data-affiliate-network=\"{&quot;site_id&quot;:&quot;b22e688a-7e22-416b-81d8-c6bfbd6717c5&quot;,&quot;metadata&quot;:{&quot;links&quot;:{&quot;default&quot;:&quot;https:\/\/www.amazon.es\/dp\/8413143640?tag=diezminutosspain-21&quot;}},&quot;network&quot;:{&quot;name&quot;:&quot;Amazon&quot;},&quot;product_metadata&quot;:null,&quot;afflink_redirect&quot;:&quot;\/_p\/afflink\/yM0I\/amazon-trilogia-culpabl-culpabl-ficcion&quot;}\" data-vars-ga-call-to-action=\"34\u00a0\u20ac en Amazon\" data-vars-ga-media-role=\"\" data-vars-ga-media-type=\"Single Product Embed\" data-vars-ga-outbound-link=\"https:\/\/www.amazon.es\/dp\/8413143640\" data-vars-ga-product-brand=\"EDICIONES B\" data-vars-ga-product-id=\"2a2a9eda-c4f1-4396-920c-b1c92a9703c1\" data-vars-ga-product-price=\"34,06\u00a0\u20ac\" data-vars-ga-product-retailer-id=\"1ad1d61b-aeab-4edc-b34b-d1f53be77da2\" data-vars-ga-product-sem3-brand=\"EDICIONES B\" data-vars-ga-product-sem3-category=\"Europe\" data-vars-ga-link-treatment=\"(not set) | (not set)\" data-vars-ga-sku=\"8413143640\" data-vars-ga-magento-tracking=\"1\" class=\"product-image-link ebgq4gw2 e1b8bpvs0 css-1b9n4r1 e1c1bym14\"><img  alt=\"Trilog\u00eda Culpables\" title=\"Trilog\u00eda Culpables\" src=\"https:\/\/www.europesays.com\/es\/wp-content\/uploads\/2025\/10\/1689926217-71n1ncKjAYL.jpg\" width=\"2000\" height=\"2246\" decoding=\"async\" loading=\"lazy\"\/><\/a><\/p>\n<p data-journey-content=\"true\" data-node-id=\"9\" class=\"css-6wxqfj emevuu60\">En &#8216;Culpa Nuestra: Fiesta blanca&#8217; celebrada en Ibiza, Gabriel Guevara habl\u00f3 del apoyo de sus padres, Marlene Mourreau y Michel Guevara, a su carrera. \u00abLes encanta, les encanta que yo est\u00e9 aqu\u00ed promocionando mis cosas, o sea, me apoyan much\u00edsimo, est\u00e1n ah\u00ed a full, o sea, que yo he encantado de que me apoyen tanto, son los mejores\u00bb explic\u00f3 y, para muestra un bot\u00f3n, porque <strong data-node-id=\"9.1\">su padre, Michel Guevara, estaba con \u00e9l en la fiesta en Ibiza y demostraron mucha complicidad. <\/strong><\/p>\n<p><img draggable=\"true\" alt=\"gabriel guevara en el photocall de 'culpa nuestra fiesta blanca' en ibiza\" title=\"Gabriel Guevara\" loading=\"lazy\" width=\"3000\" height=\"4500\" decoding=\"async\" data-nimg=\"1\" style=\"color:transparent;width:100%;height:auto;\"   src=\"https:\/\/www.europesays.com\/es\/wp-content\/uploads\/2025\/10\/gabriel-guevara-presentacion-culpa-nuestra-ibiza-68de40f95365f.jpg\" class=\"css-0 e1g79fud0\"\/><\/p>\n<p>Gtres<\/p>\n<p><img draggable=\"true\" alt=\"gabriel guevara y su padre michel guevara en una fiesta en ibiza\" title=\"Gabriel Guevara y su padre Michel Guevara en una fiesta en Ibiza\" loading=\"lazy\" width=\"3000\" height=\"2225\" decoding=\"async\" data-nimg=\"1\" style=\"color:transparent;width:100%;height:auto;\"   src=\"https:\/\/www.europesays.com\/es\/wp-content\/uploads\/2025\/10\/gabriel-guevara-padre-michel-ibiza-68de412d2d5a2.jpg\" class=\"css-0 e1g79fud0\"\/><\/p>\n<p>Europa Press<\/p>\n<p>As\u00ed es Michel Guevara, el bailar\u00edn y core\u00f3grafo de origen cubano padre de Gabriel Guevara<br data-node-id=\"14.1\"\/><\/p>\n<p data-journey-content=\"true\" data-node-id=\"16\" class=\"css-6wxqfj emevuu60\"><strong data-node-id=\"16.0\">Sabemos casi todo de Marlene Mourreau, la madre de Gabriel Guevara, pero \u00bfqui\u00e9n es Michel Guevara, su padre?<\/strong> El actor est\u00e1 muy unido a su progenitor y, siempre que su profesi\u00f3n se lo permite, <strong data-node-id=\"16.2\">es un bailar\u00edn profesional con m\u00e1s de 30 a\u00f1os de experiencia, core\u00f3grafo y profesor de baile,<\/strong> le acompa\u00f1a a sus eventos. As\u00ed lo hizo el pasado septiembre en el FesTVal 2025 de Vitoria donde Gabriel present\u00f3 su <a href=\"https:\/\/www.diezminutos.es\/teleprograma\/series-tv\/a66010497\/mar-afuera-serie-reparto-atresplayer-gabriel-guevara\/\" target=\"_blank\" data-vars-ga-outbound-link=\"https:\/\/www.diezminutos.es\/teleprograma\/series-tv\/a66010497\/mar-afuera-serie-reparto-atresplayer-gabriel-guevara\/\" data-vars-ga-ux-element=\"Hyperlink\" data-vars-ga-call-to-action=\"nueva serie &#039;Mar afuera&#039;\" data-node-id=\"16.4\" class=\"body-link css-177bzfx emevuu60\" rel=\"nofollow noopener\">nueva serie &#8216;Mar afuera&#8217;<\/a> de Atresplayer aunque, como en Ibiza, no posaron juntos para los medios pero Michel si estaba entre bambalinas arropando a su hijo como podemos ver en la imagen inferior.<\/p>\n<p><img draggable=\"true\" alt=\"michel guevara, padre de gabriel guevara, en la presentacion de la serie 'mar afuera' en vitoria\" title=\"Michel Guevara\" loading=\"lazy\" width=\"3000\" height=\"6488\" decoding=\"async\" data-nimg=\"1\" style=\"color:transparent;width:100%;height:auto;\"   src=\"https:\/\/www.europesays.com\/es\/wp-content\/uploads\/2025\/10\/michel-guevara-festval-2025-68de4296d9c5b.jpg\" class=\"css-0 e1g79fud0\"\/><\/p>\n<p>Gtres\u200b<\/p>\n<p data-journey-content=\"true\" data-node-id=\"19\" class=\"css-6wxqfj emevuu60\">\u00abMi padre siempre me ha dicho disfruta, p\u00e1satelo bien, no conf\u00edes en nadie y s\u00e9 un aut\u00e9ntico profesional siempre\u00bb cont\u00f3 Gabriel Guevara en Risbel Magazine en 2023 que le dijo su padre cuando quiso dedicarse a la Interpretaci\u00f3n. La relaci\u00f3n entre el actor y su padre es muy estrecha y, en ocasiones,<strong data-node-id=\"19.1\"> comparte algunos de sus encuentros en sus redes sociales como, hace unos meses, de los dos jugando a la consola.<\/strong> \u00abEnse\u00f1ando a mi padre a jugar al Fifa\u00bb, escribi\u00f3 junto al v\u00eddeo de ambos o en una divertida cita de lo0s dos junto a su madre, <a href=\"https:\/\/www.diezminutos.es\/famosos-corazon\/famosos-espanoles\/a65829627\/marlene-mourreau-roberto-liano-pareja\/\" target=\"_blank\" data-vars-ga-outbound-link=\"https:\/\/www.diezminutos.es\/famosos-corazon\/famosos-espanoles\/a65829627\/marlene-mourreau-roberto-liano-pareja\/\" data-vars-ga-ux-element=\"Hyperlink\" data-vars-ga-call-to-action=\"Marlene Mourreau\" data-node-id=\"19.3\" class=\"body-link css-177bzfx emevuu60\" rel=\"nofollow noopener\">Marlene Mourreau<\/a>.<\/p>\n<p><img draggable=\"true\" alt=\"gabriel guevara bromea con sus padres michel guevara y marlene mourreau\" title=\"Gabriel Guevara bromea con sus padres Michel Guevara y Marlene Mourreau\" loading=\"lazy\" width=\"3000\" height=\"3744\" decoding=\"async\" data-nimg=\"1\" style=\"color:transparent;width:100%;height:auto;\"   src=\"https:\/\/www.europesays.com\/es\/wp-content\/uploads\/2025\/10\/gabriel-guevara-padres-68de4446b3544.jpg\" class=\"css-0 e1g79fud0\"\/><\/p>\n<p>@gabrieloxguevaraa\/\/Instagram<\/p>\n<p>Michel Guevara naci\u00f3 en Cuba y es un bailar\u00edn y core\u00f3grafo con m\u00e1s de 30 a\u00f1os de experiencia<\/p>\n<p data-journey-content=\"true\" data-node-id=\"23\" class=\"css-6wxqfj emevuu60\"><strong data-node-id=\"23.0\">Michel Guevara naci\u00f3 en Cuba y tras graduarse en &#8216;Varietur&#8217;, escuela de cabarets y musicales con sede en Tropicana, continu\u00f3 con su carrera como bailar\u00edn en Espa\u00f1a. <\/strong>En Madrid continu\u00f3 con su formaci\u00f3n en danza contempor\u00e1nea y bailes de sal\u00f3n con Tony Escart\u00edn y se convirti\u00f3 en rostro imprescindibles de los cuerpos de baile de los mejores programas de la televisi\u00f3n nacional de los a\u00f1os 90 y 2000 como &#8216;Sorpresa, Sorpresa&#8217;, &#8216;Lluvia de estrellas&#8217;, &#8216;Noche de fiesta&#8217; y en m\u00faltiples galas. <strong data-node-id=\"23.2\">Mantuvo una relaci\u00f3n con Marlene Mourreau entre el a\u00f1o 2000 y el 2005 y, el 6 de febrero de 2001, naci\u00f3 su hijo Gabriel. <\/strong>Tras su ruptura, mantuvieron una relaci\u00f3n cordial y el cubano continu\u00f3 con su trabajo como bailar\u00edn, core\u00f3grafo y profesor de baile y ha trabajado en obras en el Teatro Real de Madrid o el teatro Bolshoy de Mosc\u00fa.<\/p>\n<p><img draggable=\"true\" alt=\"michel guevara y marlene morreau con su hijo gabriel en 2008\" title=\"Michel Guevara y Marlene Morreau con su hijo Gabriel en 2008\" loading=\"lazy\" width=\"3000\" height=\"5159\" decoding=\"async\" data-nimg=\"1\" style=\"color:transparent;width:100%;height:auto;\"   src=\"https:\/\/www.europesays.com\/es\/wp-content\/uploads\/2025\/10\/michel-guevara-marlene-mourreau-hijo-gabriel-68de472a87cc7.jpg\" class=\"css-0 e1g79fud0\"\/><\/p>\n<p>SPAIN-SERGIO Y PABLO RUIZ<\/p>\n<p data-journey-content=\"true\" data-node-id=\"26\" class=\"css-6wxqfj emevuu60\">Michel Guevara y su hijo Gabriel, que <a href=\"https:\/\/www.diezminutos.es\/teleprograma\/series-tv\/a27600759\/skam-espana-serie-personajes-gabriel-guevara-cristian-miralles\/\" target=\"_blank\" data-vars-ga-outbound-link=\"https:\/\/www.diezminutos.es\/teleprograma\/series-tv\/a27600759\/skam-espana-serie-personajes-gabriel-guevara-cristian-miralles\/\" data-vars-ga-ux-element=\"Hyperlink\" data-vars-ga-call-to-action=\"tambi\u00e9n estuvo en la serie &#039;Skam&#039;\" data-node-id=\"26.1\" class=\"body-link css-177bzfx emevuu60\" rel=\"nofollow noopener\">tambi\u00e9n estuvo en la serie &#8216;Skam&#8217;<\/a>, est\u00e1n muy unidos y el joven reconoce que tiene expresiones latinas que le ha &#8216;pegado&#8217; su padre. \u00abDe pinga, Candela, no s\u00e9 de pinga lo uso mucho porque mi padre es cubano y yo utilizo de pinga bastante, entonces pinga para todo\u00bb, brome\u00f3 en una entrevista para la revista &#8216;Elle&#8217;.<\/p>\n<p><img src=\"https:\/\/www.europesays.com\/es\/wp-content\/uploads\/2025\/10\/956e4c3c-2efd-4963-a949-05017c07afa9_1734435946.jpg\" alt=\"Headshot of Silvia Criado\" title=\"Headshot of Silvia Criado\" width=\"100%\" height=\"100%\" decoding=\"async\" loading=\"lazy\" class=\"css-o0wq4v ev8dhu53\"\/><\/p>\n<p>Silvia Criado es Jefa de Secci\u00f3n Digital de Diez Minutos experta en coraz\u00f3n y sociedad especializada en famosos y casas reales, de los que lleva escribiendo m\u00e1s de 20 a\u00f1os. En su larga trayectoria profesional, ha cubierto eventos de lo m\u00e1s variado desde el nacimiento de la princesa Leonor, futura reina de Espa\u00f1a, a los premios Goya. No se le escapa un detalle de las alfombras rojas como los Goya o el Oscar y conoce como nadie los secretos de las biograf\u00edas de las celebridades.<br \/>\nAunque est\u00e1 especializada en famosos y realidad, es una periodista todoterreno que tambi\u00e9n ha escrito mucho sobre maternidad, decoraci\u00f3n, moda, belleza, televisi\u00f3n y ocio. En sus art\u00edculos tanto te cuenta cu\u00e1l es el restaurante m\u00e1s de moda de Madrid, copia el look de Nuria Roca en versi\u00f3n &#8216;low cost&#8217;, te da los &#8216;consejos&#8217; necesarios para decorar la habitaci\u00f3n de tu hijo o te cuenta todo lo que ha pasado en &#8216;Supervivientes&#8217;.<br \/>\nSilvia Criado es licenciada en Periodismo por la Universidad Complutense de Madrid y a empez\u00f3 a colaborar en diferentes medios de comunicaci\u00f3n cuando todav\u00eda no hab\u00eda terminado la carrera. Ha trabajado en la cadena Ser, el diario Menorca y las revistas Crecer Feliz, Casa Diez, Micasa o Elle Decoration aunque, la mayor parte de su trayectoria, ha transcurrido en Diez Minutos donde lleg\u00f3 a su edici\u00f3n de papel en el a\u00f1o 2001. Desde 2018, puedes leer sus art\u00edculos en la web.<\/p>\n","protected":false},"excerpt":{"rendered":"Gabriel Guevara es uno de los actores espa\u00f1oles con m\u00e1s proyecci\u00f3n. Este 1 de octubre, el joven ha&hellip;\n","protected":false},"author":2,"featured_media":152691,"comment_status":"","ping_status":"","sticky":false,"template":"","format":"standard","meta":{"footnotes":""},"categories":[169],"tags":[1655,177,253,146,147,25,24,176,175,23],"class_list":{"0":"post-152690","1":"post","2":"type-post","3":"status-publish","4":"format-standard","5":"has-post-thumbnail","7":"category-cine","8":"tag-afiliacion","9":"tag-cine","10":"tag-discover","11":"tag-entertainment","12":"tag-entretenimiento","13":"tag-es","14":"tag-espana","15":"tag-film","16":"tag-movies","17":"tag-spain"},"share_on_mastodon":{"url":"","error":""},"_links":{"self":[{"href":"https:\/\/www.europesays.com\/es\/wp-json\/wp\/v2\/posts\/152690","targetHints":{"allow":["GET"]}}],"collection":[{"href":"https:\/\/www.europesays.com\/es\/wp-json\/wp\/v2\/posts"}],"about":[{"href":"https:\/\/www.europesays.com\/es\/wp-json\/wp\/v2\/types\/post"}],"author":[{"embeddable":true,"href":"https:\/\/www.europesays.com\/es\/wp-json\/wp\/v2\/users\/2"}],"replies":[{"embeddable":true,"href":"https:\/\/www.europesays.com\/es\/wp-json\/wp\/v2\/comments?post=152690"}],"version-history":[{"count":0,"href":"https:\/\/www.europesays.com\/es\/wp-json\/wp\/v2\/posts\/152690\/revisions"}],"wp:featuredmedia":[{"embeddable":true,"href":"https:\/\/www.europesays.com\/es\/wp-json\/wp\/v2\/media\/152691"}],"wp:attachment":[{"href":"https:\/\/www.europesays.com\/es\/wp-json\/wp\/v2\/media?parent=152690"}],"wp:term":[{"taxonomy":"category","embeddable":true,"href":"https:\/\/www.europesays.com\/es\/wp-json\/wp\/v2\/categories?post=152690"},{"taxonomy":"post_tag","embeddable":true,"href":"https:\/\/www.europesays.com\/es\/wp-json\/wp\/v2\/tags?post=152690"}],"curies":[{"name":"wp","href":"https:\/\/api.w.org\/{rel}","templated":true}]}}