{"id":152696,"date":"2025-10-02T12:23:09","date_gmt":"2025-10-02T12:23:09","guid":{"rendered":"https:\/\/www.europesays.com\/es\/152696\/"},"modified":"2025-10-02T12:23:09","modified_gmt":"2025-10-02T12:23:09","slug":"agentes-migratorios-de-ee-uu-patrullaran-el-estadio-durante-la-super-bowl-de-bad-bunny","status":"publish","type":"post","link":"https:\/\/www.europesays.com\/es\/152696\/","title":{"rendered":"Agentes migratorios de EE.UU. patrullar\u00e1n el estadio durante la Super Bowl de Bad Bunny"},"content":{"rendered":"<p>\n                    Publicado                 02\/10\/2025 &#8211; 14:08 CEST<br \/>\n                \u2022Ultima actualizaci\u00f3n<br \/>\n                                     14:18\n                                        <\/p>\n<p>          <img decoding=\"async\" class=\"c-ad__placeholder__logo\" src=\"https:\/\/static.euronews.com\/website\/images\/logos\/logo-euronews-stacked-outlined-72x72-grey-9.svg\" width=\"72\" height=\"72\" alt=\"\" loading=\"lazy\"\/><br \/>\n          PUBLICIDAD<\/p>\n<p>La Super Bowl <a href=\"https:\/\/es.euronews.com\/video\/2024\/02\/12\/kansas-city-chiefs-gana-la-super-bowl-en-un-partido-en-el-que-taylor-swift-acaparo-todas-l\" rel=\"nofollow noopener\" target=\"_blank\">es el acontecimiento televisivo m\u00e1s visto en Estados Unidos<\/a>, con m\u00e1s de 100 millones de telespectadores cada a\u00f1o. El a\u00f1o pasado, gracias a la actuaci\u00f3n de Kendrick Lamar durante el intermedio, se batieron todos los r\u00e9cords, con <strong>133,5 millones de personas<\/strong> sintonizando la actuaci\u00f3n del rapero.<\/p>\n<p>Este intermedio musical, conocido como el &#8216;halftime show&#8217;, es una actuaci\u00f3n muy codiciada por los artistas, y tiene una larga historia de reflejar e influir en las tendencias culturales. Aunque <strong>los artistas no cobran<\/strong> por actuar en esta final deportiva, <strong>es uno de los conciertos m\u00e1s esperados<\/strong> de la industria por la exposici\u00f3n que proporciona.<\/p>\n<p>No es que <strong>Bad Bunny<\/strong> la necesite. El rapero y cantante puertorrique\u00f1o, ganador de varios premios Grammy y anunciado como <a href=\"https:\/\/es.euronews.com\/cultura\/2025\/09\/29\/bad-bunny-sera-la-estrella-encargada-de-protagonizar-el-espectaculo-del-descanso-de-la-sup\" rel=\"nofollow noopener\" target=\"_blank\">cabeza de cartel de la final de la NFL de 2026<\/a>, es uno de los artistas m\u00e1s escuchados del mundo y un embajador de la m\u00fasica boricua y latinoamericana. As\u00ed que tiene sentido que el \u00abescenario m\u00e1s grande del mundo\u00bb, seg\u00fan Jay-Z, sea para uno de los artistas m\u00e1s grandes en la actualidad.<\/p>\n<p><strong>La decisi\u00f3n de Bad Bunny ha sido criticado por varios espectros ideol\u00f3gicos<\/strong>. Por un lado, el activista de ultraderecha Benny Johnson ha arremetido contra el m\u00fasico en X, calificando al cantante de \u00abgran &#8216;hater&#8217; (odiador) de Trump\u00bb y \u00abactivista anti-ICE\u00bb, en referencia al cuerpo policial migratorio de EE.UU. Johnson tambi\u00e9n ha criticado a Bad Bunny por saltarse Estados Unidos, aparte de su Puerto Rico natal, en su \u00faltima gira.<\/p>\n<p>El artista, cuyo verdadero nombre es <strong>Benito Antonio Mart\u00ednez Ocasio<\/strong>, ha defendido durante mucho tiempo sus ra\u00edces puertorrique\u00f1as y <a href=\"https:\/\/es.euronews.com\/cultura\/2025\/09\/08\/chipocalypse-now-es-la-administracion-trump-una-analfabeta-cultural\" rel=\"nofollow noopener\" target=\"_blank\">ha criticado con frecuencia a Donald Trump y a sus pol\u00edticas migratorias<\/a>. El artista declar\u00f3 que seguir\u00eda evitando actuaciones en Estados Unidos porque le preocupa que los agentes del Servicio de Control de Inmigraci\u00f3n y Aduanas (ICE) pudieran presentarse en los conciertos <a href=\"https:\/\/es.euronews.com\/cultura\/2025\/06\/10\/un-coro-de-voces-de-famosos-respaldan-las-protestas-en-los-angeles-contra-las-redadas-migr\" rel=\"nofollow noopener\" target=\"_blank\">para realizar redadas y atacar a sus fans<\/a>.<\/p>\n<p>\u00abHubo muchas razones por las que no me present\u00e9 en Estados Unidos, y ninguna de ellas fue por odio: he actuado all\u00ed muchas veces\u00bb, declar\u00f3 Mart\u00ednez Ocasio a la revista &#8216;i-D&#8217;. \u00abTodos [los conciertos] han sido un \u00e9xito. Todos han sido magn\u00edficos. He disfrutado conectando con latinos que han estado viviendo en Estados Unidos. Pero estaba el asunto de que el p**o ICE pod\u00eda estar fuera. Y es algo que hemos debatido y nos preocupaba\u00bb.<\/p>\n<p>Precisamente por ello, <strong>muchos usuarios de redes en Latinoam\u00e9rica han se\u00f1alado su falta de coherencia<\/strong> al acceder a actuar en la Super Bowl por intereses comerciales. Poco antes de que fuera anunciado como artista del intermedio, el puertorrique\u00f1o public\u00f3 en Internet que har\u00eda una sola fecha en la naci\u00f3n gringa: \u00abLo he estado pensando estos d\u00edas, y despu\u00e9s de hablarlo con mi equipo, creo que har\u00e9 una sola fecha en Estados Unidos\u00bb, escribi\u00f3 en espa\u00f1ol.<\/p>\n<p>Los republicanos confirman que los agentes de ICE vigilar\u00e1n la Super Bowl<\/p>\n<p>Las redadas del ICE <a href=\"https:\/\/www.euronews.com\/culture\/2025\/06\/10\/celebrities-react-to-la-protest-against-ice-detention-policies\" rel=\"nofollow noopener\" target=\"_blank\">se han disparado en EE.UU.<\/a>, con la agencia realizando un m\u00ednimo de 3.000 detenciones diarias desde mayo. Un miembro de la Administraci\u00f3n Trump ha confirmado que el <strong>ICE patrullar\u00e1 durante la final de la Super Bowl de 2026,<\/strong> la cual se celebrar\u00e1 en el estadio de Santa Clara, California, <a href=\"https:\/\/es.euronews.com\/2025\/07\/12\/una-jueza-prohibe-las-detenciones-y-redadas-migratorias-racializadas-en-los-angeles\" rel=\"nofollow noopener\" target=\"_blank\">un estado con una fuerte presencia migratoria, especialmente latina.<\/a><\/p>\n<p><strong>Corey Lewandowski<\/strong> (quien fue jefe de campa\u00f1a de Trump en 2016 y 2024 y ahora asesora al Departamento de Seguridad Nacional) ha dicho durante una aparici\u00f3n en el programa &#8216;The Benny Show&#8217; de Johnson que el ICE estar\u00e1 presente: \u00abNo hay ning\u00fan lugar donde se pueda dar refugio seguro a las personas que est\u00e1n en este pa\u00eds ilegalmente. Ni en la Super Bowl ni en ning\u00fan otro sitio. Os encontraremos, os detendremos, os meteremos en un centro de detenci\u00f3n y os deportaremos\u00bb.<\/p>\n","protected":false},"excerpt":{"rendered":"Publicado 02\/10\/2025 &#8211; 14:08 CEST \u2022Ultima actualizaci\u00f3n 14:18 PUBLICIDAD La Super Bowl es el acontecimiento televisivo m\u00e1s visto&hellip;\n","protected":false},"author":2,"featured_media":152697,"comment_status":"","ping_status":"","sticky":false,"template":"","format":"standard","meta":{"footnotes":""},"categories":[91],"tags":[352,146,147,25,24,590,37335,2247,46109,23,46110],"class_list":{"0":"post-152696","1":"post","2":"type-post","3":"status-publish","4":"format-standard","5":"has-post-thumbnail","7":"category-entretenimiento","8":"tag-donald-trump","9":"tag-entertainment","10":"tag-entretenimiento","11":"tag-es","12":"tag-espana","13":"tag-inmigracion","14":"tag-musica-latina","15":"tag-puerto-rico","16":"tag-redada-policial","17":"tag-spain","18":"tag-super-bowl"},"share_on_mastodon":{"url":"","error":""},"_links":{"self":[{"href":"https:\/\/www.europesays.com\/es\/wp-json\/wp\/v2\/posts\/152696","targetHints":{"allow":["GET"]}}],"collection":[{"href":"https:\/\/www.europesays.com\/es\/wp-json\/wp\/v2\/posts"}],"about":[{"href":"https:\/\/www.europesays.com\/es\/wp-json\/wp\/v2\/types\/post"}],"author":[{"embeddable":true,"href":"https:\/\/www.europesays.com\/es\/wp-json\/wp\/v2\/users\/2"}],"replies":[{"embeddable":true,"href":"https:\/\/www.europesays.com\/es\/wp-json\/wp\/v2\/comments?post=152696"}],"version-history":[{"count":0,"href":"https:\/\/www.europesays.com\/es\/wp-json\/wp\/v2\/posts\/152696\/revisions"}],"wp:featuredmedia":[{"embeddable":true,"href":"https:\/\/www.europesays.com\/es\/wp-json\/wp\/v2\/media\/152697"}],"wp:attachment":[{"href":"https:\/\/www.europesays.com\/es\/wp-json\/wp\/v2\/media?parent=152696"}],"wp:term":[{"taxonomy":"category","embeddable":true,"href":"https:\/\/www.europesays.com\/es\/wp-json\/wp\/v2\/categories?post=152696"},{"taxonomy":"post_tag","embeddable":true,"href":"https:\/\/www.europesays.com\/es\/wp-json\/wp\/v2\/tags?post=152696"}],"curies":[{"name":"wp","href":"https:\/\/api.w.org\/{rel}","templated":true}]}}