{"id":152698,"date":"2025-10-02T12:24:10","date_gmt":"2025-10-02T12:24:10","guid":{"rendered":"https:\/\/www.europesays.com\/es\/152698\/"},"modified":"2025-10-02T12:24:10","modified_gmt":"2025-10-02T12:24:10","slug":"asi-se-forman-los-fuegos-fatuos","status":"publish","type":"post","link":"https:\/\/www.europesays.com\/es\/152698\/","title":{"rendered":"as\u00ed se forman los fuegos fatuos"},"content":{"rendered":"<p class=\"description\"><b>Oferta especial<\/b>: Suscr\u00edbete por solo 1\u20ac al mes a la revista National Geographic. <b>-76% de descuento. \u00a1\u00daltimos d\u00edas!<\/b><\/p>\n<p class=\"description\"><b>\u00a1NOVEDAD!<\/b> Ya disponible la edici\u00f3n especial <b>El cerebro infantil<\/b> de la colecci\u00f3n Los Secretos del Cerebro de National Geographic.<\/p>\n<p dir=\"ltr\" id=\"docs-internal-guid-2067d0e6-7fff-73e7-895c-fa57173a74be\">Desde tiempos inmemoriales, en las noches oscuras donde la ciencia se mezcla con la superstici\u00f3n, se han divisado peque\u00f1as <strong>llamas que flotan sobre ci\u00e9nagas y cementerios<\/strong>. Algunos aseguraban que eran huesos danzantes, otros, las almas errantes de ni\u00f1os perdidos.\u00a0<\/p>\n<p dir=\"ltr\">A estas luces err\u00e1ticas y espectrales se las conoce como fuegos fatuos, y aunque la ciencia ha intentado explicar su origen, el misterio ha persistido&#8230; hasta ahora. Una <a href=\"https:\/\/www.pnas.org\/doi\/full\/10.1073\/pnas.2521255122\" rel=\"nofollow noopener\" target=\"_blank\">nueva investigaci\u00f3n<\/a> reciente apunta a un mecanismo insospechado: d<strong>iminutas explosiones el\u00e9ctricas<\/strong>, generadas por burbujas microsc\u00f3picas, podr\u00edan ser responsables de encender estos ef\u00edmeros resplandores.<\/p>\n<p dir=\"ltr\">Durante a\u00f1os, la hip\u00f3tesis m\u00e1s aceptada afirmaba que el metano, liberado por la descomposici\u00f3n de materia org\u00e1nica en pantanos, era el combustible de estos fuegos. Sin embargo, algo faltaba en esa ecuaci\u00f3n: <strong>\u00bfc\u00f3mo se encend\u00eda este gas sin una fuente evidente de ignici\u00f3n?\u00a0<\/strong><\/p>\n<p dir=\"ltr\"><strong>Richard Zare<\/strong>, qu\u00edmico de la Universidad de Stanford, y su equipo creen haber hallado la respuesta en un fen\u00f3meno que recuerda a una tormenta el\u00e9ctrica en miniatura.<\/p>\n<p dir=\"ltr\">\n&#13;<img decoding=\"async\" src=\"https:\/\/www.europesays.com\/es\/wp-content\/uploads\/2025\/10\/nationalgeographic-507039_5d3c6b75_251002112406_800x800.webp.webp\" alt=\"NationalGeographic 507039\" class=\"image lazyload\"\/><\/p>\n<p>El experimento<\/p>\n<p dir=\"ltr\">En su laboratorio, Zare dise\u00f1\u00f3 un experimento singular: una boquilla sumergida que liberaba microburbujas de aire y metano en el agua. Con la ayuda de c\u00e1maras de alta velocidad, los investigadores observaron min\u00fasculos destellos de luz que se produc\u00edan cuando las burbujas colisionaban. El hallazgo crucial fue que incluso sin metano, las descargas aparec\u00edan, lo que sugiere que estas no se deben a una combusti\u00f3n espont\u00e1nea, <strong>sino a una separaci\u00f3n de cargas el\u00e9ctricas en las superficies de las burbujas<\/strong>.<\/p>\n<p dir=\"ltr\">Este mecanismo, que genera campos el\u00e9ctricos intensos en distancias min\u00fasculas, puede provocar \u00abmicrorrel\u00e1mpagos\u00bb, capaces de desencadenar reacciones qu\u00edmicas. Cuando se a\u00f1adi\u00f3 metano a la mezcla, la intensidad de la luz aument\u00f3 y se detect\u00f3 luz ultravioleta asociada a la formaci\u00f3n de formaldeh\u00eddo, u<strong>n subproducto cl\u00e1sico de la combusti\u00f3n del metano<\/strong>.<\/p>\n<p dir=\"ltr\"><a href=\"https:\/\/www.science.org\/content\/article\/mysterious-will-o-wisps-ignited-microlightning\" rel=\"nofollow noopener\" target=\"_blank\">Para algunos cient\u00edficos<\/a>, como <strong>James Anderson<\/strong>, qu\u00edmico de la Universidad de Harvard, el descubrimiento marca \u00abun paso fascinante\u00bb hacia la comprensi\u00f3n de c\u00f3mo pueden iniciarse reacciones qu\u00edmicas en ambientes insospechados. Y no solo eso: estas reacciones inducidas por burbujas podr\u00edan haber sido fundamentales para los primeros pasos de la vida en la Tierra.<\/p>\n<p><img loading=\"lazy\" decoding=\"async\"   src=\"https:\/\/www.europesays.com\/es\/wp-content\/uploads\/2025\/10\/fuegos-fatuos-secundarios_bdedf855_251002115603_800x529.webp.webp\" alt=\"Fuegos fatuos secundarios\" class=\"lazyload\" width=\"800\" height=\"529\" data-aspectratio=\"800\/529\"\/>&#13;Richard N. Zare<\/p>\n<p>En una instalaci\u00f3n experimental, las c\u00e1maras de alta velocidad capturaron flashes de microluz (en el centro inferior) que se produc\u00edan entre aire microsc\u00f3pico y burbujas de metano en el agua.<\/p>\n<p>\u00bfEl primer aliento de la vida?<\/p>\n<p dir=\"ltr\">Por ejemplo, ya se est\u00e1 usando esta t\u00e9cnica para llevar a cabo miles de reacciones qu\u00edmicas simult\u00e1neas, en busca de nuevas rutas de s\u00edntesis para compuestos complejos. Adem\u00e1s, Zare han demostrado que estas microburbujas pueden unir amino\u00e1cidos para formar p\u00e9ptidos y combinar \u00e1cidos nucleicos para formar polinucle\u00f3tidos, es decir, los bloques fundamentales de la vida.<\/p>\n<p dir=\"ltr\">Zare plantea una hip\u00f3tesis a\u00fan m\u00e1s audaz: que estos microrrel\u00e1mpagos burbujeantes podr\u00edan haber sustituido la necesidad de los grandes rayos atmosf\u00e9ricos, como los invocados en el <a href=\"https:\/\/colnal.mx\/agenda\/70-anos-de-quimica-prebiotica-el-experimento-de-miller\/\" rel=\"nofollow noopener\" target=\"_blank\">famoso experimento de Miller-Urey.<\/a> Dado que las burbujas estaban por doquier en la Tierra primitiva, <strong>podr\u00edan haber sido el catalizador silencioso de la qu\u00edmica prebi\u00f3tica<\/strong>.<\/p>\n<p dir=\"ltr\">Sin embargo, como las propias llamas titilantes que inspiraron estas investigaciones, la idea a\u00fan permanece flotando entre la ciencia y la posibilidad. Los fuegos fatuos, esos fantasmas brillantes del folclore, podr\u00edan no ser manifestaciones del m\u00e1s all\u00e1, sino testigos de procesos el\u00e9ctricos min\u00fasculos que a\u00fan hoy nos cuesta ver&#8230; <strong>pero que podr\u00edan haber sido el primer aliento de la vida<\/strong>.<\/p>\n<p>\u00a0<\/p>\n","protected":false},"excerpt":{"rendered":"Oferta especial: Suscr\u00edbete por solo 1\u20ac al mes a la revista National Geographic. -76% de descuento. \u00a1\u00daltimos d\u00edas!&hellip;\n","protected":false},"author":2,"featured_media":152699,"comment_status":"","ping_status":"","sticky":false,"template":"","format":"standard","meta":{"footnotes":""},"categories":[81],"tags":[119,123,124,25,24,1408,448,1407,1409,117,121,122,23,118,120,226],"class_list":{"0":"post-152698","1":"post","2":"type-post","3":"status-publish","4":"format-standard","5":"has-post-thumbnail","7":"category-ciencia-y-tecnologia","8":"tag-ciencia","9":"tag-ciencia-y-tecnologia","10":"tag-cienciaytecnologia","11":"tag-es","12":"tag-espana","13":"tag-geographic","14":"tag-historia","15":"tag-national","16":"tag-naturaleza","17":"tag-science","18":"tag-science-and-technology","19":"tag-scienceandtechnology","20":"tag-spain","21":"tag-technology","22":"tag-tecnologia","23":"tag-viajes"},"share_on_mastodon":{"url":"","error":""},"_links":{"self":[{"href":"https:\/\/www.europesays.com\/es\/wp-json\/wp\/v2\/posts\/152698","targetHints":{"allow":["GET"]}}],"collection":[{"href":"https:\/\/www.europesays.com\/es\/wp-json\/wp\/v2\/posts"}],"about":[{"href":"https:\/\/www.europesays.com\/es\/wp-json\/wp\/v2\/types\/post"}],"author":[{"embeddable":true,"href":"https:\/\/www.europesays.com\/es\/wp-json\/wp\/v2\/users\/2"}],"replies":[{"embeddable":true,"href":"https:\/\/www.europesays.com\/es\/wp-json\/wp\/v2\/comments?post=152698"}],"version-history":[{"count":0,"href":"https:\/\/www.europesays.com\/es\/wp-json\/wp\/v2\/posts\/152698\/revisions"}],"wp:featuredmedia":[{"embeddable":true,"href":"https:\/\/www.europesays.com\/es\/wp-json\/wp\/v2\/media\/152699"}],"wp:attachment":[{"href":"https:\/\/www.europesays.com\/es\/wp-json\/wp\/v2\/media?parent=152698"}],"wp:term":[{"taxonomy":"category","embeddable":true,"href":"https:\/\/www.europesays.com\/es\/wp-json\/wp\/v2\/categories?post=152698"},{"taxonomy":"post_tag","embeddable":true,"href":"https:\/\/www.europesays.com\/es\/wp-json\/wp\/v2\/tags?post=152698"}],"curies":[{"name":"wp","href":"https:\/\/api.w.org\/{rel}","templated":true}]}}