{"id":152704,"date":"2025-10-02T12:27:10","date_gmt":"2025-10-02T12:27:10","guid":{"rendered":"https:\/\/www.europesays.com\/es\/152704\/"},"modified":"2025-10-02T12:27:10","modified_gmt":"2025-10-02T12:27:10","slug":"la-policia-nacional-celebra-en-elda-el-dia-de-los-santos-angeles-custodios-con-la-entrega-de-condecoraciones-a-varios-agentes","status":"publish","type":"post","link":"https:\/\/www.europesays.com\/es\/152704\/","title":{"rendered":"La Polic\u00eda Nacional celebra en Elda el D\u00eda de los Santos \u00c1ngeles Custodios con la entrega de condecoraciones a varios agentes"},"content":{"rendered":"<p>El Cuerpo de la Polic\u00eda Nacional de Elda y Petrer ha celebrado hoy los actos con motivo de la Festividad de los Santos \u00c1ngeles Custodios con una misa en la Iglesia de Santa Ana y un acto de entrega de distinciones que ha tenido lugar en el Museo del Calzado.<\/p>\n<p>A la celebraci\u00f3n han asistido el alcalde de Elda, Rub\u00e9n Alfaro, y la alcaldesa de Petrer, Irene Navarro; el Comisario Jefe de la Polic\u00eda Nacional de Elda-Petrer, Manuel Nieto; los concejales de Seguridad Ciudadana de Elda y de Petrer, Silvia Ib\u00e1\u00f1ez y Fernando D\u00edaz, respectivamente; el Comisario Principal de la Polic\u00eda Local de Elda, Francisco Cazorla, adem\u00e1s de otros representantes de las corporaciones municipales de Elda y de Petrer y de los cuerpos de seguridad, como Guardia Civil, Ej\u00e9rcito, Bomberos y Protecci\u00f3n Civil, y del Hospital de Elda, as\u00ed como representantes de la sociedad civil.<\/p>\n<p>Durante el acto la Comisar\u00eda de Elda-Petrer ha entregado la Cruz al M\u00e9rito Policial con distintivo Blanco a los agentes Miguel \u00c1ngel Rubio Garc\u00eda, \u00d3scar L\u00f3pez Garc\u00eda, Santiago Benito Vicente y Jos\u00e9 Antonio Garc\u00eda Mart\u00ednez.<\/p>\n<p>Asimismo se han concedido diplomas corporativos al intendente de la Polic\u00eda Local de Petrer, Ferm\u00edn Bonet Fern\u00e1ndez; a los polic\u00edas locales de Elda Juan Jos\u00e9 Mart\u00ednez Escribano y Miguel Guardiola Rivera; al jefe de seguridad del Hospital General de Elda, Miguel Hern\u00e1ndez Justamante; al empresario Francisco Jos\u00e9 Matarredona Carbonell y el ciudadano Carlos Javier Bonete Andreu.<\/p>\n","protected":false},"excerpt":{"rendered":"El Cuerpo de la Polic\u00eda Nacional de Elda y Petrer ha celebrado hoy los actos con motivo de&hellip;\n","protected":false},"author":2,"featured_media":152705,"comment_status":"","ping_status":"","sticky":false,"template":"","format":"standard","meta":{"footnotes":""},"categories":[8],"tags":[17,18,25,24,13,14,11,19,20,9,10,15,16,23,12,21,22],"class_list":{"0":"post-152704","1":"post","2":"type-post","3":"status-publish","4":"format-standard","5":"has-post-thumbnail","7":"category-espana","8":"tag-breaking-news","9":"tag-breakingnews","10":"tag-es","11":"tag-espana","12":"tag-featured-news","13":"tag-featurednews","14":"tag-headlines","15":"tag-latest-news","16":"tag-latestnews","17":"tag-news","18":"tag-noticias","19":"tag-noticias-destacadas","20":"tag-noticiasdestacadas","21":"tag-spain","22":"tag-titulares","23":"tag-ultimas-noticias","24":"tag-ultimasnoticias"},"share_on_mastodon":{"url":"","error":""},"_links":{"self":[{"href":"https:\/\/www.europesays.com\/es\/wp-json\/wp\/v2\/posts\/152704","targetHints":{"allow":["GET"]}}],"collection":[{"href":"https:\/\/www.europesays.com\/es\/wp-json\/wp\/v2\/posts"}],"about":[{"href":"https:\/\/www.europesays.com\/es\/wp-json\/wp\/v2\/types\/post"}],"author":[{"embeddable":true,"href":"https:\/\/www.europesays.com\/es\/wp-json\/wp\/v2\/users\/2"}],"replies":[{"embeddable":true,"href":"https:\/\/www.europesays.com\/es\/wp-json\/wp\/v2\/comments?post=152704"}],"version-history":[{"count":0,"href":"https:\/\/www.europesays.com\/es\/wp-json\/wp\/v2\/posts\/152704\/revisions"}],"wp:featuredmedia":[{"embeddable":true,"href":"https:\/\/www.europesays.com\/es\/wp-json\/wp\/v2\/media\/152705"}],"wp:attachment":[{"href":"https:\/\/www.europesays.com\/es\/wp-json\/wp\/v2\/media?parent=152704"}],"wp:term":[{"taxonomy":"category","embeddable":true,"href":"https:\/\/www.europesays.com\/es\/wp-json\/wp\/v2\/categories?post=152704"},{"taxonomy":"post_tag","embeddable":true,"href":"https:\/\/www.europesays.com\/es\/wp-json\/wp\/v2\/tags?post=152704"}],"curies":[{"name":"wp","href":"https:\/\/api.w.org\/{rel}","templated":true}]}}