{"id":152706,"date":"2025-10-02T12:28:09","date_gmt":"2025-10-02T12:28:09","guid":{"rendered":"https:\/\/www.europesays.com\/es\/152706\/"},"modified":"2025-10-02T12:28:09","modified_gmt":"2025-10-02T12:28:09","slug":"rego-senala-que-la-reforma-de-la-ley-consolidara-a-la-infancia-como-sujeto-activo-de-derecho","status":"publish","type":"post","link":"https:\/\/www.europesays.com\/es\/152706\/","title":{"rendered":"Rego se\u00f1ala que la reforma de la ley consolidar\u00e1 a la infancia como \u00absujeto activo de derecho\u00bb"},"content":{"rendered":"<p class=\"main-image\">&#13;<br \/>\n                     &#13;<br \/>\n                        &#13;<br \/>\n                        <img decoding=\"async\" alt=\"La ministra de Juventud e Infancia, Sira Rego, durante el acto celebrado en la Universidad de Salamanca.\" title=\"La ministra de Juventud e Infancia, Sira Rego, durante el acto celebrado en la Universidad de Salamanca.\" src=\"https:\/\/www.europesays.com\/es\/wp-content\/uploads\/2025\/10\/021025-sira-rego-salamanca.jpg\"\/>&#13;<br \/>\n                        La ministra de Juventud e Infancia, Sira Rego, durante el acto celebrado en la Universidad de Salamanca.&#13;<br \/>\n                    &#13;\n                <\/p>\n<p>Rego ha asegurado que se trata de \u00abun cambio de mirada\u00bb, ya que las y los ni\u00f1os que sufren cualquier tipo de violencia \u00abno pueden ser destinatarios pasivos de decisiones que toman otras personas sin tenerles en cuenta\u00bb.<\/p>\n<p>Rego, que ha participado en la inauguraci\u00f3n del curso de los m\u00e1steres de la Universidad de Salamanca (por un lado, Intervenci\u00f3n Social y Educativa con Infancia y Adolescencia y, por otro, Estudios avanzados de Educaci\u00f3n en la Sociedad Global), ha asegurado que la reforma de la LOPIVI supone \u00abgarantizar que el derecho a la escucha no sea un formalismo, sino un principio real, capaz de transformar instituciones y procedimientos\u00bb.<\/p>\n<p>Adem\u00e1s, durante su intervenci\u00f3n, Rego ha asegurado que \u00abel saber nunca ha sido neutro\u00bb y ha recordado que debates pret\u00e9ritos que se daban en el seno de las universidades, como los derechos humanos, siguen teniendo su traslaci\u00f3n al presente. En este sentido, ha se\u00f1alado Rego, \u00abtodav\u00eda hay vidas a las que se les niega lo m\u00e1s b\u00e1sico: el derecho a ser reconocidas como iguales\u00bb. Para Rego, esto \u00ablo vemos en Palestina, como testigos de un genocidio transmitido en directo, y tambi\u00e9n lo vemos con la infancia migrante que llega sola a nuestro pa\u00eds\u00bb.<\/p>\n","protected":false},"excerpt":{"rendered":"&#13; &#13; &#13; &#13; La ministra de Juventud e Infancia, Sira Rego, durante el acto celebrado en la&hellip;\n","protected":false},"author":2,"featured_media":152707,"comment_status":"","ping_status":"","sticky":false,"template":"","format":"standard","meta":{"footnotes":""},"categories":[5],"tags":[17,18,25,24,13,14,11,19,20,9,10,15,16,23,12,21,22],"class_list":{"0":"post-152706","1":"post","2":"type-post","3":"status-publish","4":"format-standard","5":"has-post-thumbnail","7":"category-titulares","8":"tag-breaking-news","9":"tag-breakingnews","10":"tag-es","11":"tag-espana","12":"tag-featured-news","13":"tag-featurednews","14":"tag-headlines","15":"tag-latest-news","16":"tag-latestnews","17":"tag-news","18":"tag-noticias","19":"tag-noticias-destacadas","20":"tag-noticiasdestacadas","21":"tag-spain","22":"tag-titulares","23":"tag-ultimas-noticias","24":"tag-ultimasnoticias"},"share_on_mastodon":{"url":"","error":""},"_links":{"self":[{"href":"https:\/\/www.europesays.com\/es\/wp-json\/wp\/v2\/posts\/152706","targetHints":{"allow":["GET"]}}],"collection":[{"href":"https:\/\/www.europesays.com\/es\/wp-json\/wp\/v2\/posts"}],"about":[{"href":"https:\/\/www.europesays.com\/es\/wp-json\/wp\/v2\/types\/post"}],"author":[{"embeddable":true,"href":"https:\/\/www.europesays.com\/es\/wp-json\/wp\/v2\/users\/2"}],"replies":[{"embeddable":true,"href":"https:\/\/www.europesays.com\/es\/wp-json\/wp\/v2\/comments?post=152706"}],"version-history":[{"count":0,"href":"https:\/\/www.europesays.com\/es\/wp-json\/wp\/v2\/posts\/152706\/revisions"}],"wp:featuredmedia":[{"embeddable":true,"href":"https:\/\/www.europesays.com\/es\/wp-json\/wp\/v2\/media\/152707"}],"wp:attachment":[{"href":"https:\/\/www.europesays.com\/es\/wp-json\/wp\/v2\/media?parent=152706"}],"wp:term":[{"taxonomy":"category","embeddable":true,"href":"https:\/\/www.europesays.com\/es\/wp-json\/wp\/v2\/categories?post=152706"},{"taxonomy":"post_tag","embeddable":true,"href":"https:\/\/www.europesays.com\/es\/wp-json\/wp\/v2\/tags?post=152706"}],"curies":[{"name":"wp","href":"https:\/\/api.w.org\/{rel}","templated":true}]}}