{"id":15271,"date":"2025-07-31T02:20:13","date_gmt":"2025-07-31T02:20:13","guid":{"rendered":"https:\/\/www.europesays.com\/es\/15271\/"},"modified":"2025-07-31T02:20:13","modified_gmt":"2025-07-31T02:20:13","slug":"el-sevilla-fc-adquiere-hasta-el-90-por-ciento-de-los-derechos-de-agoume","status":"publish","type":"post","link":"https:\/\/www.europesays.com\/es\/15271\/","title":{"rendered":"El Sevilla FC adquiere hasta el 90 por ciento de los derechos de Agoum\u00e9"},"content":{"rendered":"<p>Adquiere un 40 por ciento m\u00e1s por cuatro millones en el acuerdo con el Inter de Mil\u00e1n<\/p>\n<p><img fetchpriority=\"high\" class=\"voc-img\" src=\"https:\/\/www.europesays.com\/es\/wp-content\/uploads\/2025\/07\/agoume-sfc-R2RCrrGnURVJSvdG5K79wlO-1200x840@diario_abc.jpg\" loading=\"eager\" decoding=\"async\" alt=\"Lucien Agoum\u00e9\" width=\"1200\" height=\"840\"\/><\/p>\n<p>Lucien Agoum\u00e9      <\/p>\n<p><img decoding=\"async\" class=\"voc-author__img\" src=\"https:\/\/www.europesays.com\/es\/wp-content\/uploads\/2025\/07\/autor-3692-foto-3.png\" alt=\"Orgullo de Nervi\u00f3n\"\/><\/p>\n<p>30\/07\/2025<br \/>\n<br \/><strong><br \/>\nActualizado a las 21:38h.<br \/>\n<\/strong><\/p>\n<p class=\"voc-p\" style=\"\">El Sevilla FC ha informado esta tarde de que ha adquirido hasta el 90% de los derechos de Lucien Agoum\u00e9. La entidad hispalense, que el pasado curso dispuso del 50% de la propiedad del jugador en copropiedad con el Inter de Mil\u00e1n, ha comprado por cuatro millones de euros un 40% m\u00e1s de estos a la entidad milanesa, sumando los 90 citados y quedando \u00fanicamente el 10% en propiedad italiana. El jugador, nacido en Yaund\u00e9 e internacional sub 21 con Francia, firm\u00f3 hasta 2028 por el club hispalense en el verano de 2024, tras jugar en el equipo como cedido en la segunda mitad de la campa\u00f1a 2023-24.<\/p>\n<p class=\"voc-p\" style=\"\">El club sevillista ha apurado hasta casi la fecha final de esta posibilidad, el 31 de julio, para pagar esta compra dado que seg\u00fan el contrato expiraba esta opci\u00f3n en el l\u00edmite del mes.<\/p>\n<p class=\"voc-p\" style=\"\">Agoum\u00e9, que acumula 49 partidos oficiales con la camiseta sevillista, fue una de las piezas m\u00e1s destacadas del equipo en la temporada pasada, en la que disput\u00f3 37 partidos, con un gol y tres asistencias en su haber.<\/p>\n<p class=\"voc-p\" style=\"\"> Asimismo, el centrocampista blanquirrojo ha sido destacado por el portal de estad\u00edsticas DataMB como uno los mejores mediocentros j\u00f3venes de las siete grandes ligas europeas en su posici\u00f3n, con m\u00e1s de un 80% de acierto en tres estad\u00edsticas principales: duelos ganados, pases hacia delante y pases decisivos.<\/p>\n<p>Reportar un error<\/p>\n","protected":false},"excerpt":{"rendered":"Adquiere un 40 por ciento m\u00e1s por cuatro millones en el acuerdo con el Inter de Mil\u00e1n Lucien&hellip;\n","protected":false},"author":2,"featured_media":15272,"comment_status":"","ping_status":"","sticky":false,"template":"","format":"standard","meta":{"footnotes":""},"categories":[93],"tags":[10144,5973,10145,168,7743,25,24,1171,23,167],"class_list":{"0":"post-15271","1":"post","2":"type-post","3":"status-publish","4":"format-standard","5":"has-post-thumbnail","7":"category-deportes","8":"tag-adquiere","9":"tag-agoume","10":"tag-ciento","11":"tag-deportes","12":"tag-derechos","13":"tag-es","14":"tag-espana","15":"tag-sevilla","16":"tag-spain","17":"tag-sports"},"share_on_mastodon":{"url":"","error":""},"_links":{"self":[{"href":"https:\/\/www.europesays.com\/es\/wp-json\/wp\/v2\/posts\/15271","targetHints":{"allow":["GET"]}}],"collection":[{"href":"https:\/\/www.europesays.com\/es\/wp-json\/wp\/v2\/posts"}],"about":[{"href":"https:\/\/www.europesays.com\/es\/wp-json\/wp\/v2\/types\/post"}],"author":[{"embeddable":true,"href":"https:\/\/www.europesays.com\/es\/wp-json\/wp\/v2\/users\/2"}],"replies":[{"embeddable":true,"href":"https:\/\/www.europesays.com\/es\/wp-json\/wp\/v2\/comments?post=15271"}],"version-history":[{"count":0,"href":"https:\/\/www.europesays.com\/es\/wp-json\/wp\/v2\/posts\/15271\/revisions"}],"wp:featuredmedia":[{"embeddable":true,"href":"https:\/\/www.europesays.com\/es\/wp-json\/wp\/v2\/media\/15272"}],"wp:attachment":[{"href":"https:\/\/www.europesays.com\/es\/wp-json\/wp\/v2\/media?parent=15271"}],"wp:term":[{"taxonomy":"category","embeddable":true,"href":"https:\/\/www.europesays.com\/es\/wp-json\/wp\/v2\/categories?post=15271"},{"taxonomy":"post_tag","embeddable":true,"href":"https:\/\/www.europesays.com\/es\/wp-json\/wp\/v2\/tags?post=15271"}],"curies":[{"name":"wp","href":"https:\/\/api.w.org\/{rel}","templated":true}]}}