{"id":152710,"date":"2025-10-02T12:30:09","date_gmt":"2025-10-02T12:30:09","guid":{"rendered":"https:\/\/www.europesays.com\/es\/152710\/"},"modified":"2025-10-02T12:30:09","modified_gmt":"2025-10-02T12:30:09","slug":"muro-acogera-un-gran-festival-taurino-el-dia-de-la-inmaculada","status":"publish","type":"post","link":"https:\/\/www.europesays.com\/es\/152710\/","title":{"rendered":"Muro acoger\u00e1 un gran festival taurino el D\u00eda de la Inmaculada"},"content":{"rendered":"<p>La empresa ha comunicado, adem\u00e1s, que la corrida inicialmente prevista para el pasado 9 de noviembre en <strong>Inca se celebrar\u00e1 finalmente dentro de la temporada 2026<\/strong>, enmarcada en una programaci\u00f3n m\u00e1s amplia y de m\u00e1ximo nivel. Una decisi\u00f3n que responde a la l\u00ednea marcada por la organizaci\u00f3n: ofrecer siempre el mejor producto taurino posible, con la <strong>garant\u00eda de toros de primera l\u00ednea<\/strong> y un cartel de figuras que mantenga viva la llama de la afici\u00f3n.<\/p>\n<p>BALANCE DE UNA TEMPORADA DE REENCUENTRO<\/p>\n<p>La <strong>temporada 2025<\/strong> ha sido, sin duda, la de la recuperaci\u00f3n definitiva de la <strong>tauromaquia mallorquina<\/strong>. Tres festejos han servido de term\u00f3metro del entusiasmo del p\u00fablico:<\/p>\n<p><a href=\"https:\/\/www.mallorcadiario.com\/pedro-silva-celebra-sus-dos-decadas-de-carrera-como-deejay\" rel=\"nofollow noopener\" target=\"_blank\"><img decoding=\"async\" width=\"150\" height=\"150\" src=\"https:\/\/www.europesays.com\/es\/wp-content\/uploads\/2025\/10\/pedro-silva-e1759330176442-150x150.jpg\" class=\"attachment-thumbnail size-thumbnail wp-post-image\" alt=\"\"  loading=\"lazy\"\/><\/a><\/p>\n<p><a href=\"https:\/\/www.mallorcadiario.com\/miura-regresa-a-lo-grande-a-inca-escribano-a-hombros-en-una-tarde-historica\" rel=\"nofollow noopener\" target=\"_blank\">Inca vibr\u00f3 con una hist\u00f3rica corrida de Miura<\/a>, que agot\u00f3 localidades y devolvi\u00f3 a la ciudad al mapa taurino nacional.<\/p>\n<p>El <a href=\"https:\/\/www.mallorcadiario.com\/tarde-de-toros-para-el-recuerdo-en-inca-con-indulto-historico-incluido\" rel=\"nofollow noopener\" target=\"_blank\">3 de agosto, la misma plaza volvi\u00f3 a llenarse<\/a> en un festejo que confirm\u00f3 la fuerza de la afici\u00f3n y reaviv\u00f3 una tradici\u00f3n que llevaba a\u00f1os apagada.<\/p>\n<p><a href=\"https:\/\/www.mallorcadiario.com\/ona-mafalda-presenta-rolling-el-ultimo-adelanto-antes-de-su-nuevo-disco\" rel=\"nofollow noopener\" target=\"_blank\"><img decoding=\"async\" width=\"150\" height=\"150\" src=\"https:\/\/www.europesays.com\/es\/wp-content\/uploads\/2025\/10\/ona-mafalda-150x150.jpeg\" class=\"attachment-thumbnail size-thumbnail wp-post-image\" alt=\"\"  loading=\"lazy\"\/><\/a><\/p>\n<p>En <a href=\"https:\/\/www.mallorcadiario.com\/muro-resucita-a-lo-grande-miranda-y-marco-perez-conquistan-la-monumental\" rel=\"nofollow noopener\" target=\"_blank\">Muro, tras ocho a\u00f1os de silencio, la plaza reabri\u00f3 sus puertas con un lleno absoluto<\/a>, recuperando un coso que forma parte del patrimonio taurino de la isla.<\/p>\n<p>Estos hitos marcan el inicio de un camino que <strong>Balears Cambio de Tercio<\/strong> ha trazado con una idea clara: recuperar y fortalecer la tauromaquia mallorquina.<\/p>\n<p>NOMBRES PROPIOS Y MOMENTOS PARA LA HISTORIA<\/p>\n<p>La n\u00f3mina de ganader\u00edas presentes en 2025 habla por s\u00ed sola:<strong> Miura, Adolfo Mart\u00edn, Fuente Ymbro, Partido Resina, Ferm\u00edn Boh\u00f3rquez y El Pilar<\/strong>. De sus hierros han salido algunos de los cap\u00edtulos m\u00e1s recordados de la temporada, como el in<strong>dulto de \u201cCalderero\u201d<\/strong> <strong>de Fuente Ymbro<\/strong>, o la <strong>vuelta al ruedo de \u201cPotrico\u201d de El Pilar.<\/strong><\/p>\n<p><a href=\"https:\/\/www.mallorcadiario.com\/el-pecio-de-ses-fontanelles-finalista-de-los-goya-de-la-arqueologia\" rel=\"nofollow noopener\" target=\"_blank\"><img decoding=\"async\" width=\"150\" height=\"150\" src=\"https:\/\/www.europesays.com\/es\/wp-content\/uploads\/2025\/10\/www.mallorcadiario.com__fotos_1_487699_ses-fontanelles-pecio-150x150.jpg\" class=\"attachment-thumbnail size-thumbnail wp-post-image\" alt=\"www.mallorcadiario.com fotos 1 487699 ses fontanelles pecio\"  loading=\"lazy\"\/><\/a><\/p>\n<p>En el plano art\u00edstico, los aficionados disfrutaron con los j\u00f3venes valores <strong>Borja Jim\u00e9nez y David de Miranda<\/strong>, as\u00ed como con la prometedora irrupci\u00f3n de Marco P\u00e9rez. Tambi\u00e9n hubo espacio para el homenaje: los 30 a\u00f1os de alternativa del maestro <strong>Javier Conde<\/strong>, as\u00ed como la presencia de los rejoneadores <strong>Lea Vicens y Andy Cartagena<\/strong>, que pusieron la guinda a tardes de alta calidad.<\/p>\n<p>La memoria de este a\u00f1o quedar\u00e1 marcada, sin embargo, por la faena antol\u00f3gica de Antonio Ferrera en Inca, un pasaje que ya se cuenta entre lo mejor visto en cosos baleares en las \u00faltimas d\u00e9cadas.<\/p>\n<p>UNA MIRADA AL FUTURO<\/p>\n<p>El festival del<strong> 8 de diciembre en Muro<\/strong> ser\u00e1 la antesala de una temporada 2026 que promete ser un acontecimiento mayor, fruto de una planificaci\u00f3n ambiciosa y detallada. El objetivo no es otro que situar la tauromaquia mallorquina en el lugar que merece y ofrecer a la afici\u00f3n una temporada a la altura de su pasi\u00f3n.<\/p>\n<p>Con la rehabilitaci\u00f3n de plazas, la apuesta por carteles de m\u00e1ximo nivel y el respeto a la tradici\u00f3n, <strong>Balears Cambio de Tercio<\/strong> se ha consolidado como referente en la defensa de la fiesta en Baleares. Paso a paso, la empresa est\u00e1 demostrando que la afici\u00f3n mallorquina sigue m\u00e1s viva que nunca.<\/p>\n<p>&#13;<br \/>\n\t\t\t\t0&#13;\n\t\t\t<\/p>\n","protected":false},"excerpt":{"rendered":"La empresa ha comunicado, adem\u00e1s, que la corrida inicialmente prevista para el pasado 9 de noviembre en Inca&hellip;\n","protected":false},"author":2,"featured_media":152711,"comment_status":"","ping_status":"","sticky":false,"template":"","format":"standard","meta":{"footnotes":""},"categories":[277],"tags":[46111,373,8069,168,25,24,13055,23,167,374],"class_list":{"0":"post-152710","1":"post","2":"type-post","3":"status-publish","4":"format-standard","5":"has-post-thumbnail","7":"category-toreo","8":"tag-baleares-cambio-de-tercio","9":"tag-bullfighting","10":"tag-corrida-de-toros","11":"tag-deportes","12":"tag-es","13":"tag-espana","14":"tag-muro","15":"tag-spain","16":"tag-sports","17":"tag-toreo"},"share_on_mastodon":{"url":"","error":""},"_links":{"self":[{"href":"https:\/\/www.europesays.com\/es\/wp-json\/wp\/v2\/posts\/152710","targetHints":{"allow":["GET"]}}],"collection":[{"href":"https:\/\/www.europesays.com\/es\/wp-json\/wp\/v2\/posts"}],"about":[{"href":"https:\/\/www.europesays.com\/es\/wp-json\/wp\/v2\/types\/post"}],"author":[{"embeddable":true,"href":"https:\/\/www.europesays.com\/es\/wp-json\/wp\/v2\/users\/2"}],"replies":[{"embeddable":true,"href":"https:\/\/www.europesays.com\/es\/wp-json\/wp\/v2\/comments?post=152710"}],"version-history":[{"count":0,"href":"https:\/\/www.europesays.com\/es\/wp-json\/wp\/v2\/posts\/152710\/revisions"}],"wp:featuredmedia":[{"embeddable":true,"href":"https:\/\/www.europesays.com\/es\/wp-json\/wp\/v2\/media\/152711"}],"wp:attachment":[{"href":"https:\/\/www.europesays.com\/es\/wp-json\/wp\/v2\/media?parent=152710"}],"wp:term":[{"taxonomy":"category","embeddable":true,"href":"https:\/\/www.europesays.com\/es\/wp-json\/wp\/v2\/categories?post=152710"},{"taxonomy":"post_tag","embeddable":true,"href":"https:\/\/www.europesays.com\/es\/wp-json\/wp\/v2\/tags?post=152710"}],"curies":[{"name":"wp","href":"https:\/\/api.w.org\/{rel}","templated":true}]}}