{"id":152712,"date":"2025-10-02T12:33:11","date_gmt":"2025-10-02T12:33:11","guid":{"rendered":"https:\/\/www.europesays.com\/es\/152712\/"},"modified":"2025-10-02T12:33:11","modified_gmt":"2025-10-02T12:33:11","slug":"asi-sera-la-ciudad-de-la-raqueta-2","status":"publish","type":"post","link":"https:\/\/www.europesays.com\/es\/152712\/","title":{"rendered":"as\u00ed ser\u00e1 la Ciudad de la Raqueta"},"content":{"rendered":"<p class=\"ft-text ft-helper-closenews\"><a class=\"ft-link ft-link--decoration\" href=\"https:\/\/www.lne.es\/aviles\/2025\/09\/30\/sola-oferta-ciudad-deportiva-aspirante-122125089.html\" rel=\"nofollow noopener\" target=\"_blank\">La Ciudad Deportiva de Corvera<\/a>, el equipamiento multidisciplinar del <a class=\"ft-link ft-link--decoration\" href=\"https:\/\/www.lne.es\/tags\/real-aviles\/\" rel=\"nofollow noopener\" target=\"_blank\">Real Avil\u00e9s<\/a> Industrial que ver\u00e1 la luz en los terrenos de Truy\u00e9s, cuya subasta acaba de finalizar esta misma semana, tendr\u00e1 una subsede en la villa de Avil\u00e9s, orientada al mundo del tenis. Pero no solo tendr\u00e1 protagonismo el deporte de raqueta.<\/p>\n<p class=\"ft-text\"><strong>La propiedad del club blanquiazul ha comenzado a sondear las posibilidades de desarrollar ese proyecto en la ciudad, <\/strong>habida cuenta de la existencia del Real Club de Tenis, entidad con la que se han desarrollado los primeros contactos. Las condiciones que se han puesto sobre la mesa son claras: esa subsede de la Ciudad Deportiva pasar\u00eda a integrarse junto con el resto de equipamientos del club blanquiazul \u2013no habr\u00eda absorci\u00f3n en ning\u00fan caso\u2013, <strong>la inversi\u00f3n estimada rondar\u00eda los 3 millones de euros<\/strong> y se plantear\u00eda una ampliaci\u00f3n de las instalaciones actuales del Club de Tenis en La Sablera, en la parroquia de San Crist\u00f3bal de Entrevi\u00f1as, para incorporar tambi\u00e9n all\u00ed a la Atl\u00e9tica Avilesina, <strong>sin que se produjera la p\u00e9rdida de identidad<\/strong> en ning\u00fan caso de las entidades mencionadas.<\/p>\n<p class=\"ft-text\">Al Club de Tenis, seg\u00fan la oferta que se le habr\u00eda trasladado, se le plante\u00f3 incorporar en dicha negociaci\u00f3n la cancelaci\u00f3n de su deuda, que ronda los 800.000 euros. Esta misma semana, los socios del Club de Tenis fueron convocados a la una asamblea en la que, entre otros asuntos, se abord\u00f3 la propuesta de convertirse en subsede de la Ciudad Deportiva de Corvera. Si bien en <strong>el asunto no fue sometido a votaci\u00f3n, la falta de informaci\u00f3n por parte de la directiva del Club fue lo que motiv\u00f3 que los socios mostraran un rechazo inicial<\/strong> porque, seg\u00fan las fuentes consultadas, \u00abfue una presentaci\u00f3n sin datos\u00bb. El hecho de que no concitara un inter\u00e9s mayoritario, apuntaron las mismas fuentes, no descarta que se pueda llevar a<strong> una nueva consulta con la masa social de la entidad<\/strong>. La ventaja es clara ya que su integraci\u00f3n como subsede de la Ciudad Deportiva de Corvera permitir\u00eda liquidar la deuda hist\u00f3rica que acumulan los del tenis.<\/p>\n<p class=\"ft-text\"><strong>La opci\u00f3n de las instalaciones de San Cristobal no es la \u00fanica que se baraja como subsede de la Ciudad Deportiva<\/strong>, pues existen otros terrenos en Avil\u00e9s que podr\u00edan albergar el proyecto ya bautizado como Ciudad de la Raqueta, donde poder combinar tambi\u00e9n otras actividades. La prioridad, no obstante, ser\u00eda la integraci\u00f3n del Club de Tenis por las posibilidades de incorporar instalaciones aleda\u00f1as como el vel\u00f3dromo de San Crist\u00f3bal, para m\u00e1s disciplinas deportivas.<\/p>\n<p>Cuarenta mil metros cuadrados disponibles<\/p>\n<p class=\"ft-text\">El Real Club de Tenis de Avil\u00e9s <strong>se fund\u00f3 el 19 de diciembre de 1960<\/strong>, aunque su acta fundacional se firm\u00f3 12 de mayo de 1967. Su primer presidente fue el juez decano de Avil\u00e9s, Eduardo Pardo, al que sucedieron Jos\u00e9 Mar\u00eda Fern\u00e1ndez Miranda y Manolo Gal\u00e9. <strong>Ocupaba inicialmente un terreno de veinte mil metros cuadrados<\/strong>, pero al poco tiempo se dobl\u00f3 su tama\u00f1o. En 1971 se inauguraron oficialmente sus instalaciones con un Campeonato de Espa\u00f1a que gan\u00f3 Manuel Orantes. Ha sido <strong>sede de tres eliminatorias de la Copa Davis<\/strong>: en 1972, 1981 y 1992.<\/p>\n<p class=\"ft-text\">A lo largo de sus 40.000 metros cuadrados de extensi\u00f3n, el Club de Tenis ha dispuesto una serie de instalaciones que permiten a sus socios realizar tanto actividades deportivas como l\u00fadicas.<\/p>\n<p class=\"ft-text\">As\u00ed, es posible practicar deportes como<strong> el tenis en sus siete pistas<\/strong> (cinco de tierra batida y dos de superficie r\u00e1pida), o el <strong>padel con cinco pistas<\/strong>, tres de ellas cubiertas. Como alternativa, disponen asimismo de un gimnasio dividido en dos salas equipadas con modernos aparatos y sauna. Tambi\u00e9n ofertan otras actividades como pilates y yoga.<\/p>\n<p data-close=\"closedContent\" class=\"subscribeHideForDisplay\">Suscr\u00edbete para seguir leyendo<\/p>\n","protected":false},"excerpt":{"rendered":"La Ciudad Deportiva de Corvera, el equipamiento multidisciplinar del Real Avil\u00e9s Industrial que ver\u00e1 la luz en los&hellip;\n","protected":false},"author":2,"featured_media":151502,"comment_status":"","ping_status":"","sticky":false,"template":"","format":"standard","meta":{"footnotes":""},"categories":[274],"tags":[45891,13849,777,1798,16894,168,7963,25,24,23,167,45892,327,326],"class_list":{"0":"post-152712","1":"post","2":"type-post","3":"status-publish","4":"format-standard","5":"has-post-thumbnail","7":"category-tenis","8":"tag-agrega","9":"tag-aviles","10":"tag-ciudad","11":"tag-club","12":"tag-corvera","13":"tag-deportes","14":"tag-deportiva","15":"tag-es","16":"tag-espana","17":"tag-spain","18":"tag-sports","19":"tag-subsede","20":"tag-tenis","21":"tag-tennis"},"share_on_mastodon":{"url":"","error":""},"_links":{"self":[{"href":"https:\/\/www.europesays.com\/es\/wp-json\/wp\/v2\/posts\/152712","targetHints":{"allow":["GET"]}}],"collection":[{"href":"https:\/\/www.europesays.com\/es\/wp-json\/wp\/v2\/posts"}],"about":[{"href":"https:\/\/www.europesays.com\/es\/wp-json\/wp\/v2\/types\/post"}],"author":[{"embeddable":true,"href":"https:\/\/www.europesays.com\/es\/wp-json\/wp\/v2\/users\/2"}],"replies":[{"embeddable":true,"href":"https:\/\/www.europesays.com\/es\/wp-json\/wp\/v2\/comments?post=152712"}],"version-history":[{"count":0,"href":"https:\/\/www.europesays.com\/es\/wp-json\/wp\/v2\/posts\/152712\/revisions"}],"wp:featuredmedia":[{"embeddable":true,"href":"https:\/\/www.europesays.com\/es\/wp-json\/wp\/v2\/media\/151502"}],"wp:attachment":[{"href":"https:\/\/www.europesays.com\/es\/wp-json\/wp\/v2\/media?parent=152712"}],"wp:term":[{"taxonomy":"category","embeddable":true,"href":"https:\/\/www.europesays.com\/es\/wp-json\/wp\/v2\/categories?post=152712"},{"taxonomy":"post_tag","embeddable":true,"href":"https:\/\/www.europesays.com\/es\/wp-json\/wp\/v2\/tags?post=152712"}],"curies":[{"name":"wp","href":"https:\/\/api.w.org\/{rel}","templated":true}]}}