{"id":152715,"date":"2025-10-02T12:35:09","date_gmt":"2025-10-02T12:35:09","guid":{"rendered":"https:\/\/www.europesays.com\/es\/152715\/"},"modified":"2025-10-02T12:35:09","modified_gmt":"2025-10-02T12:35:09","slug":"leclerc-espera-a-ferrari-mejor-que-mercedes-pero-descarta-un-milagro-en-singapur-noticia-de-f1","status":"publish","type":"post","link":"https:\/\/www.europesays.com\/es\/152715\/","title":{"rendered":"Leclerc espera a Ferrari mejor que Mercedes, pero descarta un \u00abmilagro\u00bb en Singapur &#8211; Noticia de F1"},"content":{"rendered":"<p>\n                Charles Leclerc descart\u00f3 que Ferrari pueda luchar por la victoria en Singapur. (Foto: Gabriel L\u00f3pez\/Grande Pr\u00eamio)\n              <\/p>\n<p><strong>Charles Leclerc<\/strong> evit\u00f3 generar grandes expectativas para el <strong>Gran Premio de Singapur<\/strong>, programado para este fin de semana en <strong>Marina Bay<\/strong>. Si bien las caracter\u00edsticas del circuito urbano y las altas temperaturas suelen favorecer a <strong>Ferrari<\/strong>, el monegasco consider\u00f3 que el equipo no deber\u00eda esperar luchar por la victoria en la carrera nocturna y se\u00f1al\u00f3 a <strong>Bak\u00fa<\/strong>, otro circuito urbano, como gu\u00eda.<\/p>\n<p>Leclerc cree que <strong>McLaren<\/strong> llegar\u00e1 m\u00e1s fuerte a Singapur, lo que deber\u00eda dejar al equipo italiano en clara desventaja en la lucha por los primeros puestos. Aun as\u00ed, el monegasco expres\u00f3 su confianza en un posible duelo m\u00e1s parejo contra <strong>Mercedes<\/strong>, su rival directo por el segundo puesto en el <strong>Campeonato de Constructores<\/strong>.<\/p>\n<p>\u00abNo podemos esperar milagros. En Bak\u00fa, no es que no fu\u00e9ramos competitivos, pero tampoco creo que podamos esperar ser m\u00e1s competitivos ahora\u00bb, declar\u00f3 en una entrevista en el circuito de Marina Bay.<\/p>\n<p>\ud83d\udfe5\u00a0<strong>\u00a1Todas las novedades te esperan en el canal de\u00a0<\/strong><a href=\"https:\/\/www.youtube.com\/@GrandePremioES\" rel=\"nofollow noopener\" target=\"_blank\">YouTube<\/a><strong>\u00a0de Grande Pr\u00eamio en Espa\u00f1ol!<\/strong>\u00a0\ud83d\udfe8<\/p>\n<p><img decoding=\"async\" data-attachment-id=\"364798\" data-permalink=\"https:\/\/grandepremio.com\/es\/azerbaijao-2025-f1-treinos-livres-ferrari-charles-leclerc-01-3\/\" data-orig-file=\"https:\/\/grandepremio.com\/cdn-cgi\/image\/width=893,height=558,fit=contain,gravity=0.5x0.5,quality=75,format=webp\/es\/wp-content\/uploads\/..\/gp_br_uploads\/2025\/09\/azerbaijao-2025-f1-treinos-livres-ferrari-charles-leclerc-01-2.jpg\" data-orig-size=\"\" data-comments-opened=\"1\" data-image-meta=\"[]\" data-image-title=\"F1 2025, AFP, AZERBAIJ\u00c3O, TREINOS-LIVRES, FERRARI, CHARLES LECLERC\" data-image-description=\"&lt;p&gt;Charles Leclerc (Foto: AFP) &lt;\/p&gt;&#10;\" data-image-caption=\"&lt;p&gt;Charles Leclerc ve que Ferrari tiene una ventaja sobre Mercedes en Singapur. (Foto: AFP) &lt;\/p&gt;&#10;\" data-medium-file=\"https:\/\/grandepremio.com\/cdn-cgi\/image\/width=893,height=558,fit=contain,gravity=0.5x0.5,quality=75,format=webp\/es\/wp-content\/uploads\/..\/gp_br_uploads\/2025\/09\/azerbaijao-2025-f1-treinos-livres-ferrari-charles-leclerc-01-2.jpg\" data-large-file=\"https:\/\/grandepremio.com\/cdn-cgi\/image\/width=893,height=558,fit=contain,gravity=0.5x0.5,quality=75,format=webp\/es\/wp-content\/uploads\/..\/gp_br_uploads\/2025\/09\/azerbaijao-2025-f1-treinos-livres-ferrari-charles-leclerc-01-2.jpg\" src=\"https:\/\/www.europesays.com\/es\/wp-content\/uploads\/2025\/10\/azerbaijao-2025-f1-treinos-livres-ferrari-charles-leclerc-01-2.jpg\" alt=\"\" class=\"wp-image-364798\"\/>Charles Leclerc ve que Ferrari tiene una ventaja sobre Mercedes en Singapur. (Foto: AFP) <\/p>\n<p>\u23e9\u00a0<strong>\u00a1Seguinos en redes por\u00a0<\/strong><a href=\"https:\/\/twitter.com\/grandepremioES\" rel=\"nofollow noopener\" target=\"_blank\">Twitter\u00a0<\/a><strong>e\u00a0<\/strong><a href=\"https:\/\/www.instagram.com\/grandepremioes\/\" rel=\"nofollow noopener\" target=\"_blank\">Instagram!<\/a><br \/>\u23e9\u00a0<strong>Adem\u00e1s, tenemos nuestro\u00a0<\/strong><a href=\"https:\/\/whatsapp.com\/channel\/0029VaDZ5zb0gcfDxuwxBM05\" rel=\"nofollow noopener\" target=\"_blank\">canal de Whatsapp<\/a><strong>\u00a0con toda la informaci\u00f3n al instante<\/strong>\u00a0\ud83c\udfc1<\/p>\n<p>\u00abCreo que McLaren tendr\u00e1 una ventaja a\u00fan mayor en un circuito como este, as\u00ed que estaremos un poco m\u00e1s atr\u00e1s. Pero contra Mercedes, deber\u00edamos ser un poco mejores\u00bb, evalu\u00f3.<\/p>\n<p>Seg\u00fan Charles, el rendimiento actual es bastante diferente al de la temporada pasada. El #16 enfatiz\u00f3 que las condiciones clim\u00e1ticas pueden tener un mayor impacto en el rendimiento que la propia pista, la <a href=\"https:\/\/grandepremio.com\/es\/f1\/fia-advertencia-equipos-f1-2025-calor-extremo-gran-premio-singapur\/\" rel=\"nofollow noopener\" target=\"_blank\"><strong>Federaci\u00f3n Internacional del Autom\u00f3vil (FIA)<\/strong> ya ha emitido una alerta por calor para el fin de semana<\/a>.<\/p>\n<p>\u00abEstamos en un escenario muy diferente al del a\u00f1o pasado. En resumen, Mercedes es m\u00e1s fuerte cuando hace fr\u00edo y nosotros somos mejores cuando hace calor. Creo que esto tendr\u00e1 m\u00e1s impacto que cualquier otra caracter\u00edstica de la pista\u00bb, concluy\u00f3.<\/p>\n<p>La\u00a0<strong>F\u00f3rmula 1<\/strong>\u00a0regresa entre el 3 y 5 de octubre con el\u00a0<strong>Gran Premio de Singapur<\/strong>, 18\u00aa prueba de la\u00a0<strong>temporada 2025<\/strong>, en el circuito urbano de\u00a0<strong>Marina Bay<\/strong>.<\/p>\n<p>      <script async src=\"https:\/\/platform.twitter.com\/widgets.js\" charset=\"utf-8\"><\/script><script async src=\"\/\/www.instagram.com\/embed.js\"><\/script><\/p>\n","protected":false},"excerpt":{"rendered":"Charles Leclerc descart\u00f3 que Ferrari pueda luchar por la victoria en Singapur. (Foto: Gabriel L\u00f3pez\/Grande Pr\u00eamio) Charles Leclerc&hellip;\n","protected":false},"author":2,"featured_media":152716,"comment_status":"","ping_status":"","sticky":false,"template":"","format":"standard","meta":{"footnotes":""},"categories":[270],"tags":[168,25,24,306,271,272,23,167],"class_list":{"0":"post-152715","1":"post","2":"type-post","3":"status-publish","4":"format-standard","5":"has-post-thumbnail","7":"category-formula-1","8":"tag-deportes","9":"tag-es","10":"tag-espana","11":"tag-f1","12":"tag-formula-1","13":"tag-formula1","14":"tag-spain","15":"tag-sports"},"share_on_mastodon":{"url":"","error":""},"_links":{"self":[{"href":"https:\/\/www.europesays.com\/es\/wp-json\/wp\/v2\/posts\/152715","targetHints":{"allow":["GET"]}}],"collection":[{"href":"https:\/\/www.europesays.com\/es\/wp-json\/wp\/v2\/posts"}],"about":[{"href":"https:\/\/www.europesays.com\/es\/wp-json\/wp\/v2\/types\/post"}],"author":[{"embeddable":true,"href":"https:\/\/www.europesays.com\/es\/wp-json\/wp\/v2\/users\/2"}],"replies":[{"embeddable":true,"href":"https:\/\/www.europesays.com\/es\/wp-json\/wp\/v2\/comments?post=152715"}],"version-history":[{"count":0,"href":"https:\/\/www.europesays.com\/es\/wp-json\/wp\/v2\/posts\/152715\/revisions"}],"wp:featuredmedia":[{"embeddable":true,"href":"https:\/\/www.europesays.com\/es\/wp-json\/wp\/v2\/media\/152716"}],"wp:attachment":[{"href":"https:\/\/www.europesays.com\/es\/wp-json\/wp\/v2\/media?parent=152715"}],"wp:term":[{"taxonomy":"category","embeddable":true,"href":"https:\/\/www.europesays.com\/es\/wp-json\/wp\/v2\/categories?post=152715"},{"taxonomy":"post_tag","embeddable":true,"href":"https:\/\/www.europesays.com\/es\/wp-json\/wp\/v2\/tags?post=152715"}],"curies":[{"name":"wp","href":"https:\/\/api.w.org\/{rel}","templated":true}]}}