{"id":152719,"date":"2025-10-02T12:37:12","date_gmt":"2025-10-02T12:37:12","guid":{"rendered":"https:\/\/www.europesays.com\/es\/152719\/"},"modified":"2025-10-02T12:37:12","modified_gmt":"2025-10-02T12:37:12","slug":"de-albanil-y-descargar-cajas-a-central-de-la-juventus","status":"publish","type":"post","link":"https:\/\/www.europesays.com\/es\/152719\/","title":{"rendered":"de alba\u00f1il y descargar cajas a central de la Juventus"},"content":{"rendered":"<p data-mrf-recirculation=\"Links P\u00e1rrafos\" class=\"ue-c-article__paragraph paragraph\"><strong>Federico Gatti<\/strong>, defensa de la Juventus, <a href=\"https:\/\/www.marca.com\/futbol\/champions-league\/2025\/10\/01\/gol-jornada-impresionante-chilena-gatti-villarreal-video.html\" rel=\"nofollow noopener\" target=\"_blank\"><strong>ejecut\u00f3 una espectacular chilena al estilo Cristiano Ronaldo<\/strong><\/a> para marcar al Villarreal en el partido que finalmente <a href=\"https:\/\/www.marca.com\/futbol\/champions-league\/cronica\/2025\/10\/01\/punto-orgullo-villarreal-champions.html\" rel=\"nofollow noopener\" target=\"_blank\">e<strong>l equipo italiano acab\u00f3 empatando 2-2<\/strong><\/a><strong>.<\/strong><\/p>\n<p>Villarreal 2-2 Juventus: resumen y goles Champions League (J2)<\/p>\n<p data-mrf-recirculation=\"Links P\u00e1rrafos\" class=\"ue-c-article__paragraph paragraph\">Gatti, un defensa de 1,91 m. y 27 a\u00f1os, <strong>fich\u00f3 por la Juventus en 2022 (fue cedido al Frosinone)<\/strong> tras una <strong>carrera en el f\u00fatbol que empez\u00f3 en cuarta divisi\u00f3n<\/strong>.<\/p>\n<p><img decoding=\"async\" width=\"3000\" height=\"2000\" class=\"ue-c-article__image lazyload\" alt=\"La chilena 'ronaldiana' de Federico Gatti a la Juventus\" loading=\"lazy\" src=\"https:\/\/www.europesays.com\/es\/wp-content\/uploads\/2025\/10\/68de331cecf52.jpeg\"\/><\/p>\n<p>La chilena &#8216;ronaldiana&#8217; de Federico Gatti a la JuventusAP<\/p>\n<p data-mrf-recirculation=\"Links P\u00e1rrafos\" class=\"ue-c-article__paragraph paragraph\">\u00abLa carrera hacia el ascenso de Gatti es tremenda: de ser alba\u00f1il y jugar en Serie D (cuarta divisi\u00f3n del &#8216;Calcio&#8217;) a la Juventus&#8230; en apenas cuatro a\u00f1os\u00bb, <a href=\"https:\/\/www.marca.com\/futbol\/champions-league\/2025\/02\/19\/federico-gatti-albanil-calcio-apunta-heredero-chiellini.html\" rel=\"nofollow noopener\" target=\"_blank\"><strong>public\u00f3 Irati Prat en un reportaje en MARCA<\/strong><\/a>.<\/p>\n<p>Federico Gatti: \u00abYo trabajaba antes en los mercados. Hace dos a\u00f1os era alba\u00f1il e instalaba ventanas\u00bb<\/p>\n<p data-mrf-recirculation=\"Links P\u00e1rrafos\" class=\"ue-c-article__paragraph paragraph\"><strong>Cuanto ten\u00eda 17 a\u00f1os Gatti jugaba en el Pavarolo<\/strong>, el equipo de un pueblecito del Piamonte. <strong>Por la tarde entrenaba, por la ma\u00f1ana trabajaba&#8230; donde fuera<\/strong>.<\/p>\n<p data-mrf-recirculation=\"Links P\u00e1rrafos\" class=\"ue-c-article__paragraph paragraph\">El propio <a href=\"https:\/\/www.marca.com\/futbol\/europa-league\/2023\/05\/12\/645de3b622601db2738b45d8.html\" rel=\"nofollow noopener\" target=\"_blank\"><strong>Federico Gatti contaba en febrero de 2022<\/strong><\/a>, tras fichar por la Juventus procedente del Frosinone de la Serie B, que \u00abyo trabajaba antes en los mercados para descargar cajas de frutas y verduras. Hace dos a\u00f1os era alba\u00f1il e instalaba ventanas, en las tardes entrenaba sobre barro, campos helados y fr\u00edo. Esto es un sue\u00f1o\u00bb.<\/p>\n<p><img decoding=\"async\" width=\"2057\" height=\"1372\" class=\"ue-c-article__image lazyload\" alt=\"Federico Gatti: &quot;Yo trabajaba antes en los mercados. Hace dos a\u00f1os era alba\u00f1il e instalaba ventanas&quot;\" loading=\"lazy\" src=\"https:\/\/www.europesays.com\/es\/wp-content\/uploads\/2025\/10\/68de33401b9a2.jpeg\"\/><\/p>\n<p>Federico Gatti: \u00abYo trabajaba antes en los mercados. Hace dos a\u00f1os era alba\u00f1il e instalaba ventanas\u00bbAP<\/p>\n<p data-mrf-recirculation=\"Links P\u00e1rrafos\" class=\"ue-c-article__paragraph paragraph\">A lo largo de su carrera Gatti ha jugado para U. S. Alessandria Calcio (2012-18), Pavarolo (2014-16), Saluzzo (2016-17), Pavarolo (2017-18), Verbania Calcio (2018-20), Pro Patria (2020-21), Frosinone Calcio (2021-22) y Juventus.<\/p>\n<p data-mrf-recirculation=\"Links P\u00e1rrafos\" class=\"ue-c-article__paragraph paragraph\"><strong>Federico Gatti, que en 2022 fue convocado por la selecci\u00f3n de Italia<\/strong> , ya ha sido 6 veces internacional con la selecci\u00f3n Azzurra.<\/p>\n","protected":false},"excerpt":{"rendered":"Federico Gatti, defensa de la Juventus, ejecut\u00f3 una espectacular chilena al estilo Cristiano Ronaldo para marcar al Villarreal&hellip;\n","protected":false},"author":2,"featured_media":152720,"comment_status":"","ping_status":"","sticky":false,"template":"","format":"standard","meta":{"footnotes":""},"categories":[268],"tags":[168,25,24,280,282,281,23,167],"class_list":{"0":"post-152719","1":"post","2":"type-post","3":"status-publish","4":"format-standard","5":"has-post-thumbnail","7":"category-futbol","8":"tag-deportes","9":"tag-es","10":"tag-espana","11":"tag-football","12":"tag-futbol","13":"tag-soccer","14":"tag-spain","15":"tag-sports"},"share_on_mastodon":{"url":"","error":""},"_links":{"self":[{"href":"https:\/\/www.europesays.com\/es\/wp-json\/wp\/v2\/posts\/152719","targetHints":{"allow":["GET"]}}],"collection":[{"href":"https:\/\/www.europesays.com\/es\/wp-json\/wp\/v2\/posts"}],"about":[{"href":"https:\/\/www.europesays.com\/es\/wp-json\/wp\/v2\/types\/post"}],"author":[{"embeddable":true,"href":"https:\/\/www.europesays.com\/es\/wp-json\/wp\/v2\/users\/2"}],"replies":[{"embeddable":true,"href":"https:\/\/www.europesays.com\/es\/wp-json\/wp\/v2\/comments?post=152719"}],"version-history":[{"count":0,"href":"https:\/\/www.europesays.com\/es\/wp-json\/wp\/v2\/posts\/152719\/revisions"}],"wp:featuredmedia":[{"embeddable":true,"href":"https:\/\/www.europesays.com\/es\/wp-json\/wp\/v2\/media\/152720"}],"wp:attachment":[{"href":"https:\/\/www.europesays.com\/es\/wp-json\/wp\/v2\/media?parent=152719"}],"wp:term":[{"taxonomy":"category","embeddable":true,"href":"https:\/\/www.europesays.com\/es\/wp-json\/wp\/v2\/categories?post=152719"},{"taxonomy":"post_tag","embeddable":true,"href":"https:\/\/www.europesays.com\/es\/wp-json\/wp\/v2\/tags?post=152719"}],"curies":[{"name":"wp","href":"https:\/\/api.w.org\/{rel}","templated":true}]}}