{"id":152721,"date":"2025-10-02T12:38:13","date_gmt":"2025-10-02T12:38:13","guid":{"rendered":"https:\/\/www.europesays.com\/es\/152721\/"},"modified":"2025-10-02T12:38:13","modified_gmt":"2025-10-02T12:38:13","slug":"maria-pombo-y-pablo-castellano-hablan-de-su-mudanza-a-miami-estamos-viendo","status":"publish","type":"post","link":"https:\/\/www.europesays.com\/es\/152721\/","title":{"rendered":"Mar\u00eda Pombo y Pablo Castellano hablan de su mudanza a Miami: \u00abEstamos viendo&#8230;\u00bb"},"content":{"rendered":"<p><strong>Mar\u00eda Pombo<\/strong> se ha enamorado de <strong>Miami<\/strong> y lleva muchos meses pensando en hacer las maletas para empezar una nueva vida lejos de Espa\u00f1a. El problema es que sus empresas est\u00e1n en <strong>Madrid<\/strong>, por eso no se atreve a dar el paso definitivo. Sin embargo, siente que es un sue\u00f1o que debe cumplir y si quiere hacerlo tendr\u00e1 que decidirlo \u00abya o ya\u00bb. En las \u00faltimas horas ha dado unas declaraciones que dejan entrever cu\u00e1l es su postura: fantasea con mudarse a <strong>Estados Unidos<\/strong>, aunque debe solucionar sus cuentas pendientes antes de cambiar de residencia. No podemos olvidar que su nombre siempre va asociado a esc\u00e1ndalos y pol\u00e9micas, por eso son muchos los que est\u00e1n dudando de sus intenciones. Sus detractores aseguran que Pombo est\u00e1 vendiendo humo para dar publicidad a la nueva temporada de su reality, emitido en Amazon Prime.<\/p>\n<p>La influencer ha intentado zanjar los rumores y ha reconocido que \u00abestamos viendo cosas\u00bb. Hace unos d\u00edas, el periodista<a href=\"https:\/\/okdiario.com\/sociedad\/javi-hoyos-da-cuenta-del-detalle-que-nadie-vio-esta-foto-aitana-todos-quedan-shock-15293829\" rel=\"nofollow noopener\" target=\"_blank\"> Javi Hoyos<\/a> desvel\u00f3 que Mar\u00eda y Pablo Castellano hab\u00edan visitado una escuela en Miami, gesto que muchos han interpretado como el inicio de su mudanza. Sin embargo, <strong>Pombo no quiere que nadie se confunda<\/strong> ni que le acusen de estar enga\u00f1ando a la audiencia, por eso ha hablado muy claro y ha prometido que todav\u00eda no sabe qu\u00e9 har\u00e1. Eso s\u00ed, le dar\u00eda pena no hacerlo porque piensa que puede ser algo muy bueno para sus hijos. \u00ab<strong>Creo que tambi\u00e9n, para el n\u00facleo familiar, una experiencia as\u00ed puede ser muy interesante<\/strong>, pero no s\u00e9, necesitar\u00eda otra vida para vivir creo\u00bb, ha comentado a trav\u00e9s de su cuenta de Instagram.<\/p>\n<p>Mientras tanto, <a href=\"https:\/\/okdiario.com\/happyfm\/quien-javier-hoyos-edad-pareja-actual-cuanto-mide-14624736\" rel=\"nofollow noopener\" target=\"_blank\">el periodista Javi Hoyos, autor de esta exclusiva<\/a>, sostiene que Mar\u00eda Pombo y Pablo Castellano a\u00fan no est\u00e1n convencidos al 100%, aunque ya han realizado una serie de movimientos que inclinan la balanza a favor de Estados Unidos. \u00ab<strong>No lo tienen cerrado, est\u00e1n buscando la zona y estudiando las posibilidades<\/strong>. Por el momento no tienen nada claro pero est\u00e1n buscando una casa all\u00ed\u00bb, explica el presentador de TVE.<\/p>\n<p>La versi\u00f3n de Pablo Castellano<\/p>\n<p><strong>Mar\u00eda Pombo<\/strong> est\u00e1 muy acostumbrada a lidiar contra ciertas pol\u00e9micas, pero su marido siempre ha intentado mantenerse en un discreto segundo plano. No obstante, el empresario ha decidido romper su silencio cuando los reporteros le han pillado en el aeropuerto de Madrid. Ha hablado sin tapujos y ha reconocido que ha hecho un viaje a Miami, aunque desmiente que la mudanza sea inminente. \u00ab<strong>Es un sitio que nos encanta y tenemos amigos y familia all\u00ed. Viendo cosas<\/strong>. Espa\u00f1a es nuestro sitio, aqu\u00ed estamos fenomenal. Probando. Tienen que alinearse muchas cosas, pero todo es posible\u00bb, comenta cuando le preguntan por este tema.<\/p>\n<p>Castellano y su hermano son due\u00f1os de una empresa de construcci\u00f3n que cosecha muy buenos resultados, as\u00ed que tendr\u00eda que atar muchos cabos antes de salir de Espa\u00f1a para emprender su aventura americana. Es posible que, si llega a dar el paso, lo haga por <a href=\"https:\/\/okdiario.com\/noticias\/maria-pombo\/\" rel=\"nofollow noopener\" target=\"_blank\">Mar\u00eda Pombo<\/a>, quien lleva mucho tiempo pensando c\u00f3mo ser\u00eda su d\u00eda a d\u00eda fuera de nuestras fronteras. \u00ab<strong>S\u00e9 que lo estoy romantizando, pero \u00bfdos a\u00f1os de mi vida?<\/strong> Teniendo claro que son dos a\u00f1os, no me puede parecer m\u00e1s precioso este sue\u00f1o que tengo\u2026 \u00bfqui\u00e9n sabe? Ojal\u00e1\u00bb, dijo en Instagram.<\/p>\n<p>La nueva pol\u00e9mica de Mar\u00eda Pombo<\/p>\n<p>Dejando a un lado el tema de la mudanza a <strong>Miami<\/strong>, hay otra pol\u00e9mica que ha salpicado a Mar\u00eda Pombo. <a href=\"https:\/\/okdiario.com\/look\/actualidad\/fernando-tejero-culpa-maria-pombo-sobre-fin-amistad-pablo-castellano-que-lo-haga-mirar-2390120\" rel=\"nofollow noopener\" target=\"_blank\">Fernando Tejero asegura que su amistad con Pablo Castellano se vio truncada por culpa de la empresaria<\/a>. Seg\u00fan cuenta, antes de que Pablo conociera a Mar\u00eda ambos manten\u00edan una conexi\u00f3n que naci\u00f3 durante un rodaje y que pronto se hizo p\u00fablica, pues era habitual verles compartir momentos juntos. <strong>Esa complicidad<\/strong> llam\u00f3 tanto la atenci\u00f3n que incluso se lleg\u00f3 a especular con la naturaleza de ese v\u00ednculo, algo que Tejero recuerda con incomodidad porque deriv\u00f3 en titulares que insinuaban una relaci\u00f3n m\u00e1s all\u00e1 de la amistad, justo en una etapa en la que Mar\u00eda estaba embarazada y la atenci\u00f3n sobre ellos era mayor.<\/p>\n<blockquote class=\"instagram-media\" style=\"background: #FFF; border: 0; border-radius: 3px; box-shadow: 0 0 1px 0 rgba(0,0,0,0.5),0 1px 10px 0 rgba(0,0,0,0.15); margin: 1px; max-width: 540px; min-width: 326px; padding: 0; width: calc(100% - 2px);\" data-instgrm-captioned=\"\" data-instgrm-permalink=\"https:\/\/www.instagram.com\/reel\/DPJ7TOSjK8H\/?utm_source=ig_embed&amp;utm_campaign=loading\" data-instgrm-version=\"14\">\n<\/blockquote>\n<p><strong>El protagonista de La que se avecina<\/strong> ha aclarado que el trasfondo de esos rumores no fue otro que un prejuicio, y lament\u00f3 que la propia Mar\u00eda llegara a pensar que Pablo pod\u00eda ser homosexual \u00fanicamente por tener una estrecha amistad con \u00e9l. Defiende que <strong>este tipo de actitudes<\/strong> responden a una visi\u00f3n anticuada y conservadora que no acepta con naturalidad que entre una persona gay y otra heterosexual pueda existir una relaci\u00f3n de amistad sin m\u00e1s implicaciones.<\/p>\n<p>Pese a la <strong>decepci\u00f3n<\/strong> que le produjo aquella reacci\u00f3n, Tejero promete que no guarda rencor hacia la influencer, a la que prefiere perdonar y dejar atr\u00e1s lo ocurrido. \u00abQuien tiene boca, se equivoca\u00bb, dice, dejando claro que, aunque sigue queriendo a <strong>Pablo Castellano<\/strong>, considera que esta situaci\u00f3n refleja prejuicios sociales que a\u00fan siguen presentes.<\/p>\n<p>\t\t\t\t\t<script async src=\"\/\/www.instagram.com\/embed.js\"><\/script><\/p>\n","protected":false},"excerpt":{"rendered":"Mar\u00eda Pombo se ha enamorado de Miami y lleva muchos meses pensando en hacer las maletas para empezar&hellip;\n","protected":false},"author":2,"featured_media":152722,"comment_status":"","ping_status":"","sticky":false,"template":"","format":"standard","meta":{"footnotes":""},"categories":[174],"tags":[255,146,147,25,24,256,23],"class_list":{"0":"post-152721","1":"post","2":"type-post","3":"status-publish","4":"format-standard","5":"has-post-thumbnail","7":"category-famosos","8":"tag-celebrities","9":"tag-entertainment","10":"tag-entretenimiento","11":"tag-es","12":"tag-espana","13":"tag-famosos","14":"tag-spain"},"share_on_mastodon":{"url":"","error":""},"_links":{"self":[{"href":"https:\/\/www.europesays.com\/es\/wp-json\/wp\/v2\/posts\/152721","targetHints":{"allow":["GET"]}}],"collection":[{"href":"https:\/\/www.europesays.com\/es\/wp-json\/wp\/v2\/posts"}],"about":[{"href":"https:\/\/www.europesays.com\/es\/wp-json\/wp\/v2\/types\/post"}],"author":[{"embeddable":true,"href":"https:\/\/www.europesays.com\/es\/wp-json\/wp\/v2\/users\/2"}],"replies":[{"embeddable":true,"href":"https:\/\/www.europesays.com\/es\/wp-json\/wp\/v2\/comments?post=152721"}],"version-history":[{"count":0,"href":"https:\/\/www.europesays.com\/es\/wp-json\/wp\/v2\/posts\/152721\/revisions"}],"wp:featuredmedia":[{"embeddable":true,"href":"https:\/\/www.europesays.com\/es\/wp-json\/wp\/v2\/media\/152722"}],"wp:attachment":[{"href":"https:\/\/www.europesays.com\/es\/wp-json\/wp\/v2\/media?parent=152721"}],"wp:term":[{"taxonomy":"category","embeddable":true,"href":"https:\/\/www.europesays.com\/es\/wp-json\/wp\/v2\/categories?post=152721"},{"taxonomy":"post_tag","embeddable":true,"href":"https:\/\/www.europesays.com\/es\/wp-json\/wp\/v2\/tags?post=152721"}],"curies":[{"name":"wp","href":"https:\/\/api.w.org\/{rel}","templated":true}]}}