{"id":152723,"date":"2025-10-02T12:40:27","date_gmt":"2025-10-02T12:40:27","guid":{"rendered":"https:\/\/www.europesays.com\/es\/152723\/"},"modified":"2025-10-02T12:40:27","modified_gmt":"2025-10-02T12:40:27","slug":"no-se-si-nos-queda-por-ver-un-disco","status":"publish","type":"post","link":"https:\/\/www.europesays.com\/es\/152723\/","title":{"rendered":"No s\u00e9 si nos queda por ver un disco"},"content":{"rendered":"<p>   SEVILLA 1 Oct. (EUROPA PRESS) &#8211; <\/p>\n<p>   La portavoz del Grupo Parlamentario Por Andaluc\u00eda, Inma Nieto, ha ironizado este mi\u00e9rcoles en rueda de prensa sobre el anuncio de la publicaci\u00f3n del primer libro del presidente de la Junta de Andaluc\u00eda, Juanma Moreno, titulado &#8216;Manual de convivencia. La v\u00eda andaluza&#8217;, que publicar\u00e1 el 29 de octubre la editorial Espasa.<\/p>\n<p>    Nieto ha afirmado que el libro bien podr\u00eda llamarse \u00abManual de connivencia\u00bb, para seguidamente desarrollar esa afirmaci\u00f3n apuntando que as\u00ed ha sido la forma de proceder del Gobierno andaluz \u00abcon las cl\u00ednicas privadas, la patronal tur\u00edstica, las constructoras\u00bb, antes de augurar que el par\u00e9ntesis que queda hasta \u00abla preparaci\u00f3n del disfraz de rey mago\u00bb, en alusi\u00f3n a que Moreno encarnar\u00e1 el 5 de enero de 2026 a Baltasar en la Cabalgata de Reyes de Sevilla, que \u00abno s\u00e9 si nos queda por ver un disco\u00bb.<\/p>\n<p>    En medio de las cr\u00edticas que ha expresado sobre la gesti\u00f3n del Gobierno andaluz de los servicios p\u00fablicos, donde ha detallado el problema de las mamograf\u00edas del programa de c\u00e1ncer de mama o de la dependencia, Nieto ha afirmado sobre Moreno que \u00abno encuentra tiempo para ser presidente de la Junta de Andaluc\u00eda\u00bb y este episodio ha considerado que \u00abejemplifica bien en qu\u00e9 anda enredado el Gobierno y Moreno Bonilla\u00bb.<\/p>\n<p>    La tambi\u00e9n dirigente de Izquierda Unida Andaluc\u00eda ha considerado que el presidente ajeno vive ajeno a la realidad que le rodea por cuanto ha afirmado que lo hace \u00aben los mundos de Yupi\u00bb, en alusi\u00f3n a una serie infantil de televisi\u00f3n de moda entre el final de los 80 y principios de los 90, en medio de \u00abun triunfalismo que no vive la mayor\u00eda de la gente\u00bb y criticando \u00absus destrozos en la mayor\u00eda social por sus pol\u00edticas disparatadas\u00bb.<\/p>\n<p>   Preguntada en rueda de prensa por que este mi\u00e9rcoles el Gobierno andaluz celebra la reuni\u00f3n semanal del Consejo de Gobierno en las Atarazanas de Sevilla, un astillero medieval que ha afrontado un proyecto de rehabilitaci\u00f3n para convertirse en un espacio cultural, Nieto ha considerado que esta elecci\u00f3n \u00abm\u00e1s all\u00e1 de que eso de recuperar un espacio siempre es bueno\u00bb supone un ejemplo de \u00abla conjunci\u00f3n del paroxismo en pol\u00edtica y el evento\u00bb.<\/p>\n<p>    Tras recordar las cr\u00edticas de asociaciones conservacionistas del patrimonio hist\u00f3rico hacia el proyecto de las Atarazanas, la portavoz de Por Andaluc\u00eda ha considerado que esta elecci\u00f3n forma parte \u00abdel cat\u00e1logo frivolidades que tocaba hoy cuando todos los d\u00edas hay uno\u00bb. <\/p>\n","protected":false},"excerpt":{"rendered":"SEVILLA 1 Oct. (EUROPA PRESS) &#8211; La portavoz del Grupo Parlamentario Por Andaluc\u00eda, Inma Nieto, ha ironizado este&hellip;\n","protected":false},"author":2,"featured_media":152724,"comment_status":"","ping_status":"","sticky":false,"template":"","format":"standard","meta":{"footnotes":""},"categories":[172],"tags":[224,146,147,25,24,225,23],"class_list":{"0":"post-152723","1":"post","2":"type-post","3":"status-publish","4":"format-standard","5":"has-post-thumbnail","7":"category-libros","8":"tag-books","9":"tag-entertainment","10":"tag-entretenimiento","11":"tag-es","12":"tag-espana","13":"tag-libros","14":"tag-spain"},"share_on_mastodon":{"url":"","error":""},"_links":{"self":[{"href":"https:\/\/www.europesays.com\/es\/wp-json\/wp\/v2\/posts\/152723","targetHints":{"allow":["GET"]}}],"collection":[{"href":"https:\/\/www.europesays.com\/es\/wp-json\/wp\/v2\/posts"}],"about":[{"href":"https:\/\/www.europesays.com\/es\/wp-json\/wp\/v2\/types\/post"}],"author":[{"embeddable":true,"href":"https:\/\/www.europesays.com\/es\/wp-json\/wp\/v2\/users\/2"}],"replies":[{"embeddable":true,"href":"https:\/\/www.europesays.com\/es\/wp-json\/wp\/v2\/comments?post=152723"}],"version-history":[{"count":0,"href":"https:\/\/www.europesays.com\/es\/wp-json\/wp\/v2\/posts\/152723\/revisions"}],"wp:featuredmedia":[{"embeddable":true,"href":"https:\/\/www.europesays.com\/es\/wp-json\/wp\/v2\/media\/152724"}],"wp:attachment":[{"href":"https:\/\/www.europesays.com\/es\/wp-json\/wp\/v2\/media?parent=152723"}],"wp:term":[{"taxonomy":"category","embeddable":true,"href":"https:\/\/www.europesays.com\/es\/wp-json\/wp\/v2\/categories?post=152723"},{"taxonomy":"post_tag","embeddable":true,"href":"https:\/\/www.europesays.com\/es\/wp-json\/wp\/v2\/tags?post=152723"}],"curies":[{"name":"wp","href":"https:\/\/api.w.org\/{rel}","templated":true}]}}