{"id":152727,"date":"2025-10-02T12:44:12","date_gmt":"2025-10-02T12:44:12","guid":{"rendered":"https:\/\/www.europesays.com\/es\/152727\/"},"modified":"2025-10-02T12:44:12","modified_gmt":"2025-10-02T12:44:12","slug":"alessio-lisci-tenemos-que-seguir-haciendonos-fuertes-en-casa","status":"publish","type":"post","link":"https:\/\/www.europesays.com\/es\/152727\/","title":{"rendered":"Alessio Lisci: \u201cTenemos que seguir haci\u00e9ndonos fuertes en casa\u201d"},"content":{"rendered":"<p>Alessio Lisci compareci\u00f3 en la rueda de prensa previa del Osasuna \u2013 Getafe de ma\u00f1ana (El Sadar, 21:00 horas) y analiz\u00f3 el choque: \u201cEl equipo est\u00e1 bien y con muchas ganas de que venga ma\u00f1ana. Seguimos sin poder trabajar mucho, pero el equipo est\u00e1 bien y va a hacer las cosas bien. Tenemos que seguir haci\u00e9ndonos fuertes en casa y viene un rival que me encanta que venga en este momento\u201d.<\/p>\n<p>Preguntado por el Getafe, el italiano explic\u00f3: \u201cMe encanta que venga el Getafe. Despu\u00e9s del partido del otro d\u00eda, quiero un reto dif\u00edcil y complicado y vienen los m\u00e1s competitivos de todos, as\u00ed que estoy muy contento de que venga el Getafe. No porque vaya a ser f\u00e1cil, sino porque va a ser dif\u00edcil, pero es lo que quiero ahora mismo\u201d. \u201cDespu\u00e9s de Elche hablamos de que ten\u00edamos que competir mejor los \u00faltimos minutos. El otro d\u00eda creo que el partido est\u00e1 mal y hubo situaciones que no estuvimos bien en detalles y viene el equipo que en esto son los mejores. Entonces, me encanta que vengan ellos para dar una respuesta fuerte\u201d, a\u00f1adi\u00f3. Adem\u00e1s, agreg\u00f3: \u201cSi queremos jugar parecido a como lo hacen ellos, vamos a perder seguro porque ellos en ciertos aspectos son los mejores. Pero ellos te exigen en competir al 100%. Contra el Getafe no puedes competir al 99% y las estad\u00edsticas lo respaldan fuertemente. Mismamente, el partido del a\u00f1o pasado. Partido muy controlado que se escapa no se sabe c\u00f3mo. Se sabe c\u00f3mo porque ellos con muy poco te hacen da\u00f1o, porque se lo creen, porque cualquier jugada para ellos se matan para acabarla y para acabarla en gol y de la misma forma nosotros tenemos que estar vivos en todos los balones, en cualquier bal\u00f3n desde el calentamiento hasta la rueda de prensa final\u201d.<\/p>\n<blockquote>\n<p>\u00abSIEMPRE ES MUY IMPORTANTE GANAR ANTES DEL PAR\u00d3N\u00bb<\/p>\n<\/blockquote>\n<p>Alessio Lisci habl\u00f3 sobre la importancia del encuentro de ma\u00f1ana y dijo: \u201cAl final, el f\u00fatbol es as\u00ed. Si no hubiera llegado el gol del Elche en el \u00faltimo minuto seguramente ahora las sensaciones ser\u00edan muy diferentes. Y una jugada puntual entre dos, te cambia las sensaciones de siete jornadas. Ganar o no ma\u00f1ana, seguramente al final del partido, las sensaciones ser\u00e1n totalmente desequilibradas. Como viene el par\u00f3n, siempre es muy importante ganar antes del par\u00f3n\u201d. \u201cMa\u00f1ana entre ganar y perder, a nivel de sensaciones, va a haber una diferencia muy grande. Es un partido importante que tenemos que intentar ganar s\u00ed o s\u00ed\u201d, concluy\u00f3.<\/p>\n","protected":false},"excerpt":{"rendered":"Alessio Lisci compareci\u00f3 en la rueda de prensa previa del Osasuna \u2013 Getafe de ma\u00f1ana (El Sadar, 21:00&hellip;\n","protected":false},"author":2,"featured_media":152728,"comment_status":"","ping_status":"","sticky":false,"template":"","format":"standard","meta":{"footnotes":""},"categories":[93],"tags":[168,25,24,23,167],"class_list":{"0":"post-152727","1":"post","2":"type-post","3":"status-publish","4":"format-standard","5":"has-post-thumbnail","7":"category-deportes","8":"tag-deportes","9":"tag-es","10":"tag-espana","11":"tag-spain","12":"tag-sports"},"share_on_mastodon":{"url":"","error":""},"_links":{"self":[{"href":"https:\/\/www.europesays.com\/es\/wp-json\/wp\/v2\/posts\/152727","targetHints":{"allow":["GET"]}}],"collection":[{"href":"https:\/\/www.europesays.com\/es\/wp-json\/wp\/v2\/posts"}],"about":[{"href":"https:\/\/www.europesays.com\/es\/wp-json\/wp\/v2\/types\/post"}],"author":[{"embeddable":true,"href":"https:\/\/www.europesays.com\/es\/wp-json\/wp\/v2\/users\/2"}],"replies":[{"embeddable":true,"href":"https:\/\/www.europesays.com\/es\/wp-json\/wp\/v2\/comments?post=152727"}],"version-history":[{"count":0,"href":"https:\/\/www.europesays.com\/es\/wp-json\/wp\/v2\/posts\/152727\/revisions"}],"wp:featuredmedia":[{"embeddable":true,"href":"https:\/\/www.europesays.com\/es\/wp-json\/wp\/v2\/media\/152728"}],"wp:attachment":[{"href":"https:\/\/www.europesays.com\/es\/wp-json\/wp\/v2\/media?parent=152727"}],"wp:term":[{"taxonomy":"category","embeddable":true,"href":"https:\/\/www.europesays.com\/es\/wp-json\/wp\/v2\/categories?post=152727"},{"taxonomy":"post_tag","embeddable":true,"href":"https:\/\/www.europesays.com\/es\/wp-json\/wp\/v2\/tags?post=152727"}],"curies":[{"name":"wp","href":"https:\/\/api.w.org\/{rel}","templated":true}]}}