{"id":15273,"date":"2025-07-31T02:21:07","date_gmt":"2025-07-31T02:21:07","guid":{"rendered":"https:\/\/www.europesays.com\/es\/15273\/"},"modified":"2025-07-31T02:21:07","modified_gmt":"2025-07-31T02:21:07","slug":"realidad-virtual-y-sistema-inmune-ver-a-alguien-enfermo-basta-para-activar-defensas-segun-nature","status":"publish","type":"post","link":"https:\/\/www.europesays.com\/es\/15273\/","title":{"rendered":"Realidad virtual y sistema inmune: ver a alguien enfermo basta para activar defensas, seg\u00fan Nature"},"content":{"rendered":"<p>\u00bfQu\u00e9 pasar\u00eda si ver a alguien toser en la calle activara en tu cuerpo la misma reacci\u00f3n que una vacuna? Eso es justo lo que ha demostrado un estudio publicado en <a href=\"https:\/\/www.nature.com\/articles\/s41593-025-02008-y\" rel=\"nofollow noreferrer noopener\" target=\"_blank\"><strong>Nature Neuroscience<\/strong><\/a>, nuestro cerebro, al detectar amenazas infecciosas en el entorno \u2014aunque sean simuladas\u2014, puede anticiparse y poner en marcha una respuesta inmunitaria.<\/p>\n<p>Esta investigaci\u00f3n, abre la puerta a una nueva comprensi\u00f3n del v\u00ednculo entre percepci\u00f3n, espacio personal y defensas del organismo.<\/p>\n<p>El sistema inmune empieza en el cerebro<\/p>\n<p>En este experimento, los participantes se colocaron unas <strong>gafas de realidad virtual<\/strong> para observar <strong>avatares con signos visibles de infecci\u00f3n<\/strong>: erupciones, ojos llorosos, toses. Sin contacto f\u00edsico alguno, solo mediante la visi\u00f3n en 3D de una amenaza acerc\u00e1ndose a su \u00abespacio peripersonal\u00bb, sus cerebros respondieron como si estuvieran ante un peligro real.<\/p>\n<p>El <strong>espacio peripersonal (PPS)<\/strong> es la \u00ab<strong>zona de seguridad<\/strong>\u00bb alrededor del cuerpo, donde se integran est\u00edmulos visuales, t\u00e1ctiles y auditivos para preparar reacciones defensivas. Si alguien entra de forma inesperada en ese radio, tu cuerpo se tensa, tu atenci\u00f3n se agudiza. Es el mismo circuito que usamos para esquivar una pelota o apartarnos de una abeja.<\/p>\n<p>Este sistema, que combina \u00e1reas parietales y frontales, tambi\u00e9n es sensible a se\u00f1ales sociales o emocionales, como el miedo o la enfermedad.<\/p>\n<p>Del miedo al sistema inmune<\/p>\n<p>Lo sorprendente del estudio es que esa anticipaci\u00f3n no solo se tradujo en reacciones cerebrales. Tambi\u00e9n <strong>se activaron c\u00e9lulas inmunitarias innatas<\/strong>, como si los participantes estuvieran a punto de ser infectados de verdad.<\/p>\n<p>Se tomaron muestras de sangre antes y despu\u00e9s de la exposici\u00f3n virtual, y los an\u00e1lisis mostraron un aumento significativo de las <strong>c\u00e9lulas linfoides innatas<\/strong> (ILC) activadas, comparables a los niveles que se ven tras una vacunaci\u00f3n contra la gripe.<\/p>\n<p>Las ILC forman parte del <strong>sistema inmunitario innato<\/strong>, la primera l\u00ednea de defensa del organismo. A diferencia de los linfocitos T o B, que necesitan \u00abentrenamiento\u00bb previo frente a pat\u00f3genos concretos, las ILC <strong>reaccionan de forma r\u00e1pida y generalizada ante se\u00f1ales de peligro<\/strong> y act\u00faan como centinelas en tejidos como piel, pulmones o intestino, liberando mediadores inflamatorios que ayudan a frenar infecciones.<\/p>\n<p>En este estudio, no solo se detect\u00f3 un aumento en su frecuencia, sino tambi\u00e9n en su estado de activaci\u00f3n, lo que indica que el sistema inmunitario se estaba preparando como si hubiera una amenaza real.<\/p>\n<p>Una red cerebral en alerta<\/p>\n<p>Para identificar qu\u00e9 \u00e1reas cerebrales respond\u00edan a las amenazas visuales, los investigadores usaron: la electroencefalograf\u00eda (EEG), y la resonancia magn\u00e9tica funcional (fMRI), t\u00e9cnicas que permiten medir la actividad el\u00e9ctrica y el consumo de ox\u00edgeno del cerebro.<\/p>\n<p>&#13;<br \/>\n    Relacionado&#13;<br \/>\n    &#13;<\/p>\n<p>Ambas t\u00e9cnicas mostraron una activaci\u00f3n destacada de la red de prominencia, encargada de detectar est\u00edmulos relevantes \u2014como un posible peligro\u2014 y coordinar respuestas r\u00e1pidas.<\/p>\n<p>Entre las zonas clave que se encend\u00edan al ver avatares virtuales con signos de enfermedad estaban:<\/p>\n<ul>\n<li>\n<p>La \u00ednsula anterior, una regi\u00f3n profunda del cerebro que nos permite percibir nuestro estado corporal interno, como el ritmo card\u00edaco, la temperatura o el malestar.<\/p>\n<\/li>\n<li>\n<p>La corteza cingulada anterior, implicada en evaluar situaciones amenazantes y decidir si debemos luchar, huir o inhibirnos.<\/p>\n<\/li>\n<li>\n<p>El c\u00f3rtex premotor y somatosensorial, \u00e1reas que preparan el cuerpo para moverse o defenderse, incluso si la acci\u00f3n nunca llega a ejecutarse.<\/p>\n<\/li>\n<\/ul>\n<p>\u00abEsta actividad cerebral se tradujo en una mayor conectividad funcional con el hipot\u00e1lamo, un centro de control hormonal que regula el eje HPA\u00bb, explican los autores.<\/p>\n<p>El eje HPA: puente entre mente e inmunidad<\/p>\n<p>El <strong>hipot\u00e1lamo<\/strong>, pieza clave del sistema endocrino, act\u00faa como un director de orquesta que regula funciones b\u00e1sicas como el sue\u00f1o, el apetito o la temperatura, y coordina la respuesta al estr\u00e9s.<\/p>\n<p>Lo hace a trav\u00e9s del <strong>eje HPA<\/strong> (hipot\u00e1lamo\u2013hip\u00f3fisis\u2013suprarrenales), que libera hormonas como el <strong>cortisol<\/strong> para preparar al cuerpo ante amenazas. En este estudio, ese circuito se activ\u00f3 sin contacto real, solo por la anticipaci\u00f3n de una infecci\u00f3n virtual.<\/p>\n<p>Los an\u00e1lisis revelaron un aumento de <strong>hormonas y mediadores inflamatorios<\/strong>, como los eicosanoides, que podr\u00edan impulsar la respuesta inmune. Un modelo computacional con redes neuronales confirm\u00f3 que estos tres tipos de se\u00f1ales bastan para predecir con precisi\u00f3n la activaci\u00f3n de las c\u00e9lulas linfoides innatas.<\/p>\n<p>\u00bfUna nueva forma de entrenar la inmunidad?<\/p>\n<p>Aunque se trata de un estudio experimental con muestras limitadas, sus implicaciones son notables. Si el cuerpo puede \u00abensayar\u00bb una respuesta inmunitaria solo con ver una amenaza, cabr\u00eda imaginar nuevas aplicaciones en vacunolog\u00eda, terapia o neuroinmunolog\u00eda preventiva.<\/p>\n<p>\u00abNuestros resultados sugieren que el sistema inmune puede reaccionar a amenazas potenciales ya cuando superan la frontera funcional del espacio cuerpo-entorno\u00bb, concluye el equipo.<\/p>\n<p>Cuando ver es suficiente para activar la defensa<\/p>\n<p>La investigaci\u00f3n demuestra que la inmunidad no empieza en la m\u00e9dula \u00f3sea ni en los ganglios, sino en <strong>el cerebro<\/strong>. La mera percepci\u00f3n de un est\u00edmulo que el organismo interpreta como peligroso puede desencadenar una<strong> cascada neuroinmunitaria<\/strong> anticipada, incluso sin contacto real.<\/p>\n<p>Esta interacci\u00f3n entre <strong>percepci\u00f3n, espacio y defensa<\/strong> puede ayudarnos a comprender mejor no solo nuestras reacciones instintivas, sino tambi\u00e9n c\u00f3mo dise\u00f1ar entornos \u2014reales o virtuales\u2014 que <strong>fortalezcan nuestra salud <\/strong>sin necesidad de exponernos a un virus.<\/p>\n","protected":false},"excerpt":{"rendered":"\u00bfQu\u00e9 pasar\u00eda si ver a alguien toser en la calle activara en tu cuerpo la misma reacci\u00f3n que&hellip;\n","protected":false},"author":2,"featured_media":15274,"comment_status":"","ping_status":"","sticky":false,"template":"","format":"standard","meta":{"footnotes":""},"categories":[92],"tags":[1021,2670,10146,25,10147,24,165,10148,166,10149,23],"class_list":{"0":"post-15273","1":"post","2":"type-post","3":"status-publish","4":"format-standard","5":"has-post-thumbnail","7":"category-salud","8":"tag-celulas","9":"tag-cerebro","10":"tag-cortisol","11":"tag-es","12":"tag-espacio-peripersonal","13":"tag-espana","14":"tag-health","15":"tag-hipotalamo","16":"tag-salud","17":"tag-sistema-inmune","18":"tag-spain"},"share_on_mastodon":{"url":"","error":""},"_links":{"self":[{"href":"https:\/\/www.europesays.com\/es\/wp-json\/wp\/v2\/posts\/15273","targetHints":{"allow":["GET"]}}],"collection":[{"href":"https:\/\/www.europesays.com\/es\/wp-json\/wp\/v2\/posts"}],"about":[{"href":"https:\/\/www.europesays.com\/es\/wp-json\/wp\/v2\/types\/post"}],"author":[{"embeddable":true,"href":"https:\/\/www.europesays.com\/es\/wp-json\/wp\/v2\/users\/2"}],"replies":[{"embeddable":true,"href":"https:\/\/www.europesays.com\/es\/wp-json\/wp\/v2\/comments?post=15273"}],"version-history":[{"count":0,"href":"https:\/\/www.europesays.com\/es\/wp-json\/wp\/v2\/posts\/15273\/revisions"}],"wp:featuredmedia":[{"embeddable":true,"href":"https:\/\/www.europesays.com\/es\/wp-json\/wp\/v2\/media\/15274"}],"wp:attachment":[{"href":"https:\/\/www.europesays.com\/es\/wp-json\/wp\/v2\/media?parent=15273"}],"wp:term":[{"taxonomy":"category","embeddable":true,"href":"https:\/\/www.europesays.com\/es\/wp-json\/wp\/v2\/categories?post=15273"},{"taxonomy":"post_tag","embeddable":true,"href":"https:\/\/www.europesays.com\/es\/wp-json\/wp\/v2\/tags?post=15273"}],"curies":[{"name":"wp","href":"https:\/\/api.w.org\/{rel}","templated":true}]}}