{"id":152731,"date":"2025-10-02T12:46:05","date_gmt":"2025-10-02T12:46:05","guid":{"rendered":"https:\/\/www.europesays.com\/es\/152731\/"},"modified":"2025-10-02T12:46:05","modified_gmt":"2025-10-02T12:46:05","slug":"no-te-pierdas-el-estreno-en-rtve-play-de-la-serie","status":"publish","type":"post","link":"https:\/\/www.europesays.com\/es\/152731\/","title":{"rendered":"No te pierdas el estreno en RTVE Play de la serie"},"content":{"rendered":"<p>RTVE Play incorpora a su cat\u00e1logo <strong>Bocas de arena<\/strong>, la miniserie que dio origen al universo narrativo ampliado despu\u00e9s en Bocas de cielo, reci\u00e9n presentada en el Festival de San Sebasti\u00e1n 2025. Estrenada originalmente en <strong>2020<\/strong> por ETB bajo el t\u00edtulo euskera Hondar ahoak, la serie consta de <strong>cuatro episodios. <\/strong>Cada uno de ellos, dirigidos por <strong>Koldo Almandoz<\/strong>, tiene una duraci\u00f3n aproximada de 40 minutos en los que se cuenta una leyenda marinera. La trama sigue la investigaci\u00f3n de la Ertzaintza de un asesinato en un peque\u00f1o pueblo costero. Protagonizada por <strong>Nagore Aranburu<\/strong> como la inspectora Nerea Garc\u00eda y <strong>Eneko Sagardoy<\/strong> como Alex, agente local del pueblo, la serie estar\u00e1 disponible en RTVE Play en versiones <strong>espa\u00f1ol<\/strong> y <strong>euskera, a partir del 3 de octubre. <\/strong>\u00a1Aqu\u00ed tienes todos sus episodios y de qu\u00e9 trata cada uno de ellos!<\/p>\n<p>\u00bfDe qu\u00e9 trata Bocas de Arena?<\/p>\n<p>Una <strong>leyenda marinera <\/strong>dice que a quien cuente los secretos de la mar en tierra se le llenar\u00e1 la boca de arena, porque las palabras llevadas a tierra siempre dejan huella&#8230; La inspectora <strong>Nerea Garc\u00eda, una ertzaina de car\u00e1cter duro y fuerte<\/strong>, es enviada a un peque\u00f1o pueblo pesquero a investigar la<strong> desaparici\u00f3n Josu Eizagirre, <\/strong>patr\u00f3n de la flota m\u00e1s importante de Ondarroa y yerno del armador. Se inform\u00f3 tarde de la desaparici\u00f3n, y \u00e9sta es una de las primeras caracter\u00edsticas especiales de este caso. Pronto se dar\u00e1 cuenta de que no es una investigaci\u00f3n rutinaria y de que<strong> nada es lo que parece<\/strong>. El pasado siempre es imprevisible.<\/p>\n<p>El reparto que da vida a Bocas de arena<\/p>\n<p>La miniserie <strong>Bocas de arena<\/strong> cuenta con un destacado elenco encabezado por <strong>Nagore Aranburu<\/strong> y <strong>Eneko Sagardoy<\/strong>, quienes interpretan a la inspectora Nerea Garc\u00eda y al agente local Alex, respectivamente. Aranburu es reconocida por su participaci\u00f3n en la exitosa serie Patria, mientras que Sagardoy gan\u00f3 el Goya al Mejor Actor Revelaci\u00f3n en 2018 por su papel en Handia. El reparto tambi\u00e9n cuenta con <strong>Sara C\u00f3zar<\/strong> como Carmen Bilbao, <strong>I\u00f1aki Beraetxe<\/strong> en el papel de Jos\u00e9 Luis Bilbao, <strong>Ainhoa Artetxe<\/strong> como Luc\u00eda Bilbao, <strong>Josean Bengoetxea<\/strong> como Lertxundi, <strong>Iraia Elias<\/strong> como Itziar, <strong>Ander Lipus<\/strong> como Gotzon, <strong>Ibou Sarr<\/strong> como Amadou y <strong>Mikel Tello<\/strong> como Mari\u00f1o. Todos ellos han estado bajo la direcci\u00f3n de Koldo Almandoz.<\/p>\n<p>Nagore Aramburu y Eneko Sagardoy, protagonistas de &#8216;Bocas de arena&#8217;<\/p>\n<p>Un nuevo thriller policiaco que engancha<\/p>\n<p>Bocas de Arena es una serie que <strong>cumple con los c\u00f3digos del g\u00e9nero policiaco.<\/strong> Un noir cl\u00e1sico con contrastes, como la personalidad de un pueblo costero y la ciudad principal de donde llega Nerea. Un aspecto que le da un <strong>tono especial y car\u00e1cter al nuevo thriller de RTVE Play<\/strong> y que te engancha desde el primer minuto.<\/p>\n<p>Gratis en espa\u00f1ol y euskera en RTVE Play<\/p>\n<p>No pierdas la oportunidad de descubrir los or\u00edgenes de Bocas de cielo con <strong>Bocas de arena<\/strong>, una serie llena de secretos que te atrapar\u00e1 desde el primer cap\u00edtulo. Sum\u00e9rgete en sus paisajes costeros del Pa\u00eds Vasco, en la intriga de su trama y disfruta de su reparto en espa\u00f1ol o euskera. <strong>Disponible a partir de este viernes 3 de octubre en RTVE Play:<\/strong> prep\u00e1rate para dejarte llevar por una historia que no olvidar\u00e1s.<\/p>\n","protected":false},"excerpt":{"rendered":"RTVE Play incorpora a su cat\u00e1logo Bocas de arena, la miniserie que dio origen al universo narrativo ampliado&hellip;\n","protected":false},"author":2,"featured_media":152732,"comment_status":"","ping_status":"","sticky":false,"template":"","format":"standard","meta":{"footnotes":""},"categories":[91],"tags":[146,147,25,24,23],"class_list":{"0":"post-152731","1":"post","2":"type-post","3":"status-publish","4":"format-standard","5":"has-post-thumbnail","7":"category-entretenimiento","8":"tag-entertainment","9":"tag-entretenimiento","10":"tag-es","11":"tag-espana","12":"tag-spain"},"share_on_mastodon":{"url":"","error":""},"_links":{"self":[{"href":"https:\/\/www.europesays.com\/es\/wp-json\/wp\/v2\/posts\/152731","targetHints":{"allow":["GET"]}}],"collection":[{"href":"https:\/\/www.europesays.com\/es\/wp-json\/wp\/v2\/posts"}],"about":[{"href":"https:\/\/www.europesays.com\/es\/wp-json\/wp\/v2\/types\/post"}],"author":[{"embeddable":true,"href":"https:\/\/www.europesays.com\/es\/wp-json\/wp\/v2\/users\/2"}],"replies":[{"embeddable":true,"href":"https:\/\/www.europesays.com\/es\/wp-json\/wp\/v2\/comments?post=152731"}],"version-history":[{"count":0,"href":"https:\/\/www.europesays.com\/es\/wp-json\/wp\/v2\/posts\/152731\/revisions"}],"wp:featuredmedia":[{"embeddable":true,"href":"https:\/\/www.europesays.com\/es\/wp-json\/wp\/v2\/media\/152732"}],"wp:attachment":[{"href":"https:\/\/www.europesays.com\/es\/wp-json\/wp\/v2\/media?parent=152731"}],"wp:term":[{"taxonomy":"category","embeddable":true,"href":"https:\/\/www.europesays.com\/es\/wp-json\/wp\/v2\/categories?post=152731"},{"taxonomy":"post_tag","embeddable":true,"href":"https:\/\/www.europesays.com\/es\/wp-json\/wp\/v2\/tags?post=152731"}],"curies":[{"name":"wp","href":"https:\/\/api.w.org\/{rel}","templated":true}]}}