{"id":152737,"date":"2025-10-02T12:50:08","date_gmt":"2025-10-02T12:50:08","guid":{"rendered":"https:\/\/www.europesays.com\/es\/152737\/"},"modified":"2025-10-02T12:50:08","modified_gmt":"2025-10-02T12:50:08","slug":"como-afecta-el-cierre-del-gobierno-en-ee-uu-al-funcionamiento-de-las-cortes-de-inmigracion","status":"publish","type":"post","link":"https:\/\/www.europesays.com\/es\/152737\/","title":{"rendered":"\u00bfC\u00f3mo afecta el cierre del Gobierno en EE.UU. al funcionamiento de las cortes de inmigraci\u00f3n?"},"content":{"rendered":"<p>      CNN Espa\u00f1ol<br \/>\n        \u00a0\u2014\u00a0<\/p>\n<p class=\"paragraph inline-placeholder vossi-paragraph\" data-uri=\"es.cms.cnn.com\/_components\/paragraph\/instances\/cmg8kqxf2003j27nh1i73gchm@published\" data-editable=\"text\" data-component-name=\"paragraph\" data-article-gutter=\"true\">\n            El cierre del Gobierno federal de Estados Unidos el martes a la medianoche impactar\u00e1 en los servicios y funciones estatales, y podr\u00eda afectar tambi\u00e9n a las audiencias judiciales en los casos de inmigraci\u00f3n. CNN registr\u00f3 situaciones diversas este mi\u00e9rcoles en tribunales de inmigraci\u00f3n de Nueva York, Atlanta y Virginia, y desorientaci\u00f3n sobre c\u00f3mo afrontar esta situaci\u00f3n.\n    <\/p>\n<p class=\"paragraph inline-placeholder vossi-paragraph\" data-uri=\"es.cms.cnn.com\/_components\/paragraph\/instances\/cmg8kr7we0002356os4n43og8@published\" data-editable=\"text\" data-component-name=\"paragraph\" data-article-gutter=\"true\">\n            En el \u00faltimo cierre, ocurrido en 2018 durante el primer mandato de Donald Trump y que <a href=\"https:\/\/cnnespanol.cnn.com\/2025\/10\/01\/eeuu\/que-es-cierre-del-gobierno-orix#:~:text=en%202018%2D2019%20se%20registr%C3%B3%20un%20cierre%20parcial%20de%2035%20d%C3%ADas%2C%20el%20m%C3%A1s%20largo%20de%20la%20historia%2C\" rel=\"nofollow noopener\" target=\"_blank\">se extendi\u00f3 por 35 d\u00edas<\/a>, se suspendieron audiencias de inmigraci\u00f3n de personas no detenidas por ser consideradas no esenciales. Pero en este caso, se da en un contexto de una agresiva pol\u00edtica inmigratoria del Gobierno, que busca incluso profundizar esas medidas.\n    <\/p>\n<p class=\"paragraph inline-placeholder vossi-paragraph\" data-uri=\"es.cms.cnn.com\/_components\/paragraph\/instances\/cmg8kr7we0003356o3w2lhtl1@published\" data-editable=\"text\" data-component-name=\"paragraph\" data-article-gutter=\"true\">\n            Los tribunales de inmigraci\u00f3n <a href=\"https:\/\/www.uscis.gov\/es\/leyes-y-politicas\/otros-recursos\/beneficios-de-inmigracion-en-procedimientos-de-eoir#:~:text=Los%20tribunales%20de%20inmigraci%C3%B3n%20y%20la%20BIA%20son%20parte%20de%20la%20Oficina%20Ejecutiva%20para%20la%20Revisi%C3%B3n%20de%20Casos%20de%20Inmigraci%C3%B3n%20(EOIR)%20del%20Departamento%20de%20Justicia%20de%20Estados%20Unidos.\" target=\"_blank\" rel=\"nofollow noopener\">dependen de la Oficina Ejecutiva para la Revisi\u00f3n de Casos de Inmigraci\u00f3n<\/a> (EOIR, por sus siglas en ingl\u00e9s) del Departamento de Justicia de Estados Unidos y su financiamiento depende en gran medida del Congreso, que el martes no logr\u00f3 un acuerdo para aprobar las leyes de gasto estatal.\n    <\/p>\n<p>       <img decoding=\"async\" src=\"https:\/\/www.europesays.com\/es\/wp-content\/uploads\/2025\/10\/capitolio-cierre-gobierno.jpg\" alt=\"El Capitolio de EE.UU., horas antes de que entre en vigor un cierre del Gobierno, en Washington, EE.UU., 30 de septiembre de 2025.\" class=\"image__dam-img image__dam-img--loading\" onload=\"this.classList.remove('image__dam-img--loading')\" onerror=\"imageLoadError(this)\" height=\"1080\" width=\"1920\" loading=\"lazy\"\/><\/p>\n<p class=\"paragraph inline-placeholder vossi-paragraph\" data-uri=\"es.cms.cnn.com\/_components\/paragraph\/instances\/cmg8kr7we0005356ojnq98bl3@published\" data-editable=\"text\" data-component-name=\"paragraph\" data-article-gutter=\"true\">\n            En Nueva York y Atlanta, este mi\u00e9rcoles por la ma\u00f1ana hubo filas en los tribunales de inmigraci\u00f3n. Las directivas sobre c\u00f3mo seguir por el cierre distaban de ser claras.\n    <\/p>\n<p class=\"paragraph inline-placeholder vossi-paragraph\" data-uri=\"es.cms.cnn.com\/_components\/paragraph\/instances\/cmg8kr7we0006356ojqymtinr@published\" data-editable=\"text\" data-component-name=\"paragraph\" data-article-gutter=\"true\">\n            Mientras algunos tribunales avanzaban con las audiencias, otros se\u00f1alaban que no habr\u00eda audiencias de casos durante la jornada.\n    <\/p>\n<p class=\"paragraph inline-placeholder vossi-paragraph\" data-uri=\"es.cms.cnn.com\/_components\/paragraph\/instances\/cmg8kr7we0007356on8gvgf3r@published\" data-editable=\"text\" data-component-name=\"paragraph\" data-article-gutter=\"true\">\n            En el tribunal de inmigraci\u00f3n de Atlanta, un reportero de CNN vio personas haciendo fila para registrarse con el Servicio de Inmigraci\u00f3n y Control de Aduanas (ICE, por sus siglas en ingl\u00e9s).\n    <\/p>\n<p class=\"paragraph inline-placeholder vossi-paragraph\" data-uri=\"es.cms.cnn.com\/_components\/paragraph\/instances\/cmg8kr7we0008356ozgrzjwiy@published\" data-editable=\"text\" data-component-name=\"paragraph\" data-article-gutter=\"true\">\n            Tras una espera de 30 minutos en una de las salas del tribunal, un secretario dijo que, debido al cierre, no se atender\u00edan casos. Aclar\u00f3 que el jueves s\u00ed habr\u00eda audiencias, pero solo de inmigrantes detenidos, un indicio de que los casos de personas no detenidas no se llevar\u00edan a cabo pr\u00f3ximamente en ese tribunal.\n    <\/p>\n<p class=\"paragraph inline-placeholder vossi-paragraph\" data-uri=\"es.cms.cnn.com\/_components\/paragraph\/instances\/cmg8kr7we0009356oqvzbdz4b@published\" data-editable=\"text\" data-component-name=\"paragraph\" data-article-gutter=\"true\">\n            En el tribunal de inmigraci\u00f3n del 26 de Federal Plaza, en la ciudad de Nueva York, el juez de inmigraci\u00f3n John Siemietkowski sali\u00f3 de su sala y comunic\u00f3 que eran considerados esenciales, por lo que pod\u00edan continuar con su actividad habitual.\n    <\/p>\n<p class=\"paragraph inline-placeholder vossi-paragraph\" data-uri=\"es.cms.cnn.com\/_components\/paragraph\/instances\/cmg8kr7we000a356odhn6huvx@published\" data-editable=\"text\" data-component-name=\"paragraph\" data-article-gutter=\"true\">\n            Esto, debido a una directriz del Departamento de Justicia que estableci\u00f3 que todo el personal de la Oficina Ejecutiva para la Revisi\u00f3n de casos de Inmigraci\u00f3n se consideraba esencial, lo que sugiere que todos los casos podr\u00edan proceder. Sin embargo, el panorama segu\u00eda siendo incierto.\n    <\/p>\n<p class=\"paragraph inline-placeholder vossi-paragraph\" data-uri=\"es.cms.cnn.com\/_components\/paragraph\/instances\/cmg8kr7we000b356osb4of3qv@published\" data-editable=\"text\" data-component-name=\"paragraph\" data-article-gutter=\"true\">\n            En otro tribunal de la ciudad de Nueva York ubicado en el 290 de Broadway, observadores dijeron a CNN que no les permit\u00edan entrar al tribunal por el cierre, pero los inmigrantes con audiencias eran enviados a la corte.\n    <\/p>\n<p class=\"paragraph inline-placeholder vossi-paragraph\" data-uri=\"es.cms.cnn.com\/_components\/paragraph\/instances\/cmg8kr7we000d356oeisl9dn3@published\" data-editable=\"text\" data-component-name=\"paragraph\" data-article-gutter=\"true\">\n            En el tribunal de inmigraci\u00f3n en Annandale, Virginia, CNN pudo saber que las audiencias se aplazaron el mi\u00e9rcoles. No hab\u00eda directrices sobre c\u00f3mo proceder tras el cierre del Gobierno, seg\u00fan dijo la jueza de inmigraci\u00f3n Michelle Lakomy.\n    <\/p>\n<p class=\"paragraph inline-placeholder vossi-paragraph\" data-uri=\"es.cms.cnn.com\/_components\/paragraph\/instances\/cmg8kr7wf000g356o1gp4hpt5@published\" data-editable=\"text\" data-component-name=\"paragraph\" data-article-gutter=\"true\">\n            El cierre de Gobierno seguir\u00e1 al menos hasta el viernes, <a href=\"https:\/\/www.cnn.com\/politics\/live-news\/government-shutdown-us-congress-10-01-25?post-id=cmg8anzym000x3b6svv7e3u1l#:~:text=Senators%20are%20leaving%20town%20until%20Friday%2C%20meaning%20the%20government%20will%20be%20shut%20down%20at%20least%20until%20then%20%E2%80%94%20though%20likely%20longer%20as%20a%20solution%20to%20the%20impasse%20over%20funding%20remains%20elusive.\" rel=\"nofollow noopener\" target=\"_blank\">ya que los senadores dejan Washington hasta esa fecha.<\/a> Pero probablemente podr\u00eda extenderse hasta que dem\u00f3cratas y republicanos lleguen a un acuerdo sobre la financiaci\u00f3n.\n    <\/p>\n<p class=\"paragraph inline-placeholder vossi-paragraph\" data-uri=\"es.cms.cnn.com\/_components\/paragraph\/instances\/cmg8kr7wf000h356o1tintc58@published\" data-editable=\"text\" data-component-name=\"paragraph\" data-article-gutter=\"true\">\n            En caso de prolongarse, decenas de miles de casos de inmigraci\u00f3n pendientes podr\u00edan reprogramarse, estima el <a href=\"https:\/\/www.americanimmigrationcouncil.org\/blog\/what-government-shutdown-2025-means-immigration-system\/\" target=\"_blank\" rel=\"nofollow noopener\">American Immigration Council<\/a>.\n    <\/p>\n<p class=\"paragraph inline-placeholder vossi-paragraph\" data-uri=\"es.cms.cnn.com\/_components\/paragraph\/instances\/cmg8kr7wf000i356ohdjst2sw@published\" data-editable=\"text\" data-component-name=\"paragraph\" data-article-gutter=\"true\">\n            En el cierre de 2019 se suspendieron al menos 80.000 casos de un mill\u00f3n que estaban pendientes, pero la organizaci\u00f3n estima que en este caso el n\u00famero podr\u00eda ser mucho mayor, ya que hay 3,4 millones de casos pendientes.\n    <\/p>\n<p class=\"paragraph inline-placeholder vossi-paragraph\" data-uri=\"es.cms.cnn.com\/_components\/paragraph\/instances\/cmg8kr7wf000j356ojftdekaq@published\" data-editable=\"text\" data-component-name=\"paragraph\" data-article-gutter=\"true\">\n            \u201cEs probable que las audiencias en los tribunales de inmigraci\u00f3n para personas detenidas contin\u00faen con normalidad, como lo han hecho durante cierres gubernamentales anteriores\u201d, estima el American Immigration Council. Agrega que tambi\u00e9n es posible el Gobierno de Trump considere \u201cesenciales\u201d a los tribunales de inmigraci\u00f3n para casos de personas no detenidas.\n    <\/p>\n<p class=\"paragraph inline-placeholder vossi-paragraph\" data-uri=\"es.cms.cnn.com\/_components\/paragraph\/instances\/cmg8lnlyh0000356oy89rkmbw@published\" data-editable=\"text\" data-component-name=\"paragraph\" data-article-gutter=\"true\">\n            Con informaci\u00f3n de Priscilla Alvarez\n    <\/p>\n","protected":false},"excerpt":{"rendered":"CNN Espa\u00f1ol \u00a0\u2014\u00a0 El cierre del Gobierno federal de Estados Unidos el martes a la medianoche impactar\u00e1 en&hellip;\n","protected":false},"author":2,"featured_media":152738,"comment_status":"","ping_status":"","sticky":false,"template":"","format":"standard","meta":{"footnotes":""},"categories":[42],"tags":[17,18,45075,4331,13,14,11,590,61,62,63,64,19,20,9,10,15,16,12,21,22,65,66,67],"class_list":{"0":"post-152737","1":"post","2":"type-post","3":"status-publish","4":"format-standard","5":"has-post-thumbnail","7":"category-internacional","8":"tag-breaking-news","9":"tag-breakingnews","10":"tag-cierre-de-gobierno","11":"tag-ee-uu","12":"tag-featured-news","13":"tag-featurednews","14":"tag-headlines","15":"tag-inmigracion","16":"tag-internacional","17":"tag-international","18":"tag-international-news","19":"tag-internationalnews","20":"tag-latest-news","21":"tag-latestnews","22":"tag-news","23":"tag-noticias","24":"tag-noticias-destacadas","25":"tag-noticiasdestacadas","26":"tag-titulares","27":"tag-ultimas-noticias","28":"tag-ultimasnoticias","29":"tag-world","30":"tag-world-news","31":"tag-worldnews"},"share_on_mastodon":{"url":"","error":""},"_links":{"self":[{"href":"https:\/\/www.europesays.com\/es\/wp-json\/wp\/v2\/posts\/152737","targetHints":{"allow":["GET"]}}],"collection":[{"href":"https:\/\/www.europesays.com\/es\/wp-json\/wp\/v2\/posts"}],"about":[{"href":"https:\/\/www.europesays.com\/es\/wp-json\/wp\/v2\/types\/post"}],"author":[{"embeddable":true,"href":"https:\/\/www.europesays.com\/es\/wp-json\/wp\/v2\/users\/2"}],"replies":[{"embeddable":true,"href":"https:\/\/www.europesays.com\/es\/wp-json\/wp\/v2\/comments?post=152737"}],"version-history":[{"count":0,"href":"https:\/\/www.europesays.com\/es\/wp-json\/wp\/v2\/posts\/152737\/revisions"}],"wp:featuredmedia":[{"embeddable":true,"href":"https:\/\/www.europesays.com\/es\/wp-json\/wp\/v2\/media\/152738"}],"wp:attachment":[{"href":"https:\/\/www.europesays.com\/es\/wp-json\/wp\/v2\/media?parent=152737"}],"wp:term":[{"taxonomy":"category","embeddable":true,"href":"https:\/\/www.europesays.com\/es\/wp-json\/wp\/v2\/categories?post=152737"},{"taxonomy":"post_tag","embeddable":true,"href":"https:\/\/www.europesays.com\/es\/wp-json\/wp\/v2\/tags?post=152737"}],"curies":[{"name":"wp","href":"https:\/\/api.w.org\/{rel}","templated":true}]}}