{"id":152739,"date":"2025-10-02T12:51:07","date_gmt":"2025-10-02T12:51:07","guid":{"rendered":"https:\/\/www.europesays.com\/es\/152739\/"},"modified":"2025-10-02T12:51:07","modified_gmt":"2025-10-02T12:51:07","slug":"el-delicado-debate-en-el-pp-sobre-el-aborto-cuatro-decadas-de-idas-y-venidas-rtve-es","status":"publish","type":"post","link":"https:\/\/www.europesays.com\/es\/152739\/","title":{"rendered":"El delicado debate en el PP sobre el aborto: cuatro d\u00e9cadas de idas y venidas &#8211; RTVE.es"},"content":{"rendered":"<ol>\n<li><a href=\"https:\/\/news.google.com\/rss\/articles\/CBMisgFBVV95cUxObWJmbkpLMzVwUG5rUTVESWVfVzJCeFJuQ3lxSXFqV1JGYkE0U05ydl8ydnBGUFc4aTdiX1RiN3ZvVFh5a0ZNQW5nTjlxd2Z6OTJUVUJ6S0lCRzJYdUJIZFplamNhMmlwQlRWWW4tcUNWMFFETXR2NW5DQWxiM0ZsOGZ5VVJfWDdXZ3paWTZnSzVzcS1GREEtYjRtcldtN0pHdk1yLWNfNjNqQVVxeHdUYjJR0gGyAUFVX3lxTE5TakdrOVJDQVZWSEYxSlJHbUtiZGlOX1k2NG50SVFMSTJHY3l6eFRKRm9YcFJ0YnZibzNLc1UxQmtGSTV6a04ydl9PbHNTNjJLVi1pY0tVTjM2Ml9Wdzc3YkJIZmtaNjg3dE5iYUZ6Qi1ickxVRVR6NUN2MUdxbHRfZUN5NEd2OTdjQkRVM1RKb1RrdkM2QTh1R283WW5FNjlWX3plUHZMMTdFc3ZFNDFiVmc?oc=5\" target=\"_blank\" rel=\"nofollow noopener\">El delicado debate en el PP sobre el aborto: cuatro d\u00e9cadas de idas y venidas<\/a>&nbsp;&nbsp;RTVE.es<\/li>\n<li><a href=\"https:\/\/news.google.com\/rss\/articles\/CBMi8wFBVV95cUxOZHBZMi1rTFJlTTBoTnlBdjFwSG5YdmJqMXlZcFhmQ3h0TEd6UXpsMnNGd25Jd3p5RVRRbVRlbU91bGgtUWFVZ0Y2NW0xYkNIRmRtYXdhYmJEMmlFZUFWWk9zaWhrWFFMTHRYRTRrMG9kVzJJQ184c25iRHV4RXdDaXEwT3dhVlMteVBsMnMyOFZLdEV4NmVjLWNfdVA3cmsycnhLbXh0TEZFSi0taDdkdmszSE5BLTYwYl9YS21XR21KVG5TNXc1OWJCVWt4NmhKSjV5ZmVTWERZaER6ZDhlaXVUbXpRempGQkhoQ2FyNG9wOWc?oc=5\" target=\"_blank\" rel=\"nofollow noopener\">Almeida rectifica y reconoce ahora que el s\u00edndrome posaborto no existe: \u201cNo es una categor\u00eda cient\u00edfica reconocida\u201d<\/a>&nbsp;&nbsp;EL PA\u00cdS<\/li>\n<li><a href=\"https:\/\/news.google.com\/rss\/articles\/CBMi2wFBVV95cUxQZVNmTjlDaXJPSXJtOVVtY1JFVk4tck9kOC1qd0RkRWg3cXB6N2FWM0FRbXlJWWJDTUJvNV9EdUlKVndwaG5tVWhOVnpLTEJWX2l3UlRvSmJnV3M4LWpzdldSeks1LWJLUnlrM0xWeDZ4X0hBdmI3MDY3U2FHVWJqa2E3UzVrN1puWXNiV29ORU5ITFVPOS1SRk8xaFpTdVNOUjFNbk5BLVJuNW9VZ2FpZXZ0WXNXVnlJUHZnNTVDSFZmX01LcjJzdExvVW00My11NFptamxkOWYzNknSAeABQVVfeXFMUFE1aWtHem4zb3NDMzM4NlBHMTJjRXh5bEdyNnR5VTRCQl82RloxMmlVbUVDWXN4TmdrcnQyeXN0TlVncWJ2WE1XQlM1MHlSY2VveUV2RUI2QWFfb0xIT2paaGVGSzlUMUhrdjFNeTFlUXU0VWFTNHFvNHdhcERRdEtMUktZMGpZd0JKZnFjbTQ5X1JYY0w1Sm9OUkRieHN4aTdYQm0zeXMySzNfQUFQSm5va2hzLXpRS09WeTNtU0VCaDB1aHJwdlNwMkxQbnNJc3ZTY0VzSlNBbkpocTIybGk?oc=5\" target=\"_blank\" rel=\"nofollow noopener\">Antonio Ferreras, tajante en &#8216;Al Rojo Vivo&#8217;, sobre el &#8216;s\u00edndrome postaborto&#8217;: \u00abEs una falta de respeto a la mujer\u00bb<\/a>&nbsp;&nbsp;El Confidencial<\/li>\n<li><a href=\"https:\/\/news.google.com\/rss\/articles\/CBMilwJBVV95cUxPOV9NNzFCRG5MUGdNbW96SU01cVVEaTBKRHFRUTZ5X3BFeWZqaFl4NWVqV3VtdlpRY29xa1NCemdBckx0cmNRUFhQRnRWWTNmTFNwZHRtLWRHNlh0cXllT09xMUdsNzVPWXVxejZMdXlvWFdHTGpOb3FPM3EtTE1tcUJkd2hnNDlJcHJpeVA2RVRGNGhUR3JWTVpFc005ZG5oTGNrd0k2V3MtZXhJRzAyQWxzbWtLdmhUb01JNGNmczUtUUpJTE9MVl9NWmJmOW9xNDNyUnBiWWpRN1ZUOVU5dDVTWlJlTUpVQU9JSHlJUEdqN0xHbWNSbmlMVmliT1czem1TQnJvS3FJdlJCdGNIdDgyTHRrbE0?oc=5\" target=\"_blank\" rel=\"nofollow noopener\">Almeida admite ahora que \u00abel &#8216;s\u00edndrome post aborto&#8217; no es una categor\u00eda cient\u00edfica reconocida&amp;quo<\/a>&nbsp;&nbsp;LaSexta<\/li>\n<li><a href=\"https:\/\/news.google.com\/rss\/articles\/CBMioAFBVV95cUxOYmpVUzJ5Z2JaOUJRQWxaVWpSSWFaUS1yUlpocEgyOU85T0pBd2w5QWtoVlU4UVctTE9RLVhjVVFGY3dreFVFMVd1OWNiNlNlWmJkUGhTTzRIUnZ3anNQSWlLelhhR2oxU29KLTVkdWVYQUxIVlhxZFdsUzV0eFpfM25RS3liNzFtaE9ITHNwa0FDRXA4OXozZmdRN04xZnE3?oc=5\" target=\"_blank\" rel=\"nofollow noopener\">Tellado asegura que el PP \u00abcomparte\u00bb la posici\u00f3n de Almeida sobre el &#8216;s\u00edndrome post-aborto&#8217;<\/a>&nbsp;&nbsp;ABC<\/li>\n<\/ol>\n","protected":false},"excerpt":{"rendered":"El delicado debate en el PP sobre el aborto: cuatro d\u00e9cadas de idas y venidas&nbsp;&nbsp;RTVE.es Almeida rectifica y&hellip;\n","protected":false},"author":2,"featured_media":152740,"comment_status":"","ping_status":"","sticky":false,"template":"","format":"standard","meta":{"footnotes":""},"categories":[8],"tags":[17,18,25,24,13,14,11,19,20,9,10,15,16,23,12,21,22],"class_list":{"0":"post-152739","1":"post","2":"type-post","3":"status-publish","4":"format-standard","5":"has-post-thumbnail","7":"category-espana","8":"tag-breaking-news","9":"tag-breakingnews","10":"tag-es","11":"tag-espana","12":"tag-featured-news","13":"tag-featurednews","14":"tag-headlines","15":"tag-latest-news","16":"tag-latestnews","17":"tag-news","18":"tag-noticias","19":"tag-noticias-destacadas","20":"tag-noticiasdestacadas","21":"tag-spain","22":"tag-titulares","23":"tag-ultimas-noticias","24":"tag-ultimasnoticias"},"share_on_mastodon":{"url":"","error":""},"_links":{"self":[{"href":"https:\/\/www.europesays.com\/es\/wp-json\/wp\/v2\/posts\/152739","targetHints":{"allow":["GET"]}}],"collection":[{"href":"https:\/\/www.europesays.com\/es\/wp-json\/wp\/v2\/posts"}],"about":[{"href":"https:\/\/www.europesays.com\/es\/wp-json\/wp\/v2\/types\/post"}],"author":[{"embeddable":true,"href":"https:\/\/www.europesays.com\/es\/wp-json\/wp\/v2\/users\/2"}],"replies":[{"embeddable":true,"href":"https:\/\/www.europesays.com\/es\/wp-json\/wp\/v2\/comments?post=152739"}],"version-history":[{"count":0,"href":"https:\/\/www.europesays.com\/es\/wp-json\/wp\/v2\/posts\/152739\/revisions"}],"wp:featuredmedia":[{"embeddable":true,"href":"https:\/\/www.europesays.com\/es\/wp-json\/wp\/v2\/media\/152740"}],"wp:attachment":[{"href":"https:\/\/www.europesays.com\/es\/wp-json\/wp\/v2\/media?parent=152739"}],"wp:term":[{"taxonomy":"category","embeddable":true,"href":"https:\/\/www.europesays.com\/es\/wp-json\/wp\/v2\/categories?post=152739"},{"taxonomy":"post_tag","embeddable":true,"href":"https:\/\/www.europesays.com\/es\/wp-json\/wp\/v2\/tags?post=152739"}],"curies":[{"name":"wp","href":"https:\/\/api.w.org\/{rel}","templated":true}]}}