{"id":152747,"date":"2025-10-02T12:58:16","date_gmt":"2025-10-02T12:58:16","guid":{"rendered":"https:\/\/www.europesays.com\/es\/152747\/"},"modified":"2025-10-02T12:58:16","modified_gmt":"2025-10-02T12:58:16","slug":"europeo-cri-f-reusser-logra-el-doblete-tras-el-mundial","status":"publish","type":"post","link":"https:\/\/www.europesays.com\/es\/152747\/","title":{"rendered":"Europeo CRI (F): Reusser logra el doblete tras el Mundial"},"content":{"rendered":"<p><strong>Contrarreloj individual \u00e9lite f\u00e9minas (24,1 km)<\/strong><\/p>\n<blockquote class=\"twitter-tweet\" data-media-max-width=\"560\">\n<p dir=\"ltr\" lang=\"es\">\ud835\udc6a\ud835\udc90\ud835\udc8e\ud835\udc90 \ud835\udc96\ud835\udc8f \ud835\udc93\ud835\udc86\ud835\udc8d\ud835\udc90\ud835\udc8b \ud835\udc94\ud835\udc96\ud835\udc8a\ud835\udc9b\ud835\udc90 \u23f1\ufe0f\ud83c\udde8\ud83c\udded<\/p>\n<p>Marlen Reusser, con el maillot arco\u00edris cosechado hace una semana en Ruanda, logra su cuarto Europeo contra el crono.<\/p>\n<p>\ud83d\udcfa\ud83d\udeb4\u200d\u2640\ufe0f Lo has visto en <a href=\"https:\/\/twitter.com\/Eurosport_ES?ref_src=twsrc%5Etfw\" rel=\"nofollow noopener\" target=\"_blank\">@Eurosport_ES<\/a> y <a href=\"https:\/\/twitter.com\/StreamMaxES?ref_src=twsrc%5Etfw\" rel=\"nofollow noopener\" target=\"_blank\">@StreamMaxES<\/a>. <a href=\"https:\/\/twitter.com\/hashtag\/EuroRoad25?src=hash&amp;ref_src=twsrc%5Etfw\" rel=\"nofollow noopener\" target=\"_blank\">#EuroRoad25<\/a> <a href=\"https:\/\/t.co\/hub2Zj9Qyg\" rel=\"nofollow\">pic.twitter.com\/hub2Zj9Qyg<\/a><\/p>\n<p>\u2014 Eurosport.es (@Eurosport_ES) <a href=\"https:\/\/twitter.com\/Eurosport_ES\/status\/1973378337729806421?ref_src=twsrc%5Etfw\" rel=\"nofollow noopener\" target=\"_blank\">October 1, 2025<\/a><\/p>\n<\/blockquote>\n<p><strong>Redacci\u00f3n \/\u00a0<a href=\"https:\/\/www.facebook.com\/Ciclo21\" target=\"_blank\" rel=\"noopener nofollow\">Ciclo 21<\/a><\/strong><\/p>\n<p style=\"text-align: justify;\"><strong>Marlen Reusser firm\u00f3 el doblete Mundial-Europeo<\/strong> vistiendo por primera vez el <strong>maillot arco\u00edris<\/strong> que logr\u00f3 hace poco m\u00e1s de una semana en Kigali. La suiza del Movistar Team se impuso con mucha claridad en la contrarreloj del Campeonato de Europa \u00e9lite y logr\u00f3<strong> su cuarto t\u00edtulo continental (2021, 2022, 2023 y 2025)<\/strong>. Reusser supo regular fuerzas en un inicio y aument\u00f3 el ritmo en la parte final, donde soplaba el viento en contra. Complet\u00f3 los 24 kil\u00f3metros de recorrido en 33 minutos y 6 segundos, <strong>aventajando en casi un minuto<\/strong> a sus m\u00e1s inmediatas perseguidoras.<\/p>\n<p style=\"text-align: justify;\">La pelea por las medallas estuvo igualad\u00edsima e incluso se otorg\u00f3 en un primer instante el podio a las dos noruegas. Sin embargo, <strong>Mischa Bredewold fue finalmente la medallista de bronce,<\/strong> <strong>por dos d\u00e9cimas de diferencia sobre Katrine Aalerud<\/strong>. Dos segundos menos que ellas necesit\u00f3 <strong>Mie Ottestad para colgarse la plata<\/strong>. La representante espa\u00f1ola, <strong>Mireia Benito, acab\u00f3 10\u00aa<\/strong>, tres puestos peor que lo logrado en el Mundial de Ruanda.<\/p>\n<p><a href=\"https:\/\/www.europesays.com\/es\/wp-content\/uploads\/2025\/10\/557340426_18385948258134475_3322269681639705378_n.jpg\" target=\"_blank\" rel=\"noopener\"><img fetchpriority=\"high\" decoding=\"async\" aria-describedby=\"caption-attachment-449003\" class=\"wp-image-449003 lazy\" src=\"data:image\/svg+xml,%3Csvg%20xmlns=\" http:=\"\" data-src=\"https:\/\/www.europesays.com\/es\/wp-content\/uploads\/2025\/10\/557340426_18385948258134475_3322269681639705378_n.jpg\" alt=\"\" width=\"750\" height=\"529\" data- data-\/><\/a><\/p>\n<p id=\"caption-attachment-449003\" class=\"wp-caption-text\">Podio \u00e9lite femenino del Europeo de contrarreloj \u00a9 UEC<\/p>\n<p><a href=\"https:\/\/www.ciclo21.com\/europeos-2025-ardeche-drome-selecciones\/\" target=\"_blank\" rel=\"noopener nofollow\"><strong>TODAS LAS PRUEBAS<\/strong><\/a><\/p>\n<p><a href=\"https:\/\/www.ciclo21.com\/europeo-ardeche-drome-2025-seleccion-espanola\/\" target=\"_blank\" rel=\"noopener nofollow\"><strong>LA SELECCI\u00d3N ESPA\u00d1OLA<\/strong><\/a><\/p>\n<p><a href=\"https:\/\/www.europeroute2025.com\/app\/uploads\/2025\/09\/CD-EUROPE-Itineraires-Horaires-29.09.2025.pdf\" target=\"_blank\" rel=\"noopener nofollow\"><strong>HORARIOS<\/strong><\/a><\/p>\n<p>Puntos\u00a0<a href=\"https:\/\/www.ciclo21.com\/category\/espana\/topciclo21\/\" target=\"_blank\" rel=\"noopener nofollow\"><strong>#TOPCiclo21<\/strong><\/a>:\u00a0<strong>Mireia Benito, 1 <\/strong>(primera espa\u00f1ola)<\/p>\n<p><strong>CLASIFICACI\u00d3N<\/strong><\/p>\n<tr role=\"row\">\n<td>1<\/td>\n<td>\u00a0<\/td>\n<td>\u00a0<\/td>\n<td>Reusser\u00a0Marlen<\/td>\n<td>Switzerland<\/td>\n<td align=\"right\">00:33:06<\/td>\n<\/tr>\n<tr role=\"row\">\n<td>2<\/td>\n<td>\u00a0<\/td>\n<td>\u00a0<\/td>\n<td>Ottestad\u00a0Mie Bj\u00f8rndal<\/td>\n<td>Norway<\/td>\n<td align=\"right\">+ 50<\/td>\n<\/tr>\n<tr role=\"row\">\n<td>3<\/td>\n<td>\u00a0<\/td>\n<td>\u00a0<\/td>\n<td>Bredewold\u00a0Mischa<\/td>\n<td>Netherlands<\/td>\n<td align=\"right\">+ 51<\/td>\n<\/tr>\n<tr role=\"row\">\n<td>4<\/td>\n<td>\u00a0<\/td>\n<td>\u00a0<\/td>\n<td>Aalerud\u00a0Katrine<\/td>\n<td>Norway<\/td>\n<td align=\"right\">+ 52<\/td>\n<\/tr>\n<tr role=\"row\">\n<td>5<\/td>\n<td>\u00a0<\/td>\n<td>\u00a0<\/td>\n<td>Nooijen\u00a0Lieke<\/td>\n<td>Netherlands<\/td>\n<td align=\"right\">+ 59<\/td>\n<\/tr>\n<tr role=\"row\">\n<td>6<\/td>\n<td>\u00a0<\/td>\n<td>\u00a0<\/td>\n<td>Labous\u00a0Juliette<\/td>\n<td>France<\/td>\n<td align=\"right\">+ 01:05<\/td>\n<\/tr>\n<tr role=\"row\">\n<td>7<\/td>\n<td>\u00a0<\/td>\n<td>\u00a0<\/td>\n<td>Henderson\u00a0Anna<\/td>\n<td>Great Britain<\/td>\n<td align=\"right\">+ 01:05<\/td>\n<\/tr>\n<tr role=\"row\">\n<td>8<\/td>\n<td>\u00a0<\/td>\n<td>\u00a0<\/td>\n<td>Schweinberger\u00a0Christina<\/td>\n<td>Austria<\/td>\n<td align=\"right\">+ 01:31<\/td>\n<\/tr>\n<tr role=\"row\">\n<td>9<\/td>\n<td>\u00a0<\/td>\n<td>\u00a0<\/td>\n<td>Kerbaol\u00a0C\u00e9drine<\/td>\n<td>France<\/td>\n<td align=\"right\">+ 01:51<\/td>\n<\/tr>\n<tr role=\"row\">\n<td>10<\/td>\n<td>\u00a0<\/td>\n<td>\u00a0<\/td>\n<td>Biriukova\u00a0Yuliia<\/td>\n<td>Ukraine<\/td>\n<td align=\"right\">+ 02:07<\/td>\n<\/tr>\n<tr role=\"row\">\n<td>11<\/td>\n<td>\u00a0<\/td>\n<td>\u00a0<\/td>\n<td>Liechti\u00a0Jasmin<\/td>\n<td>Switzerland<\/td>\n<td align=\"right\">+ 02:10<\/td>\n<\/tr>\n<tr role=\"row\">\n<td>12<\/td>\n<td>\u00a0<\/td>\n<td>\u00a0<\/td>\n<td>Guazzini\u00a0Vittoria<\/td>\n<td>Italy<\/td>\n<td align=\"right\">+ 02:16<\/td>\n<\/tr>\n<tr role=\"row\">\n<td>13<\/td>\n<td>\u00a0<\/td>\n<td>\u00a0<\/td>\n<td>Benito\u00a0Mireia<\/td>\n<td>Spain<\/td>\n<td align=\"right\">+ 02:27<\/td>\n<\/tr>\n<tr role=\"row\">\n<td>14<\/td>\n<td>\u00a0<\/td>\n<td>\u00a0<\/td>\n<td>Claes\u00a0Lotte<\/td>\n<td>Belgium<\/td>\n<td align=\"right\">+ 02:27<\/td>\n<\/tr>\n<tr role=\"row\">\n<td>15<\/td>\n<td>\u00a0<\/td>\n<td>\u00a0<\/td>\n<td>Koerner\u00a0Rebecca<\/td>\n<td>Denmark<\/td>\n<td align=\"right\">+ 02:38<\/td>\n<\/tr>\n<tr role=\"row\">\n<td>16<\/td>\n<td>\u00a0<\/td>\n<td>\u00a0<\/td>\n<td>Klein\u00a0Lisa<\/td>\n<td>Germany<\/td>\n<td align=\"right\">+ 02:39<\/td>\n<\/tr>\n<tr role=\"row\">\n<td>17<\/td>\n<td>\u00a0<\/td>\n<td>\u00a0<\/td>\n<td>Skalniak-S\u00f3jka\u00a0Agnieszka<\/td>\n<td>Poland<\/td>\n<td align=\"right\">+ 02:42<\/td>\n<\/tr>\n<tr role=\"row\">\n<td>18<\/td>\n<td>\u00a0<\/td>\n<td>\u00a0<\/td>\n<td>Bujak\u00a0Eugenia<\/td>\n<td>Slovenia<\/td>\n<td align=\"right\">+ 03:05<\/td>\n<\/tr>\n<tr role=\"row\">\n<td>19<\/td>\n<td>\u00a0<\/td>\n<td>\u00a0<\/td>\n<td>Brau\u00dfe\u00a0Franziska<\/td>\n<td>Germany<\/td>\n<td align=\"right\">+ 03:10<\/td>\n<\/tr>\n<tr role=\"row\">\n<td>20<\/td>\n<td>\u00a0<\/td>\n<td>\u00a0<\/td>\n<td>Kiesenhofer\u00a0Anna<\/td>\n<td>Austria<\/td>\n<td align=\"right\">+ 03:17<\/td>\n<\/tr>\n<tr role=\"row\">\n<td>21<\/td>\n<td>\u00a0<\/td>\n<td>\u00a0<\/td>\n<td>Rozlapa\u00a0Dana<\/td>\n<td>Latvia<\/td>\n<td align=\"right\">+ 03:31<\/td>\n<\/tr>\n<tr role=\"row\">\n<td>22<\/td>\n<td>\u00a0<\/td>\n<td>\u00a0<\/td>\n<td>Jencusova\u00a0Nora<\/td>\n<td>Slovakia<\/td>\n<td align=\"right\">+ 03:41<\/td>\n<\/tr>\n<tr role=\"row\">\n<td>23<\/td>\n<td>\u00a0<\/td>\n<td>\u00a0<\/td>\n<td>Dronova\u00a0Tamara<\/td>\n<td>Individual Neutral Athlete<\/td>\n<td align=\"right\">+ 03:42<\/td>\n<\/tr>\n<tr role=\"row\">\n<td>24<\/td>\n<td>\u00a0<\/td>\n<td>\u00a0<\/td>\n<td>De Wilde\u00a0Julie<\/td>\n<td>Belgium<\/td>\n<td align=\"right\">+ 03:42<\/td>\n<\/tr>\n<tr role=\"row\">\n<td>25<\/td>\n<td>\u00a0<\/td>\n<td>\u00a0<\/td>\n<td>Zsanko\u00a0Petra<\/td>\n<td>Hungary<\/td>\n<td align=\"right\">+ 03:52<\/td>\n<\/tr>\n<tr role=\"row\">\n<td>26<\/td>\n<td>\u00a0<\/td>\n<td>\u00a0<\/td>\n<td>Campos\u00a0Daniela<\/td>\n<td>Portugal<\/td>\n<td align=\"right\">+ 03:59<\/td>\n<\/tr>\n<tr role=\"row\">\n<td>27<\/td>\n<td>\u00a0<\/td>\n<td>\u00a0<\/td>\n<td>Lach\u00a0Marta<\/td>\n<td>Poland<\/td>\n<td align=\"right\">+ 04:03<\/td>\n<\/tr>\n<tr role=\"row\">\n<td>28<\/td>\n<td>\u00a0<\/td>\n<td>\u00a0<\/td>\n<td>Shekel\u00a0Olga<\/td>\n<td>Ukraine<\/td>\n<td align=\"right\">+ 04:27<\/td>\n<\/tr>\n<tr role=\"row\">\n<td>29<\/td>\n<td>\u00a0<\/td>\n<td>\u00a0<\/td>\n<td>Frolova\u00a0Natalia<\/td>\n<td>Individual Neutral Athlete<\/td>\n<td align=\"right\">+ 06:16<\/td>\n<\/tr>\n<tr role=\"row\">\n<td>30<\/td>\n<td>\u00a0<\/td>\n<td>\u00a0<\/td>\n<td>Yakisir\u00a0Reyhan<\/td>\n<td>T\u00fcrkiye<\/td>\n<td align=\"right\">+ 09:30<\/td>\n<\/tr>\n<tr role=\"row\">\n<td>31<\/td>\n<td>\u00a0<\/td>\n<td>\u00a0<\/td>\n<td>Cakir\u00a0Melike<\/td>\n<td>T\u00fcrkiye<\/td>\n<td align=\"right\">+ 10:55<\/td>\n<\/tr>\n<p><strong>PERFIL<\/strong><\/p>\n<p><a href=\"https:\/\/www.ciclo21.com\/wp-content\/uploads\/2025\/09\/Planimetria-de-la-contrarreloj-elite-femenina.webp\" target=\"_blank\" rel=\"noopener nofollow\"><img loading=\"lazy\" decoding=\"async\" aria-describedby=\"caption-attachment-448859\" class=\"wp-image-448859  lazy\" src=\"data:image\/svg+xml,%3Csvg%20xmlns=\" http:=\"\" data-src=\"https:\/\/www.europesays.com\/es\/wp-content\/uploads\/2025\/10\/Planimetria-de-la-contrarreloj-elite-femenina-e1759237846675.webp.webp\" alt=\"\" width=\"852\" height=\"261\" data- data-\/><\/a><\/p>\n<p id=\"caption-attachment-448859\" class=\"wp-caption-text\">Perfil de la contrarreloj \u00e9lite femenina \u00a9 UEC<\/p>\n<p style=\"text-align: justify;\">La <strong>contrarreloj \u00e9lite<\/strong>\u00a0ser\u00e1 id\u00e9ntica para hombres y mujeres y ser\u00e1 la misma sobre la que competir\u00e1n tambi\u00e9n los integrantes de la categor\u00eda sub23 y j\u00fanior masculina. Constar\u00e1 de <strong>24 km de recorrido<\/strong> y partir\u00e1 de Loriol-sur-Dr\u00f4me para, a trav\u00e9s de un trazado donde el viento puede jugar un papel importante, llegar a \u00c9toile-sur-Rh\u00f4ne previo ascenso de un duro repecho de un kil\u00f3metro. La representante \u00e9lite femenina de la selecci\u00f3n espa\u00f1ola ser\u00e1 <strong>Mireia Benito<\/strong>.<\/p>\n<p><strong>RECORRIDO<\/strong><\/p>\n<p><a href=\"https:\/\/www.europesays.com\/es\/wp-content\/uploads\/2025\/10\/Planimetria-de-la-contrarreloj-sub-23-masculina.webp.webp\" target=\"_blank\" rel=\"noopener\"><img loading=\"lazy\" decoding=\"async\" aria-describedby=\"caption-attachment-448853\" class=\"wp-image-448853  lazy\" src=\"data:image\/svg+xml,%3Csvg%20xmlns=\" http:=\"\" data-src=\"https:\/\/www.europesays.com\/es\/wp-content\/uploads\/2025\/10\/Planimetria-de-la-contrarreloj-sub-23-masculina.webp.webp\" alt=\"\" width=\"702\" height=\"994\"\/><\/a><\/p>\n<p id=\"caption-attachment-448853\" class=\"wp-caption-text\">Planimetr\u00eda de la contrarreloj \u00e9lite femenina<\/p>\n<p><strong>DORSALES OFICIALES<\/strong><\/p>\n<p><a href=\"https:\/\/www.ciclo21.com\/europeo-cri-feminas-2024-kopecky\/\" target=\"_blank\" rel=\"noopener nofollow\"><strong>Edici\u00f3n 2024: Lotte Kopecky<\/strong><\/a><\/p>\n<p><strong>PALMAR\u00c9S<\/strong><\/p>\n<p><script async src=\"https:\/\/platform.twitter.com\/widgets.js\" charset=\"utf-8\"><\/script><\/p>\n","protected":false},"excerpt":{"rendered":"Contrarreloj individual \u00e9lite f\u00e9minas (24,1 km) \ud835\udc6a\ud835\udc90\ud835\udc8e\ud835\udc90 \ud835\udc96\ud835\udc8f \ud835\udc93\ud835\udc86\ud835\udc8d\ud835\udc90\ud835\udc8b \ud835\udc94\ud835\udc96\ud835\udc8a\ud835\udc9b\ud835\udc90 \u23f1\ufe0f\ud83c\udde8\ud83c\udded Marlen Reusser, con el maillot arco\u00edris cosechado&hellip;\n","protected":false},"author":2,"featured_media":152748,"comment_status":"","ping_status":"","sticky":false,"template":"","format":"standard","meta":{"footnotes":""},"categories":[273],"tags":[45726,313,312,168,25,24,46112,46113,23,167],"class_list":{"0":"post-152747","1":"post","2":"type-post","3":"status-publish","4":"format-standard","5":"has-post-thumbnail","7":"category-ciclismo","8":"tag-campeonato-europa-2025","9":"tag-ciclismo","10":"tag-cycling","11":"tag-deportes","12":"tag-es","13":"tag-espana","14":"tag-europeo-2025","15":"tag-marlen-reusser","16":"tag-spain","17":"tag-sports"},"share_on_mastodon":{"url":"","error":""},"_links":{"self":[{"href":"https:\/\/www.europesays.com\/es\/wp-json\/wp\/v2\/posts\/152747","targetHints":{"allow":["GET"]}}],"collection":[{"href":"https:\/\/www.europesays.com\/es\/wp-json\/wp\/v2\/posts"}],"about":[{"href":"https:\/\/www.europesays.com\/es\/wp-json\/wp\/v2\/types\/post"}],"author":[{"embeddable":true,"href":"https:\/\/www.europesays.com\/es\/wp-json\/wp\/v2\/users\/2"}],"replies":[{"embeddable":true,"href":"https:\/\/www.europesays.com\/es\/wp-json\/wp\/v2\/comments?post=152747"}],"version-history":[{"count":0,"href":"https:\/\/www.europesays.com\/es\/wp-json\/wp\/v2\/posts\/152747\/revisions"}],"wp:featuredmedia":[{"embeddable":true,"href":"https:\/\/www.europesays.com\/es\/wp-json\/wp\/v2\/media\/152748"}],"wp:attachment":[{"href":"https:\/\/www.europesays.com\/es\/wp-json\/wp\/v2\/media?parent=152747"}],"wp:term":[{"taxonomy":"category","embeddable":true,"href":"https:\/\/www.europesays.com\/es\/wp-json\/wp\/v2\/categories?post=152747"},{"taxonomy":"post_tag","embeddable":true,"href":"https:\/\/www.europesays.com\/es\/wp-json\/wp\/v2\/tags?post=152747"}],"curies":[{"name":"wp","href":"https:\/\/api.w.org\/{rel}","templated":true}]}}