{"id":152749,"date":"2025-10-02T12:59:05","date_gmt":"2025-10-02T12:59:05","guid":{"rendered":"https:\/\/www.europesays.com\/es\/152749\/"},"modified":"2025-10-02T12:59:05","modified_gmt":"2025-10-02T12:59:05","slug":"esta-al-mismo-nivel-que-nosotros","status":"publish","type":"post","link":"https:\/\/www.europesays.com\/es\/152749\/","title":{"rendered":"Est\u00e1 al mismo nivel que nosotros"},"content":{"rendered":"<p data-mrf-recirculation=\"Links P\u00e1rrafos\" class=\"ue-c-article__paragraph paragraph ue-c-article--first-letter-highlighted\">M<strong>ax Verstappen<\/strong> aterriza al <strong>GP de Singapur<\/strong> en su momento m\u00e1s dulce de la temporada. El campe\u00f3n del mundo fue el claro dominador en las dos \u00faltimas jornadas. Tras conseguir la pole y la victoria en <strong>Monza<\/strong>, las <strong>calles de Bak\u00fa <\/strong>fueron testigo del mismo destino, despu\u00e9s de que sumara un nuevo &#8216;<strong>Grand Chelem<\/strong>&#8216; en su carrera. Desde el regreso del par\u00f3n veraniego ha sido el piloto en mejor estado de forma y amenaza a los <strong>McLaren <\/strong>con entrar en la pelea por el t\u00edtulo.\u00a0<\/p>\n<p><img decoding=\"async\" width=\"1980\" height=\"1320\" class=\"ue-c-article__image lazyload\" alt=\"Max Verstappen celebra con su equipo la victoria en el GP de Azerbaiy\u00e1n.\" loading=\"lazy\" src=\"https:\/\/www.europesays.com\/es\/wp-content\/uploads\/2025\/10\/68d25afb9cd11.jpeg\"\/><\/p>\n<p>Max Verstappen celebra con su equipo la victoria en el GP de Azerbaiy\u00e1n.AP<\/p>\n<p data-mrf-recirculation=\"Links P\u00e1rrafos\" class=\"ue-c-article__paragraph paragraph\">Tras el final del<strong> GP de Azerbaiy\u00e1n, Oscar Piastri,<\/strong> quien tuvo que abandonar en la primera vuelta tras impactar su coche contra la barrera en la salida de la quinta curva, vio su ventaja ceder hasta los <strong>69 puntos<\/strong> con el piloto de <strong>Red Bull. Lando Norris,<\/strong> quien ocupa la segunda posici\u00f3n de la clasificaci\u00f3n general, reconoce que <strong>Max <\/strong>es un \u00ab<strong>rival a batir<\/strong>\u00bb en las \u00faltimas siete fechas de la campa\u00f1a.\u00a0<\/p>\n<p data-mrf-recirculation=\"Links P\u00e1rrafos\" class=\"ue-c-article__paragraph paragraph\">\u00ab[<strong>Verstappen<\/strong>] es realmente un rival a batir&#8230; Hace un par de semanas introdujeron algunas mejoras y eso parece haberles puesto al mismo nivel que nosotros. Esperamos disputas, especialmente con \u00e9l\u00bb, asegur\u00f3 el brit\u00e1nico en la rueda de prensa de la <strong>FIA del GP de Singapur<\/strong>.<\/p>\n<p>Andrea Stella reconoce el peligro del neerland\u00e9s<\/p>\n<p data-mrf-recirculation=\"Links P\u00e1rrafos\" class=\"ue-c-article__paragraph paragraph\"><strong>Andrea Stella, <\/strong>jefe de los &#8216;papaya&#8217;, reiter\u00f3 su creencia de que &#8216;<strong>Mad Max<\/strong>&#8216; est\u00e1 \u00abdefinitivamente\u00bb en la contienda por el <strong>Mundial<\/strong>.\u00a0\u201cYa us\u00e9 las may\u00fasculas\u2026 Estamos hablando de <strong>Max Verstappen<\/strong>, estamos hablando de <strong>Red Bull<\/strong>\u201d, coment\u00f3 despu\u00e9s de la carrera en Azerbaiy\u00e1n. \u00abYa vimos que mejoraron en <strong>Monza<\/strong>. Parece que han mejorado con su coche, porque su victoria\u00a0fue algo m\u00e1s, seg\u00fan nuestra evaluaci\u00f3n, que un coche que se adapta bien a baja resistencia\u00bb.<\/p>\n<blockquote class=\"ue-c-article__blockquote\">\n<p>Max est\u00e1 en la contienda por el Campeonato de Pilotos. Lo sab\u00edamos y lo confirmamos<\/p>\n<p>Andrea Stella<\/p><\/blockquote>\n<p data-mrf-recirculation=\"Links P\u00e1rrafos\" class=\"ue-c-article__paragraph paragraph\">\u00ab<strong>Sabemos que Max, con un coche competitivo, puede tener buenos fines de semana<\/strong>. Por otro lado, tambi\u00e9n sab\u00edamos que Bak\u00fa habr\u00eda sido un circuito dif\u00edcil para nosotros.\u00a0As\u00ed que veremos ahora en Singapur , donde deber\u00edamos tener un buen desempe\u00f1o. <strong>Ojal\u00e1 podamos volver a luchar por las victorias,<\/strong> y luego veremos c\u00f3mo se desarrolla el resto del campeonato. Pero sin duda, <strong>Max <\/strong>est\u00e1 en la contienda por el Campeonato de Pilotos. <strong>Lo sab\u00edamos y lo confirmamos<\/strong>\u00ab, sentenci\u00f3.\u00a0<\/p>\n<p>Dejar las imprecisiones detr\u00e1s\u00a0<\/p>\n<p data-mrf-recirculation=\"Links P\u00e1rrafos\" class=\"ue-c-article__paragraph paragraph\">De igual manera, el dirigente italiano sabe lo importante que es dejar el mal resultado de <strong>Bak\u00fa <\/strong>en el pasado, puesto que no pueden permitirse m\u00e1s errores de ese estilo. \u00abEsperamos que algunas de las imprecisiones y problemas se hayan acumulado este fin de semana, porque este fin de semana tenemos que recordar que no solo no ten\u00edamos un auto lo suficientemente r\u00e1pido, sino que tambi\u00e9n tuvimos algunos problemas de confiabilidad que le costaron a <strong>Oscar <\/strong>algo de tiempo durante la pr\u00e1ctica. <strong>Hay mucho que aprender, tanto para los pilotos como para el equipo\u00bb<\/strong>.\u00a0<\/p>\n","protected":false},"excerpt":{"rendered":"Max Verstappen aterriza al GP de Singapur en su momento m\u00e1s dulce de la temporada. El campe\u00f3n del&hellip;\n","protected":false},"author":2,"featured_media":152750,"comment_status":"","ping_status":"","sticky":false,"template":"","format":"standard","meta":{"footnotes":""},"categories":[270],"tags":[168,25,24,306,271,272,23,167],"class_list":{"0":"post-152749","1":"post","2":"type-post","3":"status-publish","4":"format-standard","5":"has-post-thumbnail","7":"category-formula-1","8":"tag-deportes","9":"tag-es","10":"tag-espana","11":"tag-f1","12":"tag-formula-1","13":"tag-formula1","14":"tag-spain","15":"tag-sports"},"share_on_mastodon":{"url":"","error":""},"_links":{"self":[{"href":"https:\/\/www.europesays.com\/es\/wp-json\/wp\/v2\/posts\/152749","targetHints":{"allow":["GET"]}}],"collection":[{"href":"https:\/\/www.europesays.com\/es\/wp-json\/wp\/v2\/posts"}],"about":[{"href":"https:\/\/www.europesays.com\/es\/wp-json\/wp\/v2\/types\/post"}],"author":[{"embeddable":true,"href":"https:\/\/www.europesays.com\/es\/wp-json\/wp\/v2\/users\/2"}],"replies":[{"embeddable":true,"href":"https:\/\/www.europesays.com\/es\/wp-json\/wp\/v2\/comments?post=152749"}],"version-history":[{"count":0,"href":"https:\/\/www.europesays.com\/es\/wp-json\/wp\/v2\/posts\/152749\/revisions"}],"wp:featuredmedia":[{"embeddable":true,"href":"https:\/\/www.europesays.com\/es\/wp-json\/wp\/v2\/media\/152750"}],"wp:attachment":[{"href":"https:\/\/www.europesays.com\/es\/wp-json\/wp\/v2\/media?parent=152749"}],"wp:term":[{"taxonomy":"category","embeddable":true,"href":"https:\/\/www.europesays.com\/es\/wp-json\/wp\/v2\/categories?post=152749"},{"taxonomy":"post_tag","embeddable":true,"href":"https:\/\/www.europesays.com\/es\/wp-json\/wp\/v2\/tags?post=152749"}],"curies":[{"name":"wp","href":"https:\/\/api.w.org\/{rel}","templated":true}]}}