{"id":15275,"date":"2025-07-31T02:22:07","date_gmt":"2025-07-31T02:22:07","guid":{"rendered":"https:\/\/www.europesays.com\/es\/15275\/"},"modified":"2025-07-31T02:22:07","modified_gmt":"2025-07-31T02:22:07","slug":"rosalia-responde-a-las-criticas","status":"publish","type":"post","link":"https:\/\/www.europesays.com\/es\/15275\/","title":{"rendered":"Rosal\u00eda responde a las cr\u00edticas:"},"content":{"rendered":"<p>La cantante Rosal\u00eda ha respondido a las cr\u00edticas que ha recibido por no posicionarse contra Israel de forma p\u00fablica por el genocidio que est\u00e1n llevando a cabo en Gaza desde el pasado mes de octubre.\u00a0<\/p>\n<p>Todo ha surgido a ra\u00edz de <a href=\"https:\/\/www.huffingtonpost.es\/life\/moda\/el-disenador-miguel-adrover-rechaza-vestir-rosalia-apoyar-palestina-silencio-complicidadbr.html\" target=\"_blank\" rel=\"nofollow noopener\">la decisi\u00f3n del dise\u00f1ador de moda Miguel Adrover Barcel\u00f3 de rechazar\u00a0realizarle un custom look a Rosal\u00eda por considerar que la artista no ha apoyado \u00abp\u00fablicamente\u00bb a Palestina<\/a> y, aunque reconoce que la admira, ha remarcado que el silencio \u00abes complicidad\u00bb.<\/p>\n<p>\u00abHe seguido con gran tristeza lo que se ha venido diciendo estos d\u00edas. <b>Desde ya acepto que lo que escribir\u00e9 aqu\u00ed ser\u00e1 incompleto e imperfecto pero es mi verdad y est\u00e1 escrito con la mejor intenci\u00f3n<\/b>\u00ab, ha dicho en un storie de Instagram.\u00a0<\/p>\n<p>Y ha proseguido: \u00abEl hecho de no haber usado mi plataforma de forma alineada con el estilo o expectativas ajenas <b>no significa en absoluto que no condene lo que est\u00e1 pasando en Palestina.<\/b>\u00a0Es terrible ver d\u00eda tras d\u00eda como personas inocentes son asesinadas y que los que deber\u00edan parar esto no lo hagan\u00bb.<\/p>\n<p><b>\u00abNo veo como avergonzarnos los unos a los otros sea la mejor manera de seguir adelante en la lucha por la libertad de Palestina<\/b>. Creo que el se\u00f1alamiento deber\u00eda direccionarse hacia arriba (hacia quienes deciden y tienen poder de acci\u00f3n) y no en horizontal (entre nosotrxs)\u00bb, ha a\u00f1adido.\u00a0<\/p>\n<p>En otro storie ha a\u00f1adido: \u00abEn un mundo como el de hoy en d\u00eda todxs vivimos en constante contradicci\u00f3n, yo la primera, y <b>aunque personalmente siempre intente hacer &#8216;lo correcto&#8217;, probablemente no siempre lo consiga pero en el proceso trato de aprender y mejorar\u00bb.\u00a0<\/b><\/p>\n<p>\u00abLamentablemente este texto no es ni ser\u00e1 suficiente en un contexto de violencia extrema como el que est\u00e1 aconteciendo, por ello querr\u00eda finalizar con un profundo respeto y agradecimiento a las personas que realmente act\u00faan como ONG&#8217;s, activistas, voluntarios, sanitarios, trabajadores, cooperativas, asociaciones y periodistas\u00a0dedicando su vida a ayudar en esta causa y muchas otras\u00bb, ha zanjado.<\/p>\n","protected":false},"excerpt":{"rendered":"La cantante Rosal\u00eda ha respondido a las cr\u00edticas que ha recibido por no posicionarse contra Israel de forma&hellip;\n","protected":false},"author":2,"featured_media":15276,"comment_status":"","ping_status":"","sticky":false,"template":"","format":"standard","meta":{"footnotes":""},"categories":[91],"tags":[146,147,25,24,74,76,4147,23],"class_list":{"0":"post-15275","1":"post","2":"type-post","3":"status-publish","4":"format-standard","5":"has-post-thumbnail","7":"category-entretenimiento","8":"tag-entertainment","9":"tag-entretenimiento","10":"tag-es","11":"tag-espana","12":"tag-israel","13":"tag-palestina","14":"tag-rosalia","15":"tag-spain"},"share_on_mastodon":{"url":"","error":""},"_links":{"self":[{"href":"https:\/\/www.europesays.com\/es\/wp-json\/wp\/v2\/posts\/15275","targetHints":{"allow":["GET"]}}],"collection":[{"href":"https:\/\/www.europesays.com\/es\/wp-json\/wp\/v2\/posts"}],"about":[{"href":"https:\/\/www.europesays.com\/es\/wp-json\/wp\/v2\/types\/post"}],"author":[{"embeddable":true,"href":"https:\/\/www.europesays.com\/es\/wp-json\/wp\/v2\/users\/2"}],"replies":[{"embeddable":true,"href":"https:\/\/www.europesays.com\/es\/wp-json\/wp\/v2\/comments?post=15275"}],"version-history":[{"count":0,"href":"https:\/\/www.europesays.com\/es\/wp-json\/wp\/v2\/posts\/15275\/revisions"}],"wp:featuredmedia":[{"embeddable":true,"href":"https:\/\/www.europesays.com\/es\/wp-json\/wp\/v2\/media\/15276"}],"wp:attachment":[{"href":"https:\/\/www.europesays.com\/es\/wp-json\/wp\/v2\/media?parent=15275"}],"wp:term":[{"taxonomy":"category","embeddable":true,"href":"https:\/\/www.europesays.com\/es\/wp-json\/wp\/v2\/categories?post=15275"},{"taxonomy":"post_tag","embeddable":true,"href":"https:\/\/www.europesays.com\/es\/wp-json\/wp\/v2\/tags?post=15275"}],"curies":[{"name":"wp","href":"https:\/\/api.w.org\/{rel}","templated":true}]}}