{"id":152751,"date":"2025-10-02T13:00:14","date_gmt":"2025-10-02T13:00:14","guid":{"rendered":"https:\/\/www.europesays.com\/es\/152751\/"},"modified":"2025-10-02T13:00:14","modified_gmt":"2025-10-02T13:00:14","slug":"anthony-davis-debera-jugar-con-gafas-el-resto-de-su-carrera","status":"publish","type":"post","link":"https:\/\/www.europesays.com\/es\/152751\/","title":{"rendered":"Anthony Davis deber\u00e1 jugar con gafas el resto de su carrera"},"content":{"rendered":"<p class=\"\">En la primera temporada sin <a href=\"https:\/\/as.com\/baloncesto\/nba\/el-traspaso-de-los-traspasos-luka-doncic-se-va-a-los-lakers-n\/\" target=\"_self\" rel=\"nofollow noopener\" title=\"https:\/\/as.com\/baloncesto\/nba\/el-traspaso-de-los-traspasos-luka-doncic-se-va-a-los-lakers-n\/\">Luka Doncic<\/a> desde el tormentoso traspaso que deriv\u00f3 en amenazas de muerte al directivo que le ech\u00f3 y un baj\u00f3n de popularidad en una franquicia reci\u00e9n vendida, nuevas metas en el horizonte de Dallas Mavericks. <b>Jason Kidd no podr\u00e1 contar, m\u00e1s que seguro, con <\/b><a href=\"https:\/\/as.com\/baloncesto\/nba\/se-confirma-la-peor-noticia-para-los-mavs-irving-se-rompe-n\/\" target=\"_self\" rel=\"nofollow noopener\" title=\"https:\/\/as.com\/baloncesto\/nba\/se-confirma-la-peor-noticia-para-los-mavs-irving-se-rompe-n\/\"><b>Kyrie Irving<\/b><\/a><b> en la posici\u00f3n de base hasta primavera, si es que llega a jugar algo en la 2025\/26, por la lesi\u00f3n en uno de sus ligamentos cruzados<\/b>. Pero es una mala noticia entre otras buenas. D\u2019Angelo Russell es el que asumir\u00e1 el mando en plaza en compa\u00f1\u00eda de Williams y Hardy. El joven <a href=\"https:\/\/as.com\/baloncesto\/nba\/cooper-flagg-a-los-mavericks-sin-sorpresa-como-numero-uno-del-draft-nba-2025-n\/\" target=\"_self\" rel=\"nofollow noopener\" title=\"https:\/\/as.com\/baloncesto\/nba\/cooper-flagg-a-los-mavericks-sin-sorpresa-como-numero-uno-del-draft-nba-2025-n\/\">Cooper Flagg<\/a> estrena su condici\u00f3n de n\u00famero uno despu\u00e9s de maravillar en Duke trasladando su talento a Texas. Caras conocidas por las que se vuelve a apostar: Powell, Exum, etc. Veteranos que contin\u00faan, como Klay, o valores que tendr\u00e1n que adaptarse en la cancha, caso de Christie, Marshall, Washington o Caleb Martin, a lo que se disponga. El mejor novato de la actual camada har\u00e1 virar los planes si es necesario. Es la apuesta. A su lado, como jugador-franquicia consolidado, tendr\u00e1 a Anthony Davis. <\/p>\n<p class=\"\">Y nada m\u00e1s llegar del verano Davis ven\u00eda con una noticia bajo el brazo. Y no era positiva. \u201cMe ver\u00e9is como Horace Grant\u201d, en relaci\u00f3n al cuatro veces campe\u00f3n (tres en Bulls, una en Lakers) y su marca distintiva: las gafas. <b>Seg\u00fan le han recomendado los m\u00e9dicos, A.D. deber\u00e1 portar las lentes de contacto en sus ojos para protegerse de m\u00e1s golpes<\/b>. Est\u00e1 reci\u00e9n operado por la afectaci\u00f3n de su retina y en el campus de pretemporada se le ve a\u00fan renqueante del ojo derecho. La pasada campa\u00f1a <b>sufri\u00f3 ah\u00ed un fortuito golpe con el codo de su compa\u00f1ero Daniel Gafford. Se trat\u00f3 de evitar la cirug\u00eda, algo que result\u00f3 la mejor opci\u00f3n cuando se analiz\u00f3 el da\u00f1o<\/b> al terminar la temporada 2024\/25. La sugerencia es que las lleve durante todos los partidos que dispute en la NBA hasta que finalice su carrera deportiva. <\/p>\n<p class=\"\"><b>Davis<\/b> y la salud son conceptos indisociables cuando hablamos de sus posibilidades tanto individuales como colectivas en la Liga. Este a\u00f1o, tras lo mal que acabaron el pasado, las opciones de clasificarse en posiciones de honor en la Conferencia Oeste son de nuevo m\u00faltiples. Gracias al impulso de Flagg y a tener una plantilla compensada. <\/p>\n<p class=\"\"><b>No rehuye el tema<\/b>. \u201cCreo que lo m\u00e1s importante para nuestro equipo es nuestra salud. Mantenernos sanos. Por lo dem\u00e1s creo que vamos a estar bien. Estoy feliz y emocionado de estar aqu\u00ed. Yo quiero ganar con los Mavs\u201d, apunt\u00f3. <\/p>\n<p class=\"\"><b>Kyrie<\/b> es la baja m\u00e1s sensible y lo ser\u00e1 durante meses. Pero lejos de ser una temporada de transici\u00f3n, como se entender\u00eda tanto para coger impulso como para formar adecuadamente a un reci\u00e9n llegado como Cooper Flagg, los texanos se plantean los partidos oficiales desde el punto de vista m\u00e1s ambicioso. Y Davis ser\u00e1 el l\u00edder que guiar\u00e1.<\/p>\n<p class=\"\">Como se report\u00f3 anteriormente, Davis ha conseguido lo que no en los Lakers: ser\u00e1 el ala-p\u00edvot del quinteto titular, con Lively o Gafford actuando de \u20185\u2032 puro para liberarle de algunas tareas defensivas, y se intentar\u00e1 que Flagg sea alero (junto a la versatilidad de P.J. Washington) para intentar ajustar la calidad de todos ellos durante muchos minutos.<\/p>\n<p>Noticias relacionadas<a href=\"https:\/\/as.com\/baloncesto\/nba\/cuidado-con-lebron-james-n\/\" class=\"s_m_w\" title=\"LeBron James ha pedido a los Lakers sumo cuidado con la carga de trabajo que se le ponga en su 23\u00aa temporada en la NBA, la primera en la que no es el l\u00edder absoluto de una franquicia.\" data-tb-link=\"\" rel=\"nofollow noopener\" target=\"_blank\"><img decoding=\"async\" src=\"https:\/\/www.europesays.com\/es\/wp-content\/uploads\/2025\/10\/1759410013_128_RFU2SW4WV5ITTNORLHFR373OEU.jpg\" alt=\"Cuidado con LeBron\" class=\"\" height=\"1\" width=\"1\"   loading=\"lazy\" data-tb-thumbnail=\"\"\/><\/a><a href=\"https:\/\/as.com\/baloncesto\/nba\/kuminga-desbloquea-el-mercado-de-la-nba-pero-a-reganadientes-n\/\" class=\"s_m_w\" title=\"Los Warriors se quitan un problema con Jonathan Kuminga, aunque mantenga reticencias de cara al futuro, y el domin\u00f3 cae positivamente para otros equipos y jugadores de la NBA.\" data-tb-link=\"\" rel=\"nofollow noopener\" target=\"_blank\"><img decoding=\"async\" src=\"https:\/\/www.europesays.com\/es\/wp-content\/uploads\/2025\/10\/1759410014_126_NZKBXOFJPTKWIJEMBH4PGGGB5E.jpg\" alt=\"Kuminga desbloquea el mercado de la NBA pero a rega\u00f1adientes\" class=\"\" height=\"1\" width=\"1\"   loading=\"lazy\" data-tb-thumbnail=\"\"\/><\/a><\/p>\n<p class=\"\">Nuestra <a href=\"https:\/\/asfan.as.com\/newsletters\/\" rel=\"nofollow noopener\" target=\"_blank\">Newsletter<\/a> y alerta informativa en canal de <a href=\"https:\/\/www.whatsapp.com\/channel\/0029VaAasdA7j6g745nz9M10\" rel=\"nofollow noopener\" target=\"_blank\">WhatsApp<\/a>.<\/p>\n<p class=\"\">\u00bfBuscas licenciar contenido? <a href=\"https:\/\/profesional.elpais.com\/landing-sindicacion?utm_medium=interno&amp;utm_source=crosslinking&amp;utm_campaign=sindicacion_as_pie_articulos\" rel=\"nofollow noopener\" target=\"_blank\">Haz clic aqu\u00ed<\/a> para la informaci\u00f3n.<\/p>\n","protected":false},"excerpt":{"rendered":"En la primera temporada sin Luka Doncic desde el tormentoso traspaso que deriv\u00f3 en amenazas de muerte al&hellip;\n","protected":false},"author":2,"featured_media":152752,"comment_status":"","ping_status":"","sticky":false,"template":"","format":"standard","meta":{"footnotes":""},"categories":[269],"tags":[299,298,168,25,24,23,167],"class_list":{"0":"post-152751","1":"post","2":"type-post","3":"status-publish","4":"format-standard","5":"has-post-thumbnail","7":"category-baloncesto","8":"tag-baloncesto","9":"tag-basketball","10":"tag-deportes","11":"tag-es","12":"tag-espana","13":"tag-spain","14":"tag-sports"},"share_on_mastodon":{"url":"","error":""},"_links":{"self":[{"href":"https:\/\/www.europesays.com\/es\/wp-json\/wp\/v2\/posts\/152751","targetHints":{"allow":["GET"]}}],"collection":[{"href":"https:\/\/www.europesays.com\/es\/wp-json\/wp\/v2\/posts"}],"about":[{"href":"https:\/\/www.europesays.com\/es\/wp-json\/wp\/v2\/types\/post"}],"author":[{"embeddable":true,"href":"https:\/\/www.europesays.com\/es\/wp-json\/wp\/v2\/users\/2"}],"replies":[{"embeddable":true,"href":"https:\/\/www.europesays.com\/es\/wp-json\/wp\/v2\/comments?post=152751"}],"version-history":[{"count":0,"href":"https:\/\/www.europesays.com\/es\/wp-json\/wp\/v2\/posts\/152751\/revisions"}],"wp:featuredmedia":[{"embeddable":true,"href":"https:\/\/www.europesays.com\/es\/wp-json\/wp\/v2\/media\/152752"}],"wp:attachment":[{"href":"https:\/\/www.europesays.com\/es\/wp-json\/wp\/v2\/media?parent=152751"}],"wp:term":[{"taxonomy":"category","embeddable":true,"href":"https:\/\/www.europesays.com\/es\/wp-json\/wp\/v2\/categories?post=152751"},{"taxonomy":"post_tag","embeddable":true,"href":"https:\/\/www.europesays.com\/es\/wp-json\/wp\/v2\/tags?post=152751"}],"curies":[{"name":"wp","href":"https:\/\/api.w.org\/{rel}","templated":true}]}}