{"id":152753,"date":"2025-10-02T13:01:08","date_gmt":"2025-10-02T13:01:08","guid":{"rendered":"https:\/\/www.europesays.com\/es\/152753\/"},"modified":"2025-10-02T13:01:08","modified_gmt":"2025-10-02T13:01:08","slug":"marruecos-lider-intratable-diario-as","status":"publish","type":"post","link":"https:\/\/www.europesays.com\/es\/152753\/","title":{"rendered":"Marruecos, l\u00edder intratable &#8211; Diario AS"},"content":{"rendered":"<ol>\n<li><a href=\"https:\/\/news.google.com\/rss\/articles\/CBMic0FVX3lxTE5DQkZjQ3Q1Wl9sNXd1bG1ZQlZ4VDJ3VWF4bEkxT0FuVVU5VWUtMWFrU01uS3FkWTZGNU5xM3RmbVdKcG9hT015NGlVTmxfYWVoLXU3b21idmMwVEw1b0xLQXpxOG41NGR0YXRjeDlBcmU4Z2fSAYcBQVVfeXFMT2lkbllWcDRmLXF5eHdTajRxa1JVTERfdEJmVG81NVRoV283dEFqQnB1SzFZUE5jU3AxM0N5Vk5IemJVNWZlVWpvZGpneG92T09FcFdXbUJVR3lvSFoyR0ZOYjdLTGxzcXdqTldteHZnYko5cmpCOHVrSXpxVkVmcDhYeXVtRHVZ?oc=5\" target=\"_blank\" rel=\"nofollow noopener\">Marruecos, l\u00edder intratable<\/a>&nbsp;&nbsp;Diario AS<\/li>\n<li><a href=\"https:\/\/news.google.com\/rss\/articles\/CBMipwFBVV95cUxOU3ZKQkliV3ExekJrMHplRGRwem1tVklfMzB6VW5FLUxCZDFrUnhCU0dYZzdzTXA3Rlkyb0xUbDV3NDR0Slk0Uk5wMmZGQXItTFlxUXZvMS1PYkhrckhJeTI4MGtIZFp6S2lfcFh5N09wejkxWTRuWlZsWldtOGwtVGJ6TGIzUWV5VEh3UlZlUDkxSDhpeDllWXJWN2VUaVVpeWV0Ui1Ed9IBpwFBVV95cUxNM2FvM2paSFdiQUo0azhlRWRVc2Jhb3J2NzlTLWNKLVprdldqNEFJb3BvSWNRZkVDdmZWYWpvd0pwZjZjamV4VHhYTTNxY1p4SDBRSjNFYWktUUhuQmFuQ29hLUtlYW5vYmZpd2NpUE1wd3ZKbjhoU09lZGd5SDhGT2VVV3BaTEh3THpyY3R2NGNVejBFbjhscHoyaFlCcmh5YUdINEYxMA?oc=5\" target=\"_blank\" rel=\"nofollow noopener\">Marruecos vuela y el Brasil &#8211; Espa\u00f1a va a ser una guerra<\/a>&nbsp;&nbsp;MARCA<\/li>\n<li><a href=\"https:\/\/news.google.com\/rss\/articles\/CBMizwFBVV95cUxOWmxHNE54bC13SXU0ZVZFbFJQZWZaUnBSWGZYalRlR1lkYnYyWXFkYUxsbXV1QzVWQ2VOZzNmRFdWamhvTnFYZ0xSeEk3N1M3Z05uSmkwSVpoYTJNNzVPYkExZHFBTTRyTUs1RUdwYXJtTXlqS293TmVpMU01a0pKMWh5eXY2eGxiVjVibGs2blZqWnpFQ283OHVMVlVjNWcwR3pFZkN2STVjZGRyZFRHenc0MG1xVVJHc1c3VGpXVWF4czlMZHJTMXBKYkZvaUXSAdwBQVVfeXFMUGdod0tkTTRYWE1yZm14MjktSnczNm5vVlFYSUdFTHB1WmszeUROemNHRFBDdkk2RHU0UmJURU5taDhwWW9VSGJfQ2hFdEcxZ01xWm93WEFCV2ZJdnhvc3A3WHB0UjBUY1JkTkg1c3VLd3ItSGpqWUVFZFJyekN6ZVE1cDQtTDd1bUdrUGJjYU9jcURtNmh6cDI2SkpZX2UzMWhDdEhla1VGY2V5d0FFTjZkRFY2aXJFX3pYRHRHcHRYVzdweHpCUDVSUFNKMnlCRGFXN3NjODdybmlCSA?oc=5\" target=\"_blank\" rel=\"nofollow noopener\">As\u00ed ha sido la tercera jornada del Mundial-Sub-20: golazos y sorpresas<\/a>&nbsp;&nbsp;Mundo Deportivo<\/li>\n<li><a href=\"https:\/\/news.google.com\/rss\/articles\/CBMi7gFBVV95cUxPdmRacGlTc2liRU1RX2NQRlVZLTgzeDVtZ3hmOEV0Q0lILS1XeHRZNmhxT1ZXcVF5OTNab3BVd0dnYTRHcEx0WjhIRDFRbWlUOTJpNmducEIzSkRZMmtoLTBtZHdvYjBrdDdBbjNreXhvSzJySVU0ZktSV0RwRm9uR3RFQS0wWjAzNlhWSVBxWGlQTlhhSDlydGNneGR3alBYNkE2azVmemFfdERuVXhxMGR4Q1JWTi1MVFFxX25HYUR5a0F5LU9lS0JLS3QwY2ZKUGcwZE1Nck9EeEJaWlM3TF9FNnFpb0xybmptd0xB0gGIAkFVX3lxTE90dlllbmh3UFdwYnBFRHF6X3J2YU1zWmZmNkpHY2paQk1CNjdWU29OTG44a1lqREE5aG4xZEdUbGh6cWZhQkVxakF5NHplSU5IMF9VN3dkVUZOenVVNDBiblRxM200LTdrbmtOTV9QYTN1N2VfUTl4b3FMS0dMVkQxM0k2SmZmMU1SMEh6MlV4RXpjRkZEcnh6Q096RXk3R1BLZmVtY2xnRWFDM1hwNjlLbDBtQ2otRTlFWGZWUHhHVkZnbGM5UXZOeXhWQVFLVEVqVzN2bUhxT0hEeDgtMlRRT0xQNG9WV09YRHJ0VVB1Z0pJZ0dmazExSjRZUXFkQ3d3STZ4X0dPYQ?oc=5\" target=\"_blank\" rel=\"nofollow noopener\">Marruecos venci\u00f3 2-1 a Brasil y puso en riesgo su clasificaci\u00f3n: todos los goles de la fecha en el Mundial Sub 20<\/a>&nbsp;&nbsp;Infobae<\/li>\n<li><a href=\"https:\/\/news.google.com\/rss\/articles\/CBMi1gFBVV95cUxQSjhqMFVHOXVMZFFCZm9OT190UTZ3ak0xZGprNUxibUxHSEZuUzBlR29XdS0xRHdGbmRqc0hfanA0cE9ZdktTUUk0QW1XMGFhMl9mVElSeTlYVXg4MndGSGt0b0dKdFVKLTk2dUpSdGg2bDdBOGxwaWEtaVFNY3k5R1NJeWdGN244N0l6MWE5dVEtcHp3TzRFWHpZSG9JZmRJOERWZ0NuaEl5cUVYNExkclVzVE5FN1hrT1NGNXJIaGFjQWhJaF8zMWpTNDRfeHVsU05QTml3?oc=5\" target=\"_blank\" rel=\"nofollow noopener\">Argentina y Marruecos clasifican a octavos, Brasil al borde del abismo en el Mundial Sub-20<\/a>&nbsp;&nbsp;RFI<\/li>\n<\/ol>\n","protected":false},"excerpt":{"rendered":"Marruecos, l\u00edder intratable&nbsp;&nbsp;Diario AS Marruecos vuela y el Brasil &#8211; Espa\u00f1a va a ser una guerra&nbsp;&nbsp;MARCA As\u00ed ha&hellip;\n","protected":false},"author":2,"featured_media":152754,"comment_status":"","ping_status":"","sticky":false,"template":"","format":"standard","meta":{"footnotes":""},"categories":[268],"tags":[168,25,24,280,282,281,23,167],"class_list":{"0":"post-152753","1":"post","2":"type-post","3":"status-publish","4":"format-standard","5":"has-post-thumbnail","7":"category-futbol","8":"tag-deportes","9":"tag-es","10":"tag-espana","11":"tag-football","12":"tag-futbol","13":"tag-soccer","14":"tag-spain","15":"tag-sports"},"share_on_mastodon":{"url":"","error":""},"_links":{"self":[{"href":"https:\/\/www.europesays.com\/es\/wp-json\/wp\/v2\/posts\/152753","targetHints":{"allow":["GET"]}}],"collection":[{"href":"https:\/\/www.europesays.com\/es\/wp-json\/wp\/v2\/posts"}],"about":[{"href":"https:\/\/www.europesays.com\/es\/wp-json\/wp\/v2\/types\/post"}],"author":[{"embeddable":true,"href":"https:\/\/www.europesays.com\/es\/wp-json\/wp\/v2\/users\/2"}],"replies":[{"embeddable":true,"href":"https:\/\/www.europesays.com\/es\/wp-json\/wp\/v2\/comments?post=152753"}],"version-history":[{"count":0,"href":"https:\/\/www.europesays.com\/es\/wp-json\/wp\/v2\/posts\/152753\/revisions"}],"wp:featuredmedia":[{"embeddable":true,"href":"https:\/\/www.europesays.com\/es\/wp-json\/wp\/v2\/media\/152754"}],"wp:attachment":[{"href":"https:\/\/www.europesays.com\/es\/wp-json\/wp\/v2\/media?parent=152753"}],"wp:term":[{"taxonomy":"category","embeddable":true,"href":"https:\/\/www.europesays.com\/es\/wp-json\/wp\/v2\/categories?post=152753"},{"taxonomy":"post_tag","embeddable":true,"href":"https:\/\/www.europesays.com\/es\/wp-json\/wp\/v2\/tags?post=152753"}],"curies":[{"name":"wp","href":"https:\/\/api.w.org\/{rel}","templated":true}]}}