{"id":152755,"date":"2025-10-02T13:02:09","date_gmt":"2025-10-02T13:02:09","guid":{"rendered":"https:\/\/www.europesays.com\/es\/152755\/"},"modified":"2025-10-02T13:02:09","modified_gmt":"2025-10-02T13:02:09","slug":"asi-sera-la-rehabilitacion-que-comienza-ahora-mette-marit-de-noruega","status":"publish","type":"post","link":"https:\/\/www.europesays.com\/es\/152755\/","title":{"rendered":"As\u00ed ser\u00e1 la rehabilitaci\u00f3n que comienza ahora Mette-Marit de Noruega"},"content":{"rendered":"<p id=\"eWrYX8V8Rp\" data-wc=\"84\">La princesa Mette-Marit afronta una nueva etapa en el tratamiento de su enfermedad, la fibrosis pulmonar qu\u00edstica. Comienza el periodo de rehabilitaci\u00f3n, seg\u00fan anunci\u00f3 en su momento la Casa Real, por lo que<a class=\"hm-link ho-link\" href=\"https:\/\/www.hola.com\/realeza\/casa_noruega\/20250919856764\/princesa-mette-marit-de-noruega-cancela-agenda-enfermedad-pulmones\/\" data-mrf-recirculation=\"article-body-link\" rel=\"nofollow noopener\" target=\"_blank\">\u00a0este mes estar\u00e1 ausente de la vida p\u00fablica<\/a>, salvo excepciones, como la cena que se ofrecer\u00e1 a los miembros del Storting (Parlamento) en el Palacio Real el 23 de octubre. A partir de ahora estar\u00e1 a caballo entre su casa y el hospital, seg\u00fan ella misma cont\u00f3 en un acto oficial.\u00a0<\/p>\n<p> <img src=\"https:\/\/www.europesays.com\/es\/wp-content\/uploads\/2025\/10\/003d409e7617-dlu591611010.jpg\"   width=\"682\" height=\"1024\" loading=\"lazy\" decoding=\"async\" alt=\"La princesa Mette-Marit en su \u00faltima aparici\u00f3n&#10;&#10;\" fetchpriority=\"auto\" class=\"image ho-image\"\/>\u00a9 GTRES<\/p>\n<p id=\"eavR9PCDSb\" data-wc=\"91\">Seg\u00fan ha contado Olav K\u00e5re Refvem, especialista en medicina interna y enfermedades pulmonares, al canal TV2, es habitual que los pacientes sean ingresados para recibir este tipo de rehabilitaci\u00f3n. El objetivo es trabajar en el fortalecimiento muscular para aprender a vivir con menos ox\u00edgeno. Aunque palacio no ha revelado el centro en el que la mujer de Haakon de Noruega llevar\u00e1 a cabo este proceso, el neum\u00f3logo aseguro que es m\u00e1s que probable que sea en el hospital Lovisenberg, ya que no hay muchas m\u00e1s opciones en el este de Noruega.\u00a0<\/p>\n<p> <img src=\"https:\/\/www.europesays.com\/es\/wp-content\/uploads\/2025\/10\/72bb3e7971bf-dlu590320004.jpg\"   width=\"1024\" height=\"895\" loading=\"lazy\" decoding=\"async\" alt=\"&#10;&#10;\" fetchpriority=\"auto\" class=\"image ho-image\"\/>\u00a9 GTRES<\/p>\n<p id=\"eQC7swax08\" data-wc=\"48\">El programa de ejercicios que llevan a cabo es<a class=\"hm-link ho-link\" href=\"https:\/\/www.hola.com\/realeza\/casa_noruega\/20250920856947\/la-princesa-mette-marit-de-noruega-reaparece\/\" data-mrf-recirculation=\"article-body-link\" rel=\"nofollow noopener\" target=\"_blank\">\u00a0muy intenso,<\/a> que incluye mucho ejercicio f\u00edsico. \u00a0\u00abA mucha gente le resulta bastante agotador, tanto f\u00edsica como mentalmente. Hay que participar en muchas cosas\u00bb, asegura Refvem. Este tipo de programas suelen incluir tambi\u00e9n charlas con psic\u00f3logos, m\u00e9dicos y fisioterapeutas.\u00a0<\/p>\n<p id=\"eDCQLfhIr_\" data-wc=\"134\">A la mujer del pr\u00edncipe Haakon se le diagnostic\u00f3 fibrosis pulmonar cr\u00f3nica en el a\u00f1o 2018, un diagn\u00f3stico que<a class=\"hm-link ho-link\" href=\"https:\/\/www.hola.com\/realeza\/casa_noruega\/20250306818449\/mette-marit-de-noruega-comunicado-urgente-salud\/\" data-mrf-recirculation=\"article-body-link\" rel=\"nofollow noopener\" target=\"_blank\">\u00a0este a\u00f1o ha avanzado.<\/a> Los tratamientos, que cada vez son m\u00e1s frecuentes, y los duros efectos secundarios que \u00e9stos acarrean hacen que la Princesa <a class=\"hm-link ho-link\" href=\"https:\/\/www.hola.com\/realeza\/casa_noruega\/20250324822004\/mette-marit-de-noruega-obligada-a-cancelar-un-acto-debido-al-avance-de-su-enfermedad\/\" data-mrf-recirculation=\"article-body-link\" rel=\"nofollow noopener\" target=\"_blank\">haya reducido considerablemente su agenda oficial<\/a>. \u00ab<strong>Deber\u00eda haberlo hecho hace tiempo, pero ahora es el momento<\/strong>. As\u00ed que lo har\u00e9. Porque necesito un poco m\u00e1s de ayuda que antes para afrontar la vida diaria con la fibrosis pulmonar\u00bb, ha admitido a los medios all\u00ed presentes tras conocerse la noticia de su par\u00f3n por causas de salud. \u00abCreo que se trata de conocer a otras personas que padecen la misma enfermedad pulmonar que yo. Y de tener un mejor control sobre c\u00f3mo afrontar\u00e9 mi vida diaria con esta enfermedad cr\u00f3nica\u00bb, ha declarado.\u00a0<\/p>\n<p> <img src=\"https:\/\/www.europesays.com\/es\/wp-content\/uploads\/2025\/10\/9110625974ca-dlu590320014.jpg\"   width=\"1024\" height=\"682\" loading=\"lazy\" decoding=\"async\" alt=\"La actriz Liv Ullmann toma las manos de la princesa Mette-Marit\" fetchpriority=\"auto\" class=\"image ho-image\"\/>\u00a9 GTRES<\/p>\n<p data-wc=\"114\" id=\"eEs0mW7kOPY\">En marzo de este a\u00f1o, la Casa Real anunci\u00f3 que la enfermedad pulmonar de la princesa heredera hab\u00eda empeorado: \u00abPresenta s\u00edntomas y dolencias a diario que afectan su capacidad para realizar sus tareas cotidianas. Necesita m\u00e1s descanso y su estado f\u00edsico est\u00e1 cambiando m\u00e1s r\u00e1pidamente que antes\u00bb, afirmaron entonces. Era el rev\u00e9s que le faltaba a Mette-Marit de Noruega que se enfrenta tambi\u00e9n a un complicad\u00edsimo momento personal tras <a class=\"hm-link ho-link\" href=\"https:\/\/www.hola.com\/realeza\/casa_noruega\/20250930858658\/marius-borg-el-hijo-de-la-princesa-mette-marit-tiene-clara-su-estrategia-un-juicio-publico-y-un-buen-numero-de-testigos\/\" data-mrf-recirculation=\"article-body-link\" rel=\"nofollow noopener\" target=\"_blank\">la acusaci\u00f3n formal a su hijo Marius Borg<\/a>, nacido antes de su matrimonio con el Pr\u00edncipe Heredero de 32 delitos diferentes, entre ellos 4 agresiones sexuales as\u00ed como abusos a su expareja, Nora Haukland, y m\u00e1s actos de violencia hacia otra de sus compa\u00f1eras sentimentales.\u00a0<\/p>\n<p><\/p>\n","protected":false},"excerpt":{"rendered":"La princesa Mette-Marit afronta una nueva etapa en el tratamiento de su enfermedad, la fibrosis pulmonar qu\u00edstica. Comienza&hellip;\n","protected":false},"author":2,"featured_media":152756,"comment_status":"","ping_status":"","sticky":false,"template":"","format":"standard","meta":{"footnotes":""},"categories":[174],"tags":[255,146,147,25,24,256,13808,1027,8158,23],"class_list":{"0":"post-152755","1":"post","2":"type-post","3":"status-publish","4":"format-standard","5":"has-post-thumbnail","7":"category-famosos","8":"tag-celebrities","9":"tag-entertainment","10":"tag-entretenimiento","11":"tag-es","12":"tag-espana","13":"tag-famosos","14":"tag-mette-marit-de-noruega","15":"tag-realeza","16":"tag-realeza-noruega","17":"tag-spain"},"share_on_mastodon":{"url":"","error":""},"_links":{"self":[{"href":"https:\/\/www.europesays.com\/es\/wp-json\/wp\/v2\/posts\/152755","targetHints":{"allow":["GET"]}}],"collection":[{"href":"https:\/\/www.europesays.com\/es\/wp-json\/wp\/v2\/posts"}],"about":[{"href":"https:\/\/www.europesays.com\/es\/wp-json\/wp\/v2\/types\/post"}],"author":[{"embeddable":true,"href":"https:\/\/www.europesays.com\/es\/wp-json\/wp\/v2\/users\/2"}],"replies":[{"embeddable":true,"href":"https:\/\/www.europesays.com\/es\/wp-json\/wp\/v2\/comments?post=152755"}],"version-history":[{"count":0,"href":"https:\/\/www.europesays.com\/es\/wp-json\/wp\/v2\/posts\/152755\/revisions"}],"wp:featuredmedia":[{"embeddable":true,"href":"https:\/\/www.europesays.com\/es\/wp-json\/wp\/v2\/media\/152756"}],"wp:attachment":[{"href":"https:\/\/www.europesays.com\/es\/wp-json\/wp\/v2\/media?parent=152755"}],"wp:term":[{"taxonomy":"category","embeddable":true,"href":"https:\/\/www.europesays.com\/es\/wp-json\/wp\/v2\/categories?post=152755"},{"taxonomy":"post_tag","embeddable":true,"href":"https:\/\/www.europesays.com\/es\/wp-json\/wp\/v2\/tags?post=152755"}],"curies":[{"name":"wp","href":"https:\/\/api.w.org\/{rel}","templated":true}]}}