{"id":152763,"date":"2025-10-02T13:08:15","date_gmt":"2025-10-02T13:08:15","guid":{"rendered":"https:\/\/www.europesays.com\/es\/152763\/"},"modified":"2025-10-02T13:08:15","modified_gmt":"2025-10-02T13:08:15","slug":"betis-visita-al-ludogorets-con-el-cucho-hernandez-por-europa-league-en-racha-goleadora","status":"publish","type":"post","link":"https:\/\/www.europesays.com\/es\/152763\/","title":{"rendered":"Betis visita al Ludogorets con el &#8216;Cucho&#8217; Hern\u00e1ndez por Europa League en racha goleadora"},"content":{"rendered":"<p><strong><a href=\"https:\/\/espndeportes.espn.com\/futbol\/equipo\/_\/id\/244\/real-betis\" target=\"_blank\" rel=\"nofollow noopener\">El Real Betis <\/a><\/strong>afronta la segunda jornada de la fase liga de la <strong><a href=\"https:\/\/espndeportes.espn.com\/futbol\/liga\/_\/nombre\/uefa.europa\" target=\"_blank\" rel=\"nofollow noopener\">UEFA Europa League<\/a><\/strong> con un viaje exigente a Razgrad para enfrentar al Ludogorets (11:45 AM COL, Disney+). Los verdiblancos, que empataron en su debut contra Nottingham Forest, buscan su primera victoria en la competici\u00f3n en un escenario que ya conocen: en 2022 ganaron all\u00ed con un gol de Fekir (0-1).<\/p>\n<p>Selecciones Editoriales<\/p>\n<ul>\n<li><a name=\"&amp;lpos=story:editorspicks:inline:1\" href=\"https:\/\/espndeportes.espn.com\/futbol\/espana\/nota\/_\/id\/15744516\/manuel-pellegrini-victoria-del-betis-estamos-solidos-y-comprometidos-laliga\" class=\"img-link\" rel=\"nofollow noopener\" target=\"_blank\"><img loading=\"lazy\" decoding=\"async\" src=\"https:\/\/www.europesays.com\/es\/wp-content\/uploads\/2025\/10\/r1552789_1296x1296_1-1.jpg&#038;w=130&#038;h=130&#038;scale=crop&#038;location=center.jpeg\" width=\"65\" height=\"65\"\/><\/a><\/li>\n<li><a name=\"&amp;lpos=story:editorspicks:inline:2\" href=\"https:\/\/espndeportes.espn.com\/futbol\/espana\/nota\/_\/id\/15742023\/betis-recibe-real-sociedad-laliga-lo-celso-cucho-hernandez-video\" class=\"img-link\" rel=\"nofollow noopener\" target=\"_blank\"><img loading=\"lazy\" decoding=\"async\" src=\"https:\/\/www.europesays.com\/es\/wp-content\/uploads\/2025\/10\/r1552586_1296x1296_1-1.jpg&#038;w=130&#038;h=130&#038;scale=crop&#038;location=center.jpeg\" width=\"65\" height=\"65\"\/><\/a><\/li>\n<\/ul>\n<p>1 Relacionado<\/p>\n<p><strong>El Ludogorets, actual campe\u00f3n de Bulgaria, llega lanzado tras imponerse 1-2 al Malm\u00f6 en su estreno europeo y con la confianza de un equipo que en casa suele crecerse<\/strong>. Bajo la batuta del t\u00e9cnico portugu\u00e9s Rui Mota, los b\u00falgaros han consolidado un 4-3-3 ofensivo, con nombres como Ivaylo Chochev y Petar Stanic, adem\u00e1s del delantero Yves Erick Bile, que ya ha marcado en el torneo.<\/p>\n<p>Para el Betis, uno de los focos est\u00e1 en <strong><a href=\"https:\/\/espndeportes.espn.com\/futbol\/jugador\/_\/id\/336809\/cucho-hernandez\" target=\"_blank\" rel=\"nofollow noopener\">Juan Camilo \u2018Cucho\u2019 Hern\u00e1ndez<\/a><\/strong>, que atraviesa un gran momento. E<strong>l colombiano ha marcado en tres partidos consecutivos de LaLiga y en esta temporada suma ya 3 goles y 1 asistencia en 616 minutos oficiales. Su<\/strong> racha lo perfila como una de las piezas m\u00e1s importantes en el ataque de Manuel Pellegrini, que poco a poco va viendo c\u00f3mo varios de sus jugadores recuperan nivel, como Marc Roca y Amrabat en el medio.<\/p>\n<p>El desaf\u00edo para los b\u00e9ticos ser\u00e1 mantener la concentraci\u00f3n en un estadio siempre complicado, frente a un rival intenso y valiente.<strong> Con el \u2018Cucho\u2019 enchufado y el equipo empezando a encontrar certezas en su rendimiento, el objetivo es claro: sumar de a tres en Europa<\/strong> y dar un paso firme hacia la clasificaci\u00f3n.<\/p>\n","protected":false},"excerpt":{"rendered":"El Real Betis afronta la segunda jornada de la fase liga de la UEFA Europa League con un&hellip;\n","protected":false},"author":2,"featured_media":152764,"comment_status":"","ping_status":"","sticky":false,"template":"","format":"standard","meta":{"footnotes":""},"categories":[93],"tags":[168,25,24,23,167],"class_list":{"0":"post-152763","1":"post","2":"type-post","3":"status-publish","4":"format-standard","5":"has-post-thumbnail","7":"category-deportes","8":"tag-deportes","9":"tag-es","10":"tag-espana","11":"tag-spain","12":"tag-sports"},"share_on_mastodon":{"url":"","error":""},"_links":{"self":[{"href":"https:\/\/www.europesays.com\/es\/wp-json\/wp\/v2\/posts\/152763","targetHints":{"allow":["GET"]}}],"collection":[{"href":"https:\/\/www.europesays.com\/es\/wp-json\/wp\/v2\/posts"}],"about":[{"href":"https:\/\/www.europesays.com\/es\/wp-json\/wp\/v2\/types\/post"}],"author":[{"embeddable":true,"href":"https:\/\/www.europesays.com\/es\/wp-json\/wp\/v2\/users\/2"}],"replies":[{"embeddable":true,"href":"https:\/\/www.europesays.com\/es\/wp-json\/wp\/v2\/comments?post=152763"}],"version-history":[{"count":0,"href":"https:\/\/www.europesays.com\/es\/wp-json\/wp\/v2\/posts\/152763\/revisions"}],"wp:featuredmedia":[{"embeddable":true,"href":"https:\/\/www.europesays.com\/es\/wp-json\/wp\/v2\/media\/152764"}],"wp:attachment":[{"href":"https:\/\/www.europesays.com\/es\/wp-json\/wp\/v2\/media?parent=152763"}],"wp:term":[{"taxonomy":"category","embeddable":true,"href":"https:\/\/www.europesays.com\/es\/wp-json\/wp\/v2\/categories?post=152763"},{"taxonomy":"post_tag","embeddable":true,"href":"https:\/\/www.europesays.com\/es\/wp-json\/wp\/v2\/tags?post=152763"}],"curies":[{"name":"wp","href":"https:\/\/api.w.org\/{rel}","templated":true}]}}