{"id":152772,"date":"2025-10-02T13:13:07","date_gmt":"2025-10-02T13:13:07","guid":{"rendered":"https:\/\/www.europesays.com\/es\/152772\/"},"modified":"2025-10-02T13:13:07","modified_gmt":"2025-10-02T13:13:07","slug":"los-nombres-de-los-espanoles-detenidos-por-israel-tras-interceptar-sus-barcos-de-la-flotilla-el-mundo","status":"publish","type":"post","link":"https:\/\/www.europesays.com\/es\/152772\/","title":{"rendered":"Los nombres de los espa\u00f1oles detenidos por Israel tras interceptar sus barcos de la flotilla &#8211; El Mundo"},"content":{"rendered":"<ol>\n<li><a href=\"https:\/\/news.google.com\/rss\/articles\/CBMiekFVX3lxTE9RSUhKYTNwQm1lbm9aM1d5dU1Dbks4VnZBdThQQ05GT3lUS1NyUGF6bEFkalR0ckRlUGZrTW9EUmdaSmpTTGdFT3kyZkNyUzBOXzJZbUVQYll6TklRTHVrZXd5QndnY3EweHY0OWJhMWV4T3d6NWhIM1dn0gF6QVVfeXFMTkVXNm1WR3otamVBRnZ4QzMzcGg1WExHckRYNkg5ZTQ1aTU3OEN3TFZUZllPLU10eFRNbTc4bC1oSVFBX1BiMWtWTHJ2VTExc01abGpEZGY4aXNOdGFFMmpZc3lYYVl4Z1gxWnhXZXdNOXVLbWZuLWRLNlE?oc=5\" target=\"_blank\" rel=\"nofollow noopener\">Los nombres de los espa\u00f1oles detenidos por Israel tras interceptar sus barcos de la flotilla<\/a>&nbsp;&nbsp;El Mundo<\/li>\n<li><a href=\"https:\/\/news.google.com\/rss\/articles\/CBMixAFBVV95cUxPTDh1cGlXc0hHY21TZndJYW9jWW4wM21PaDJFLWNxa3JVRzNJOUJBd081QXNZaDkyclBpTFNsTlFlaWtzWV9HRWo5Njlhb25XNE5DNDZITWN6cDJNMUlfdmltOFFzOG42RWtmT05wWi1oeFp5Q2NVV2JDcmUtSEMxMzFZZFN4MW85N0plQW96XzRpT3JTN21BT25TNVd6V1R6SkF3Z1pxLWEyamNnRjAyTU5fbDZTUnFQMnV3cTRoNG1DRjFF?oc=5\" target=\"_blank\" rel=\"nofollow noopener\">\u00daltima hora de la flotilla rumbo a Gaza hoy, en directo | Reacciones internacionales y situaci\u00f3n en Israel<\/a>&nbsp;&nbsp;La Vanguardia<\/li>\n<li><a href=\"https:\/\/news.google.com\/rss\/articles\/CBMi3wFBVV95cUxOLVlqazM1R1BsVWV4UFVhYUFxazl2djYxYkdmemVrZGFDYlBUdS1kR2trQ2RGNVJDSldnQ2x0T19MXzVoWWY4dEI1MkRGLWpQMVR6bHdjbGhXa3A2dVdpYm1tVm9ZbzF3Z2xfZVBEbWhKOFp6aG5FcGNoYTVJOUlLeTNpU2pmNHotSm9pQ0lfNmE4MlVwbVN0VDZXRUdNbXdfbVhiT3FmYTI2aWx5X0o2cG9LbGFsYlQ5amF2VHl4dXNSTDFETWhtMEo1cThkS0tqTlUyWW5OYy1Iclk1TzdV?oc=5\" target=\"_blank\" rel=\"nofollow noopener\">El barco de la Marina israel\u00ed con los miembros de la flotilla detenidos llega al puerto de Ashdod<\/a>&nbsp;&nbsp;EL PA\u00cdS<\/li>\n<li><a href=\"https:\/\/news.google.com\/rss\/articles\/CBMiuAFBVV95cUxNRGN2QzFlTktMdEZ0LUp2eXpZQnlSRS1yOWFVMXE4Y3c1bThPOW1aRV9VdE1KdFpXMzNaanlzNmNzNDAwZEpmUnBLLWgwYkxSTW5KeXh4bld1WF9YYUJZeXc1U2Zab21odVpwel90WkVOTUhtNXJBRVdwZnUyWFVxcGdWSzVFci1QM0ZiZXZnaWsxVTZLUFFHYy1rVXE2T1pIckUtVTNhN1ExT2owekhGUy13MVpqY25T0gG-AUFVX3lxTE9KLVdwRjZXZy1uZGEtX0JOSEdvSnFUYkwxUkoxRGJ2WjZBeFdtLUZORHR2U01FYk5aX0pTNVhEdDVZMTFXbVNzUDRuTGhSbHd4YjNITG41TF91TGhFTllza3JhUnd5bHZlUkdNc0hKRG5ON0llMXNnc2VtNmZSNjhEUE9UWkJEcDNjZldwLVZITmxqZV9XS1JtNENIWG03bzdJbWx6dmhSWUpaYURibnhLRk4yVzN1a3pHVWdYbkE?oc=5\" target=\"_blank\" rel=\"nofollow noopener\">Estas son todas las manifestaciones convocadas en Espa\u00f1a este jueves por el asalto a la Flotilla<\/a>&nbsp;&nbsp;El Confidencial<\/li>\n<li><a href=\"https:\/\/news.google.com\/rss\/articles\/CBMilgFBVV95cUxPdmtGZU1FNU5pUGVycVBrMUlxSGlkaE5ZcC1FbjZDdzhIR1ZzYmdjYTNyMGRmdFQ1ekxCaExqR29LZ2JPUXZNMGNuOFpNMFNsQ1dkOFJ0SVM4V2hwbW9qbnRMMDRmRmR2S05KRGZyWHlKaWdKR21uRlpaQXZkMHZveXJMYkxsTGczSE9NSnI1MHplbF9uTkE?oc=5\" target=\"_blank\" rel=\"nofollow noopener\">\u00bfQu\u00e9 pas\u00f3 con la flotilla Global Sumud que fue detenida por Israel camino a Gaza y qui\u00e9nes iban en ella?<\/a>&nbsp;&nbsp;CNN en Espa\u00f1ol<\/li>\n<\/ol>\n","protected":false},"excerpt":{"rendered":"Los nombres de los espa\u00f1oles detenidos por Israel tras interceptar sus barcos de la flotilla&nbsp;&nbsp;El Mundo \u00daltima hora&hellip;\n","protected":false},"author":2,"featured_media":152773,"comment_status":"","ping_status":"","sticky":false,"template":"","format":"standard","meta":{"footnotes":""},"categories":[42],"tags":[17,18,24,13,14,1256,11,61,62,63,64,74,19,20,9,10,15,16,12,21,22,65,66,67],"class_list":{"0":"post-152772","1":"post","2":"type-post","3":"status-publish","4":"format-standard","5":"has-post-thumbnail","7":"category-internacional","8":"tag-breaking-news","9":"tag-breakingnews","10":"tag-espana","11":"tag-featured-news","12":"tag-featurednews","13":"tag-franja-de-gaza","14":"tag-headlines","15":"tag-internacional","16":"tag-international","17":"tag-international-news","18":"tag-internationalnews","19":"tag-israel","20":"tag-latest-news","21":"tag-latestnews","22":"tag-news","23":"tag-noticias","24":"tag-noticias-destacadas","25":"tag-noticiasdestacadas","26":"tag-titulares","27":"tag-ultimas-noticias","28":"tag-ultimasnoticias","29":"tag-world","30":"tag-world-news","31":"tag-worldnews"},"share_on_mastodon":{"url":"","error":""},"_links":{"self":[{"href":"https:\/\/www.europesays.com\/es\/wp-json\/wp\/v2\/posts\/152772","targetHints":{"allow":["GET"]}}],"collection":[{"href":"https:\/\/www.europesays.com\/es\/wp-json\/wp\/v2\/posts"}],"about":[{"href":"https:\/\/www.europesays.com\/es\/wp-json\/wp\/v2\/types\/post"}],"author":[{"embeddable":true,"href":"https:\/\/www.europesays.com\/es\/wp-json\/wp\/v2\/users\/2"}],"replies":[{"embeddable":true,"href":"https:\/\/www.europesays.com\/es\/wp-json\/wp\/v2\/comments?post=152772"}],"version-history":[{"count":0,"href":"https:\/\/www.europesays.com\/es\/wp-json\/wp\/v2\/posts\/152772\/revisions"}],"wp:featuredmedia":[{"embeddable":true,"href":"https:\/\/www.europesays.com\/es\/wp-json\/wp\/v2\/media\/152773"}],"wp:attachment":[{"href":"https:\/\/www.europesays.com\/es\/wp-json\/wp\/v2\/media?parent=152772"}],"wp:term":[{"taxonomy":"category","embeddable":true,"href":"https:\/\/www.europesays.com\/es\/wp-json\/wp\/v2\/categories?post=152772"},{"taxonomy":"post_tag","embeddable":true,"href":"https:\/\/www.europesays.com\/es\/wp-json\/wp\/v2\/tags?post=152772"}],"curies":[{"name":"wp","href":"https:\/\/api.w.org\/{rel}","templated":true}]}}