{"id":152774,"date":"2025-10-02T13:14:13","date_gmt":"2025-10-02T13:14:13","guid":{"rendered":"https:\/\/www.europesays.com\/es\/152774\/"},"modified":"2025-10-02T13:14:13","modified_gmt":"2025-10-02T13:14:13","slug":"la-delegacion-del-mayor-celebra-una-yincana-en-el-centro-comercial-puerta-europa","status":"publish","type":"post","link":"https:\/\/www.europesays.com\/es\/152774\/","title":{"rendered":"La delegaci\u00f3n del Mayor celebra una Yincana en el Centro Comercial Puerta Europa"},"content":{"rendered":"<p>\t\t\t\t<a href=\"https:\/\/www.algeciras.es\/export\/sites\/algeciras\/.galleries\/noticias\/FOTO-NOT-AMAYORES-CC-1.jpg\" title=\"Un momento de la actividad.\" class=\"wrapper-image zoom-filter \" rel=\"prettyPhoto[gallery1] nofollow noopener\" target=\"_blank\">\t\t\t<\/p>\n<p>\t\t\t\t\t\t<img loading=\"lazy\" decoding=\"async\" class=\"img-responsive\" src=\"https:\/\/www.europesays.com\/es\/wp-content\/uploads\/2025\/10\/FOTO-NOT-AMAYORES-CC-1.jpg_1797457737.jpg\" width=\"4031\" height=\"2131\" alt=\"FOTO NOT AMAYORES CC 1\" title=\"FOTO NOT AMAYORES CC 1\" longdesc=\"Un momento de la actividad.\"\/><\/p>\n<p>\t\t\t\t<\/a><br \/>\n\t\t\tUn momento de la actividad.<\/p>\n<p style=\"text-align: justify;\">La delegada municipal del Mayor, Patricia Bueno, ha acompa\u00f1ado esta ma\u00f1ana a los usuarios de los Centros de Participaci\u00f3n Activa de Algeciras en la celebraci\u00f3n de una yincana organizada en colaboraci\u00f3n del Centro Comercial Puerta Europa.<\/p>\n<p style=\"text-align: justify;\">Esta actividad forma parte de la programaci\u00f3n del D\u00eda Internacional del Mayor, que incluye distintas iniciativas para fomentar el envejecimiento activo y la participaci\u00f3n social de las personas mayores.<br \/>Tambi\u00e9n ha estado presente la delegada de Comercio, Sabia Quiles, mostrando su apoyo a esta jornada l\u00fadica y colaborativa.<\/p>\n<p style=\"text-align: justify;\">Al finalizar la yincana, se hizo entrega de vales (primer premio 70 euros; segundo 50 euros y tercero 30 euros) para compras en el propio centro comercial a los ganadores, como reconocimiento a su esfuerzo y participaci\u00f3n.<\/p>\n<p style=\"text-align: justify;\">Patricia Bueno ha agradecido la implicaci\u00f3n de los Centros de Participaci\u00f3n Activa, as\u00ed como la colaboraci\u00f3n del Centro Comercial Puerta Europa, y ha destacado el \u00e9xito de la convocatoria y la entusiasta participaci\u00f3n de los asistentes.<\/p>\n<p style=\"text-align: justify;\">\u00a0<\/p>\n","protected":false},"excerpt":{"rendered":"Un momento de la actividad. La delegada municipal del Mayor, Patricia Bueno, ha acompa\u00f1ado esta ma\u00f1ana a los&hellip;\n","protected":false},"author":2,"featured_media":152775,"comment_status":"","ping_status":"","sticky":false,"template":"","format":"standard","meta":{"footnotes":""},"categories":[8],"tags":[17,18,25,24,13,14,11,19,20,9,10,15,16,23,12,21,22],"class_list":{"0":"post-152774","1":"post","2":"type-post","3":"status-publish","4":"format-standard","5":"has-post-thumbnail","7":"category-espana","8":"tag-breaking-news","9":"tag-breakingnews","10":"tag-es","11":"tag-espana","12":"tag-featured-news","13":"tag-featurednews","14":"tag-headlines","15":"tag-latest-news","16":"tag-latestnews","17":"tag-news","18":"tag-noticias","19":"tag-noticias-destacadas","20":"tag-noticiasdestacadas","21":"tag-spain","22":"tag-titulares","23":"tag-ultimas-noticias","24":"tag-ultimasnoticias"},"share_on_mastodon":{"url":"","error":""},"_links":{"self":[{"href":"https:\/\/www.europesays.com\/es\/wp-json\/wp\/v2\/posts\/152774","targetHints":{"allow":["GET"]}}],"collection":[{"href":"https:\/\/www.europesays.com\/es\/wp-json\/wp\/v2\/posts"}],"about":[{"href":"https:\/\/www.europesays.com\/es\/wp-json\/wp\/v2\/types\/post"}],"author":[{"embeddable":true,"href":"https:\/\/www.europesays.com\/es\/wp-json\/wp\/v2\/users\/2"}],"replies":[{"embeddable":true,"href":"https:\/\/www.europesays.com\/es\/wp-json\/wp\/v2\/comments?post=152774"}],"version-history":[{"count":0,"href":"https:\/\/www.europesays.com\/es\/wp-json\/wp\/v2\/posts\/152774\/revisions"}],"wp:featuredmedia":[{"embeddable":true,"href":"https:\/\/www.europesays.com\/es\/wp-json\/wp\/v2\/media\/152775"}],"wp:attachment":[{"href":"https:\/\/www.europesays.com\/es\/wp-json\/wp\/v2\/media?parent=152774"}],"wp:term":[{"taxonomy":"category","embeddable":true,"href":"https:\/\/www.europesays.com\/es\/wp-json\/wp\/v2\/categories?post=152774"},{"taxonomy":"post_tag","embeddable":true,"href":"https:\/\/www.europesays.com\/es\/wp-json\/wp\/v2\/tags?post=152774"}],"curies":[{"name":"wp","href":"https:\/\/api.w.org\/{rel}","templated":true}]}}