{"id":152776,"date":"2025-10-02T13:15:19","date_gmt":"2025-10-02T13:15:19","guid":{"rendered":"https:\/\/www.europesays.com\/es\/152776\/"},"modified":"2025-10-02T13:15:19","modified_gmt":"2025-10-02T13:15:19","slug":"sois-mas-policias-que-nunca-para-patrullar-las-calles-y-combatir-el-delito-donde-se-os-necesita-prensa-actualidad-interior","status":"publish","type":"post","link":"https:\/\/www.europesays.com\/es\/152776\/","title":{"rendered":"\u00abSois m\u00e1s polic\u00edas que nunca para patrullar las calles y combatir el delito donde se os necesita\u00bb [Prensa\/Actualidad\/Interior]"},"content":{"rendered":"<p class=\"main-image\">&#13;<br \/>\n                     &#13;<br \/>\n                        &#13;<br \/>\n                        <img decoding=\"async\" alt=\"El ministro del Interior, Fernando Grande-Marlaska, en la celebraci\u00f3n de los actos centrales del D\u00eda de la Polic\u00eda, en Vigo\" title=\"El ministro del Interior, Fernando Grande-Marlaska, en la celebraci\u00f3n de los actos centrales del D\u00eda de la Polic\u00eda, en Vigo\" src=\"https:\/\/www.europesays.com\/es\/wp-content\/uploads\/2025\/10\/021025-marlaska-dia-policia.jpg\"\/>&#13;<br \/>\n                        El ministro del Interior, Fernando Grande-Marlaska, en la celebraci\u00f3n de los actos centrales del D\u00eda de la Polic\u00eda, en Vigo (Pontevedra).&#13;<br \/>\n                    &#13;\n                <\/p>\n<p>El ministro del Interior, Fernando Grande-Marlaska, ha destacado el m\u00e1ximo hist\u00f3rico de efectivos alcanzado en 2025 por la Polic\u00eda Nacional. \u00abSois m\u00e1s que nunca, patrullando las calles, luchando contra el delito all\u00ed donde se os necesita y sirviendo a la sociedad\u00bb, ha afirmado durante la celebraci\u00f3n de los actos centrales del D\u00eda de la Polic\u00eda, en Vigo (Pontevedra).<\/p>\n<p>Desde 2018 se han incorporado 10.900 nuevos agentes a la Polic\u00eda Nacional, un 16,5 por ciento de incremento, \u00ablo que ha permitido superar por primera vez los 76.700 agentes y revertir con creces\u00bb la p\u00e9rdida de m\u00e1s de 6.600 efectivos sufrida en las dos legislaturas precedentes, ha explicado el ministro durante su intervenci\u00f3n.<\/p>\n<p>\u00abEspa\u00f1a es uno de los pa\u00edses m\u00e1s seguros del mundo y un referente mundial en pol\u00edticas de seguridad p\u00fablicas, con una de las tasas de criminalidad m\u00e1s bajas de nuestro entorno\u00bb, ha subrayado Grande-Marlaska, que ha defendido estas cifras \u00abfrente a los irresponsables que agitan la bandera del miedo y a los propagadores del odio y del enfrentamiento social\u00bb.<\/p>\n<p>En opini\u00f3n del ministro, \u00abes un m\u00e9rito y un logro de pa\u00eds\u00bb que no hubiera sido posible sin la contribuci\u00f3n solidaria de muchos actores en todos los \u00e1mbitos de la sociedad. \u00abLos polic\u00edas nacionales sois, sin duda, actores protagonistas en ese \u00e9xito colectivo\u00bb, ha destacado.<\/p>\n<p>Entrega de condecoraciones y formaci\u00f3n de unidades<\/p>\n<p>Al acto central de la Polic\u00eda, celebrado en la avenida Garc\u00eda Barb\u00f3n, han asistido tambi\u00e9n, entre otras autoridades, la secretaria de Estado de Seguridad, Aina Calvo; el presidente del Parlamento de Galicia, Miguel \u00c1ngel Santalices; el delegado del Gobierno en Galicia, Pedro Blanco; el consejero de Presidencia, Justicia y Deportes de la Xunta de Galicia, Diego Calvo; el director general de la Polic\u00eda, Francisco Pardo; y el alcalde de Vigo, Abel Caballero.<\/p>\n<p>Durante el evento se han impuesto las condecoraciones al m\u00e9rito policial, tanto a integrantes de la Polic\u00eda Nacional como a personas que han contribuido de forma destacada en la mejora de la imagen policial. Adem\u00e1s, se ha distinguido a integrantes de otras Fuerzas y Cuerpos de Seguridad y se han otorgado menciones honor\u00edficas a canes que prestan servicio en la Unidad de Gu\u00edas Caninos de la Polic\u00eda Nacional.<\/p>\n<p>La celebraci\u00f3n ha incluido un acto \u00abin memoriam\u00bb en honor a los agentes fallecidos en acto de servicio y una formaci\u00f3n din\u00e1mica en la que intervinieron m\u00e1s de 60 veh\u00edculos de unidades motorizadas, un escuadr\u00f3n de caballer\u00eda y 3 helic\u00f3pteros y cinco drones de la Unidad A\u00e9rea de la Polic\u00eda.<\/p>\n","protected":false},"excerpt":{"rendered":"&#13; &#13; &#13; &#13; El ministro del Interior, Fernando Grande-Marlaska, en la celebraci\u00f3n de los actos centrales del&hellip;\n","protected":false},"author":2,"featured_media":152777,"comment_status":"","ping_status":"","sticky":false,"template":"","format":"standard","meta":{"footnotes":""},"categories":[5],"tags":[17,18,25,24,13,14,11,19,20,9,10,15,16,23,12,21,22],"class_list":{"0":"post-152776","1":"post","2":"type-post","3":"status-publish","4":"format-standard","5":"has-post-thumbnail","7":"category-titulares","8":"tag-breaking-news","9":"tag-breakingnews","10":"tag-es","11":"tag-espana","12":"tag-featured-news","13":"tag-featurednews","14":"tag-headlines","15":"tag-latest-news","16":"tag-latestnews","17":"tag-news","18":"tag-noticias","19":"tag-noticias-destacadas","20":"tag-noticiasdestacadas","21":"tag-spain","22":"tag-titulares","23":"tag-ultimas-noticias","24":"tag-ultimasnoticias"},"share_on_mastodon":{"url":"","error":""},"_links":{"self":[{"href":"https:\/\/www.europesays.com\/es\/wp-json\/wp\/v2\/posts\/152776","targetHints":{"allow":["GET"]}}],"collection":[{"href":"https:\/\/www.europesays.com\/es\/wp-json\/wp\/v2\/posts"}],"about":[{"href":"https:\/\/www.europesays.com\/es\/wp-json\/wp\/v2\/types\/post"}],"author":[{"embeddable":true,"href":"https:\/\/www.europesays.com\/es\/wp-json\/wp\/v2\/users\/2"}],"replies":[{"embeddable":true,"href":"https:\/\/www.europesays.com\/es\/wp-json\/wp\/v2\/comments?post=152776"}],"version-history":[{"count":0,"href":"https:\/\/www.europesays.com\/es\/wp-json\/wp\/v2\/posts\/152776\/revisions"}],"wp:featuredmedia":[{"embeddable":true,"href":"https:\/\/www.europesays.com\/es\/wp-json\/wp\/v2\/media\/152777"}],"wp:attachment":[{"href":"https:\/\/www.europesays.com\/es\/wp-json\/wp\/v2\/media?parent=152776"}],"wp:term":[{"taxonomy":"category","embeddable":true,"href":"https:\/\/www.europesays.com\/es\/wp-json\/wp\/v2\/categories?post=152776"},{"taxonomy":"post_tag","embeddable":true,"href":"https:\/\/www.europesays.com\/es\/wp-json\/wp\/v2\/tags?post=152776"}],"curies":[{"name":"wp","href":"https:\/\/api.w.org\/{rel}","templated":true}]}}