{"id":152778,"date":"2025-10-02T13:16:09","date_gmt":"2025-10-02T13:16:09","guid":{"rendered":"https:\/\/www.europesays.com\/es\/152778\/"},"modified":"2025-10-02T13:16:09","modified_gmt":"2025-10-02T13:16:09","slug":"san-fernando-y-chiclana-coronan-a-malaga-en-el-andaluz-infantil-de-balonmano","status":"publish","type":"post","link":"https:\/\/www.europesays.com\/es\/152778\/","title":{"rendered":"San Fernando y Chiclana coronan a M\u00e1laga en el Andaluz Infantil de balonmano"},"content":{"rendered":"<p><a href=\"https:\/\/www.elcastillodesanfernando.es\/wp-content\/uploads\/2025\/10\/campeonato-infantil-andaluz-baloncesto.jpg\" data-rel=\"lightbox-image-0\" data-rl_title=\"Campeonato infantil.andaluz.baloncesto\" data-rl_caption=\"El Trofeo Rafael Villalba Infantil llena de balonmano San Fernando y Chiclana\" title=\"Campeonato infantil.andaluz.baloncesto\" rel=\"nofollow noopener\" target=\"_blank\"><img fetchpriority=\"high\" decoding=\"async\" aria-describedby=\"caption-attachment-207616\" class=\"size-medium wp-image-207616\" src=\"https:\/\/www.europesays.com\/es\/wp-content\/uploads\/2025\/10\/campeonato-infantil-andaluz-baloncesto-300x225.jpg\" alt=\"\" width=\"300\" height=\"225\"  \/><\/a><\/p>\n<p id=\"caption-attachment-207616\" class=\"wp-caption-text\">El Trofeo Rafael Villalba Infantil llena de balonmano San Fernando y Chiclana<\/p>\n<p>La selecci\u00f3n gaditana roza el oro en San Fernando en el Andaluz Infantil de balonmano<\/p>\n<p>Durante el s\u00e1bado 27 y el domingo 28 se ha celebrado entre San Fernando y en Chiclana el Campeonato de Andaluc\u00eda de Selecciones Provinciales de Balonmano \u00a1Trofeo Rafael Villalba&#8217; en categor\u00eda Infantil, tanto a nivel masculino como femenino.<\/p>\n<p>Este campeonato ha tenido sus sedes en el pabell\u00f3n \u00abManuel Prado\u00bb en Bah\u00eda Sur, en el pabell\u00f3n &#8216;Enrique M\u00e1rquez&#8217;, en la sala cubierta &#8216;G\u00f3mez Castro&#8217; y en el pabell\u00f3n &#8216;Huerta del Rosario&#8217; de Chiclana, durante el s\u00e1bado en jornada completa de ma\u00f1ana y tarde y el domingo en horario de ma\u00f1ana.<\/p>\n<p>Al mismo han asistido un total de m\u00e1s 200 jugadores y t\u00e9cnicos agrupados en 16 equipos, ocho en categor\u00eda femenina y ocho en masculina, representando a todas las provincias andaluzas. El s\u00e1bado d\u00eda 27 se jugaron las fases de cuarto y semifinales y el domingo los puestos 3\u00ba y 4\u00ba y las finales masculina y femenina.<\/p>\n<p>El domingo, en el pabell\u00f3n &#8216;Manuel Prado&#8217;, se jug\u00f3 la final femenina entre las selecciones de M\u00e1laga y Almer\u00eda, imponi\u00e9ndose finalmente las malacitanas por un ajustado 24-22 en un choque muy disputado y con alternancias en el marcador. En el encuentro por el 3\u00ba y 4\u00ba puesto Sevilla venci\u00f3 claramente a C\u00f3rdoba por un marcador amplio, 28-18. En esta categor\u00eda las representantes de C\u00e1diz ocuparon el 6\u00ba lugar.<\/p>\n<p>A continuaci\u00f3n, se jug\u00f3 la final masculina entre las selecciones de C\u00e1diz y M\u00e1laga, volviendo los representantes malague\u00f1os a llevarse el gato al agua al vencer por 34-27, a pesar del excelente papel de los j\u00f3venes gaditanos que finalmente se tuvieron que conformar con la plata. En el encuentro por el 3\u00ba puesto Almer\u00eda venci\u00f3 con solvencia a C\u00f3rdoba por 27-20<\/p>\n<p>Tras terminar la final masculina se hizo la entrega de trofeos y la clausura de este campeonato con la presencia del Concejal de Deportes de San Fernando y representantes de la Federaci\u00f3n Andaluza de Balonmano.<\/p>\n<p>Destacar la gran asistencia de p\u00fablico de las familias que acompa\u00f1aban a estos j\u00f3venes jugadores y jugadoras.<\/p>\n","protected":false},"excerpt":{"rendered":"El Trofeo Rafael Villalba Infantil llena de balonmano San Fernando y Chiclana La selecci\u00f3n gaditana roza el oro&hellip;\n","protected":false},"author":2,"featured_media":152779,"comment_status":"","ping_status":"","sticky":false,"template":"","format":"standard","meta":{"footnotes":""},"categories":[278],"tags":[517,376,18200,3101,168,25,24,375,18199,1925,1905,7087,23,167],"class_list":{"0":"post-152778","1":"post","2":"type-post","3":"status-publish","4":"format-standard","5":"has-post-thumbnail","7":"category-balonmano","8":"tag-actualidad","9":"tag-balonmano","10":"tag-carnaval","11":"tag-castillo","12":"tag-deportes","13":"tag-es","14":"tag-espana","15":"tag-handball","16":"tag-la-isla","17":"tag-opinion","18":"tag-san-fernando","19":"tag-semana-santa","20":"tag-spain","21":"tag-sports"},"share_on_mastodon":{"url":"","error":""},"_links":{"self":[{"href":"https:\/\/www.europesays.com\/es\/wp-json\/wp\/v2\/posts\/152778","targetHints":{"allow":["GET"]}}],"collection":[{"href":"https:\/\/www.europesays.com\/es\/wp-json\/wp\/v2\/posts"}],"about":[{"href":"https:\/\/www.europesays.com\/es\/wp-json\/wp\/v2\/types\/post"}],"author":[{"embeddable":true,"href":"https:\/\/www.europesays.com\/es\/wp-json\/wp\/v2\/users\/2"}],"replies":[{"embeddable":true,"href":"https:\/\/www.europesays.com\/es\/wp-json\/wp\/v2\/comments?post=152778"}],"version-history":[{"count":0,"href":"https:\/\/www.europesays.com\/es\/wp-json\/wp\/v2\/posts\/152778\/revisions"}],"wp:featuredmedia":[{"embeddable":true,"href":"https:\/\/www.europesays.com\/es\/wp-json\/wp\/v2\/media\/152779"}],"wp:attachment":[{"href":"https:\/\/www.europesays.com\/es\/wp-json\/wp\/v2\/media?parent=152778"}],"wp:term":[{"taxonomy":"category","embeddable":true,"href":"https:\/\/www.europesays.com\/es\/wp-json\/wp\/v2\/categories?post=152778"},{"taxonomy":"post_tag","embeddable":true,"href":"https:\/\/www.europesays.com\/es\/wp-json\/wp\/v2\/tags?post=152778"}],"curies":[{"name":"wp","href":"https:\/\/api.w.org\/{rel}","templated":true}]}}