{"id":152780,"date":"2025-10-02T13:17:08","date_gmt":"2025-10-02T13:17:08","guid":{"rendered":"https:\/\/www.europesays.com\/es\/152780\/"},"modified":"2025-10-02T13:17:08","modified_gmt":"2025-10-02T13:17:08","slug":"andalucia-presenta-el-cartel-de-la-final-de-la-liga-nacional-de-novilladas-que-se-celebrara-en-sanlucar-cadiz","status":"publish","type":"post","link":"https:\/\/www.europesays.com\/es\/152780\/","title":{"rendered":"Andaluc\u00eda presenta el cartel de la final de la Liga Nacional de Novilladas que se celebrar\u00e1 en Sanl\u00facar (C\u00e1diz)"},"content":{"rendered":"<p>    SEVILLA 2 Oct. (EUROPA PRESS) &#8211; <\/p>\n<p>   El consejero de la Presidencia, Interior, Di\u00e1logo Social y Simplificaci\u00f3n Administrativa, Antonio Sanz, ha presentado, junto al presidente de la Fundaci\u00f3n del Toro de Lidia, Victorino Mart\u00edn, el cartel de la gran final de la Liga Nacional de Novilladas, que se celebrar\u00e1 en Sanl\u00facar de Barrameda (C\u00e1diz) el pr\u00f3ximo 19 de octubre a las 17,00 horas y ser\u00e1 retransmitida por Canal Sur Televisi\u00f3n.<\/p>\n<p>    Sanz ha expresado \u00absu satisfacci\u00f3n\u00bb porque la final de este circuito nacional vuelva a celebrarse en Andaluc\u00eda, ya que \u00abhemos sido pioneros a la hora de impulsar los circuitos y la Liga Nacional de Novilladas y, de esta forma, sellamos como evento estable esta final tan importante para los novilleros con picadores\u00bb.<\/p>\n<p>    As\u00ed, la Consejer\u00eda recuerda mediante un comunicado que en 2019 el Gobierno andaluz y la Fundaci\u00f3n Toro de Lidia empezaron a poner en marcha el circuito andaluz, que arranc\u00f3 en 2020 y que, posteriormente, tambi\u00e9n se puso en marcha en otras comunidades aut\u00f3nomas.<\/p>\n<p>   \u00abConsideramos que este formato ser\u00eda el id\u00f3neo para que la industria taurina recuperase el segmento de las novilladas con picadores, as\u00ed que desde la Junta de Andaluc\u00eda sembramos la semilla de lo que hoy d\u00eda la Fundaci\u00f3n del Toro de Lidia ha aglutinado como la Liga Nacional de Novilladas, ya que Madrid y Castilla Le\u00f3n adoptaron la idea r\u00e1pidamente\u00bb, ha concretado el consejero, que ha opinado que \u00abAndaluc\u00eda ha sido, es y ser\u00e1 taurina\u00bb.<\/p>\n<p>    \u00abLo demostramos con cada uno de los pasos que damos desde nuestro gobierno para apoyar el futuro de la fiesta, pero esa semilla que hemos plantado en nuestra regi\u00f3n germina tambi\u00e9n en otras comunidades aut\u00f3nomas\u00bb, ha apostillado.<\/p>\n<p>    Por su parte, el presidente de la Fundaci\u00f3n Toro de Lidia, Victorino Mart\u00edn, ha destacado que \u00ablas 159 novilladas que se han celebrado ya dentro del proyecto de la Liga Nacional de Novilladas han supuesto una revoluci\u00f3n en el segmento de las novilladas, algo que ha sido posible gracias a la implicaci\u00f3n de las administraciones p\u00fablicas de Andaluc\u00eda, Comunidad de Madrid, Extremadura, Comunidad Valenciana y Castilla y Le\u00f3n\u00bb.<\/p>\n<p>    Mart\u00edn ha agradecido el apoyo a la Junta de Andaluc\u00eda, que \u00abfue la primera administraci\u00f3n en creer en este proyecto y es la casa de la final desde el a\u00f1o pasado\u00bb. En la final que se celebrar\u00e1 en Sanl\u00facar se lidiar\u00e1n cinco ejemplares de la ganader\u00eda de Fuente Ymbro para los triunfadores de los cinco circuitos de este a\u00f1o: Tomas Bastos (Extremadura), \u00c1lvaro Serrano (Madrid), Ruiz de Velasco (Castilla y Le\u00f3n) por la lesi\u00f3n de Julio Norte, Carlos Tirado (Andaluc\u00eda) y el ganador del Circuito Valenciano de Novilladas, cuya final se celebra el 4 de octubre.<\/p>\n<p>   Estos circuitos, en los que un n\u00famero corto de novilleros, seleccionados en funci\u00f3n de sus m\u00e9ritos, compet\u00edan por el triunfo en un sistema de eliminatorias sucesivas hasta alcanzar la final, han supuesto la celebraci\u00f3n de 23 novilladas con picadores.<\/p>\n<p>    El Circuito de Novilladas de Andaluc\u00eda fue retransmitido por la Radio Televisi\u00f3n Andaluza (RTVA) desde el primero de sus festejos, confirmando el compromiso de la televisi\u00f3n p\u00fablica andaluza con la tauromaquia. En \u00e9l participaron nueve novilleros, de los que ocho son andaluces. Cabe se\u00f1alar que Canal Sur TV retransmiti\u00f3 durante el pasado a\u00f1o 51 festejos, casi el doble que en 2022.<\/p>\n<p>    En 2025, ya se han emitido 45 festejos entre las novilladas del ciclo de las escuelas taurinas, el circuito de la Fundaci\u00f3n Toro de Lidia y las principales ferias de este verano.<\/p>\n<p>    Al acto de presentaci\u00f3n ha asistido el viceconsejero de la Presidencia, Interior, Di\u00e1logo Social y Simplificaci\u00f3n Administrativa, Tom\u00e1s Burgos; el secretario general de Interior, David Gil; el delegado del Gobierno de la Junta de Andaluc\u00eda en Huelva, Jos\u00e9 Manuel Correa; el director general de RTVA, Juande Mellado; el empresario de Sanl\u00facar de Barrameda, Carmelo Garc\u00eda; el novillero Carlos Tirado; y el coordinador de la Secretar\u00eda General de Interior, Juan Manuel P\u00e9rez.<\/p>\n","protected":false},"excerpt":{"rendered":"SEVILLA 2 Oct. (EUROPA PRESS) &#8211; El consejero de la Presidencia, Interior, Di\u00e1logo Social y Simplificaci\u00f3n Administrativa, Antonio&hellip;\n","protected":false},"author":2,"featured_media":152781,"comment_status":"","ping_status":"","sticky":false,"template":"","format":"standard","meta":{"footnotes":""},"categories":[277],"tags":[373,168,25,24,23,167,374],"class_list":{"0":"post-152780","1":"post","2":"type-post","3":"status-publish","4":"format-standard","5":"has-post-thumbnail","7":"category-toreo","8":"tag-bullfighting","9":"tag-deportes","10":"tag-es","11":"tag-espana","12":"tag-spain","13":"tag-sports","14":"tag-toreo"},"share_on_mastodon":{"url":"","error":""},"_links":{"self":[{"href":"https:\/\/www.europesays.com\/es\/wp-json\/wp\/v2\/posts\/152780","targetHints":{"allow":["GET"]}}],"collection":[{"href":"https:\/\/www.europesays.com\/es\/wp-json\/wp\/v2\/posts"}],"about":[{"href":"https:\/\/www.europesays.com\/es\/wp-json\/wp\/v2\/types\/post"}],"author":[{"embeddable":true,"href":"https:\/\/www.europesays.com\/es\/wp-json\/wp\/v2\/users\/2"}],"replies":[{"embeddable":true,"href":"https:\/\/www.europesays.com\/es\/wp-json\/wp\/v2\/comments?post=152780"}],"version-history":[{"count":0,"href":"https:\/\/www.europesays.com\/es\/wp-json\/wp\/v2\/posts\/152780\/revisions"}],"wp:featuredmedia":[{"embeddable":true,"href":"https:\/\/www.europesays.com\/es\/wp-json\/wp\/v2\/media\/152781"}],"wp:attachment":[{"href":"https:\/\/www.europesays.com\/es\/wp-json\/wp\/v2\/media?parent=152780"}],"wp:term":[{"taxonomy":"category","embeddable":true,"href":"https:\/\/www.europesays.com\/es\/wp-json\/wp\/v2\/categories?post=152780"},{"taxonomy":"post_tag","embeddable":true,"href":"https:\/\/www.europesays.com\/es\/wp-json\/wp\/v2\/tags?post=152780"}],"curies":[{"name":"wp","href":"https:\/\/api.w.org\/{rel}","templated":true}]}}