{"id":152782,"date":"2025-10-02T13:18:11","date_gmt":"2025-10-02T13:18:11","guid":{"rendered":"https:\/\/www.europesays.com\/es\/152782\/"},"modified":"2025-10-02T13:18:11","modified_gmt":"2025-10-02T13:18:11","slug":"mcgregor-hace-oficial-cual-sera-su-proxima-pelea-daremos-un-gran-espectaculo","status":"publish","type":"post","link":"https:\/\/www.europesays.com\/es\/152782\/","title":{"rendered":"McGregor hace oficial cu\u00e1l ser\u00e1 su pr\u00f3xima pelea: \u201cDaremos un gran espect\u00e1culo\u201d"},"content":{"rendered":"<p class=\"\"><b>Conor McGregor regresa a la UFC por la puerta grande.<\/b> Despu\u00e9s de m\u00e1s de cuatro a\u00f1os de ausencia tras su \u00faltimo combate en el oct\u00e1gono ante Dustin Poirier, \u2018The Notorious\u2019 ya ha confirmado que <b>volver\u00e1 a luchar y que adem\u00e1s lo har\u00e1 en un escenario de relumbr\u00f3n: la Casa Blanca,<\/b> la residencia del presidente de los Estados Unidos, en junio de 2026.<\/p>\n<p class=\"\">En una entrevista a la cadena estadounidense Fox, McGregor asegur\u00f3 que el acuerdo para que \u00e9l pelee en la Casa Blanca ya est\u00e1 cerrado y enviado<b>. \u201cEl acuerdo est\u00e1 hecho, firmado y entregado.<\/b> \u00a1No hay negociaciones! <b>Conor McGregor competir\u00e1 en la Casa Blanca en la UFC en el 250 aniversario de Estados Unidos. <\/b>Dana White y yo estamos en constante comunicaci\u00f3n. Hemos hecho incre\u00edbles negocios juntos y la mayor generaci\u00f3n de luchadores de la historia. La UFC ha firmado un impresionante acuerdo con Paramount para retransmitir los combates por 7.700 millones de d\u00f3lares y traer a los luchadores m\u00e1s importantes, como \u2018The Mac\u2019. Daremos un gran espect\u00e1culo\u201c, aseguraba \u2018The Notorious\u2019.<\/p>\n<p class=\"\">Una pelea para la que McGregor cree que le har\u00eda falta seis meses para prepararse y corregir los errores de su \u00faltimo combate ante Poirier. \u201cMe quedan ocho meses para el evento de la Casa Blanca, <b>y creo que tengo que empezar una operaci\u00f3n de seis meses para estar preparado.<\/b> Ese es mi objetivo. Estoy ansioso por subir esos escalones y estar listo para mi regreso. Hay mucho en juego\u201d. <\/p>\n<p>Noticias relacionadas<\/p>\n<p class=\"\">Se desconocen m\u00e1s detalles sobre este combate en la Casa Blanca con la presencia de McGregor, aunque <b>todo hace indicar que el irland\u00e9s se ver\u00eda las caras con Michael Chandler<\/b> en el regreso por todo lo alto de una de las grandes leyendas de la UFC el pr\u00f3ximo mes de junio.<\/p>\n<p class=\"\"><b>\u00a1Tus opiniones importan!<\/b> Comenta en los art\u00edculos y suscr\u00edbete gratis a nuestra <a href=\"https:\/\/asfan.as.com\/newsletters\/\" target=\"_blank\" rel=\"nofollow noopener\" title=\"https:\/\/asfan.as.com\/newsletters\/\">newsletter<\/a> y a las alertas informativas en la <a href=\"https:\/\/as.com\/aplicacion-de-as-n\/\" target=\"_blank\" rel=\"nofollow noopener\" title=\"https:\/\/as.com\/aplicacion-de-as-n\/\">App<\/a> o el canal de <a href=\"https:\/\/www.whatsapp.com\/channel\/0029VaAasdA7j6g745nz9M10\" target=\"_blank\" rel=\"nofollow noopener\" title=\"https:\/\/www.whatsapp.com\/channel\/0029VaAasdA7j6g745nz9M10\">WhatsApp<\/a>. \u00bfBuscas licenciar contenido? Haz clic <a href=\"https:\/\/profesional.elpais.com\/soluciones-sindicacion?utm_medium=interno&amp;utm_source=crosslinking&amp;utm_campaign=sindicacion_as_pie_articulos\" target=\"_blank\" rel=\"nofollow noopener\" title=\"https:\/\/profesional.elpais.com\/soluciones-sindicacion?utm_medium=interno&amp;utm_source=crosslinking&amp;utm_campaign=sindicacion_as_pie_articulos\">aqu\u00ed<\/a><\/p>\n","protected":false},"excerpt":{"rendered":"Conor McGregor regresa a la UFC por la puerta grande. Despu\u00e9s de m\u00e1s de cuatro a\u00f1os de ausencia&hellip;\n","protected":false},"author":2,"featured_media":152783,"comment_status":"","ping_status":"","sticky":false,"template":"","format":"standard","meta":{"footnotes":""},"categories":[276],"tags":[168,25,24,23,167,343],"class_list":{"0":"post-152782","1":"post","2":"type-post","3":"status-publish","4":"format-standard","5":"has-post-thumbnail","7":"category-ufc","8":"tag-deportes","9":"tag-es","10":"tag-espana","11":"tag-spain","12":"tag-sports","13":"tag-ufc"},"share_on_mastodon":{"url":"","error":""},"_links":{"self":[{"href":"https:\/\/www.europesays.com\/es\/wp-json\/wp\/v2\/posts\/152782","targetHints":{"allow":["GET"]}}],"collection":[{"href":"https:\/\/www.europesays.com\/es\/wp-json\/wp\/v2\/posts"}],"about":[{"href":"https:\/\/www.europesays.com\/es\/wp-json\/wp\/v2\/types\/post"}],"author":[{"embeddable":true,"href":"https:\/\/www.europesays.com\/es\/wp-json\/wp\/v2\/users\/2"}],"replies":[{"embeddable":true,"href":"https:\/\/www.europesays.com\/es\/wp-json\/wp\/v2\/comments?post=152782"}],"version-history":[{"count":0,"href":"https:\/\/www.europesays.com\/es\/wp-json\/wp\/v2\/posts\/152782\/revisions"}],"wp:featuredmedia":[{"embeddable":true,"href":"https:\/\/www.europesays.com\/es\/wp-json\/wp\/v2\/media\/152783"}],"wp:attachment":[{"href":"https:\/\/www.europesays.com\/es\/wp-json\/wp\/v2\/media?parent=152782"}],"wp:term":[{"taxonomy":"category","embeddable":true,"href":"https:\/\/www.europesays.com\/es\/wp-json\/wp\/v2\/categories?post=152782"},{"taxonomy":"post_tag","embeddable":true,"href":"https:\/\/www.europesays.com\/es\/wp-json\/wp\/v2\/tags?post=152782"}],"curies":[{"name":"wp","href":"https:\/\/api.w.org\/{rel}","templated":true}]}}