{"id":152784,"date":"2025-10-02T13:19:09","date_gmt":"2025-10-02T13:19:09","guid":{"rendered":"https:\/\/www.europesays.com\/es\/152784\/"},"modified":"2025-10-02T13:19:09","modified_gmt":"2025-10-02T13:19:09","slug":"trump-responde-a-la-celebracion-de-europa-en-la-ryder-cup-os-estoy-viendo","status":"publish","type":"post","link":"https:\/\/www.europesays.com\/es\/152784\/","title":{"rendered":"Trump responde a la celebraci\u00f3n de Europa en la Ryder Cup: \u201cOs estoy viendo\u201d"},"content":{"rendered":"<p class=\"\"><a href=\"https:\/\/as.com\/masdeporte\/gloria-con-suspense-para-europa-en-la-ryder-cup-n\/\" target=\"_self\" rel=\"nofollow noopener\" title=\"https:\/\/as.com\/masdeporte\/gloria-con-suspense-para-europa-en-la-ryder-cup-n\/\"><b>Europa logr\u00f3 hacer historia el pasado fin de semana tras derrotar a Estados Unidos<\/b><\/a> en la Ryder Cup. Lo que se supon\u00eda que iba a ser un infierno para el equipo europeo, y que en algunos casos fue as\u00ed por el <a href=\"https:\/\/as.com\/masdeporte\/golf\/mcilroy-explota-su-mujer-golpeada-por-una-cerveza-en-la-ryder-cup-n\/\" target=\"_self\" rel=\"nofollow noopener\" title=\"https:\/\/as.com\/masdeporte\/golf\/mcilroy-explota-su-mujer-golpeada-por-una-cerveza-en-la-ryder-cup-n\/\">comportamiento de algunos aficionados en el campo de Bethpage <\/a>(Nueva York), acab\u00f3 siendo un para\u00edso para el equipo de Luke Donald, que sin embargo sufri\u00f3 de lo lindo en la jornada final en los enfrentamientos individuales hasta que <b>Shane Lowry conquist\u00f3 el punto que certificaba la victoria de Europa.<\/b><\/p>\n<p class=\"\">A partir de ah\u00ed comenz\u00f3 la celebraci\u00f3n de Europa con Shane Lowry y Rory McIlroy llevando la voz cantante. Una fiesta en la que el equipo de Europa tambi\u00e9n se acord\u00f3 del presidente estadounidense Donald Trump, que acudi\u00f3 a presenciar el torneo en persona. En un v\u00eddeo, en el que aparece Rory McIlroy en primer plano,<b> el equipo de Europa aparece cantando \u201cAre you watching, Donald Trump?\u201d (\u00bfEst\u00e1s vi\u00e9ndolo, Donald Trump?) con menci\u00f3n al mandatario, gran aficionado al golf.<\/b><\/p>\n<p class=\"\">Un v\u00eddeo que lleg\u00f3 a o\u00eddos de Trump y al que el presidente de Estados Unidos respondi\u00f3 a trav\u00e9s de su cuenta en la red social X con un mensaje en el que mostraba deportividad y reconoc\u00eda la derrota de Estados Unidos en el torneo. <b>\u201cS\u00ed, os estoy viendo. \u00a1Enhorabuena!\u201d <\/b>manifest\u00f3 un Trump que no pudo presenciar la victoria del equipo de Keegan Bradley en suelo estadounidense.<\/p>\n<p>Noticias relacionadas<\/p>\n<p class=\"\"><b>\u00a1Tus opiniones importan!<\/b> Comenta en los art\u00edculos y suscr\u00edbete gratis a nuestra <a href=\"https:\/\/asfan.as.com\/newsletters\/\" target=\"_blank\" rel=\"nofollow noopener\" title=\"https:\/\/asfan.as.com\/newsletters\/\">newsletter<\/a> y a las alertas informativas en la <a href=\"https:\/\/as.com\/aplicacion-de-as-n\/\" target=\"_blank\" rel=\"nofollow noopener\" title=\"https:\/\/as.com\/aplicacion-de-as-n\/\">App<\/a> o el canal de <a href=\"https:\/\/www.whatsapp.com\/channel\/0029VaAasdA7j6g745nz9M10\" target=\"_blank\" rel=\"nofollow noopener\" title=\"https:\/\/www.whatsapp.com\/channel\/0029VaAasdA7j6g745nz9M10\">WhatsApp<\/a>.<\/p>\n<p class=\"\">\u00bfBuscas licenciar contenido? Haz clic <a href=\"https:\/\/profesional.elpais.com\/soluciones-sindicacion?utm_medium=interno&amp;utm_source=crosslinking&amp;utm_campaign=sindicacion_as_pie_articulos\" target=\"_blank\" rel=\"nofollow noopener\" title=\"https:\/\/profesional.elpais.com\/soluciones-sindicacion?utm_medium=interno&amp;utm_source=crosslinking&amp;utm_campaign=sindicacion_as_pie_articulos\">aqu\u00ed<\/a><\/p>\n","protected":false},"excerpt":{"rendered":"Europa logr\u00f3 hacer historia el pasado fin de semana tras derrotar a Estados Unidos en la Ryder Cup.&hellip;\n","protected":false},"author":2,"featured_media":152785,"comment_status":"","ping_status":"","sticky":false,"template":"","format":"standard","meta":{"footnotes":""},"categories":[275],"tags":[168,25,24,329,23,167],"class_list":{"0":"post-152784","1":"post","2":"type-post","3":"status-publish","4":"format-standard","5":"has-post-thumbnail","7":"category-golf","8":"tag-deportes","9":"tag-es","10":"tag-espana","11":"tag-golf","12":"tag-spain","13":"tag-sports"},"share_on_mastodon":{"url":"","error":""},"_links":{"self":[{"href":"https:\/\/www.europesays.com\/es\/wp-json\/wp\/v2\/posts\/152784","targetHints":{"allow":["GET"]}}],"collection":[{"href":"https:\/\/www.europesays.com\/es\/wp-json\/wp\/v2\/posts"}],"about":[{"href":"https:\/\/www.europesays.com\/es\/wp-json\/wp\/v2\/types\/post"}],"author":[{"embeddable":true,"href":"https:\/\/www.europesays.com\/es\/wp-json\/wp\/v2\/users\/2"}],"replies":[{"embeddable":true,"href":"https:\/\/www.europesays.com\/es\/wp-json\/wp\/v2\/comments?post=152784"}],"version-history":[{"count":0,"href":"https:\/\/www.europesays.com\/es\/wp-json\/wp\/v2\/posts\/152784\/revisions"}],"wp:featuredmedia":[{"embeddable":true,"href":"https:\/\/www.europesays.com\/es\/wp-json\/wp\/v2\/media\/152785"}],"wp:attachment":[{"href":"https:\/\/www.europesays.com\/es\/wp-json\/wp\/v2\/media?parent=152784"}],"wp:term":[{"taxonomy":"category","embeddable":true,"href":"https:\/\/www.europesays.com\/es\/wp-json\/wp\/v2\/categories?post=152784"},{"taxonomy":"post_tag","embeddable":true,"href":"https:\/\/www.europesays.com\/es\/wp-json\/wp\/v2\/tags?post=152784"}],"curies":[{"name":"wp","href":"https:\/\/api.w.org\/{rel}","templated":true}]}}