{"id":152787,"date":"2025-10-02T13:21:11","date_gmt":"2025-10-02T13:21:11","guid":{"rendered":"https:\/\/www.europesays.com\/es\/152787\/"},"modified":"2025-10-02T13:21:11","modified_gmt":"2025-10-02T13:21:11","slug":"delbove-se-impone-en-frasers-hill-y-arrebata-el-liderato-a-malucelli","status":"publish","type":"post","link":"https:\/\/www.europesays.com\/es\/152787\/","title":{"rendered":"Delbove se impone en Fraser\u2019s Hill y arrebata el liderato a Malucelli"},"content":{"rendered":"<p>&#13;<br \/>\n&#13;<\/p>\n<p><img loading=\"lazy\" decoding=\"async\" src=\"https:\/\/www.europesays.com\/es\/wp-content\/uploads\/2025\/10\/joris-delbove-tour-langkawi-et5-2025-ltdl-web.jpg\" width=\"556\" height=\"418\" class=\"setborder\" alt=\"Tour de Langkawi: Delbove se impone en Fraser\u2019s Hill y arrebata el liderato a Malucelli\" title=\"Tour de Langkawi: Delbove se impone en Fraser\u2019s Hill y arrebata el liderato a Malucelli\"\/><br \/>\n&#13;<br \/>\n&#13;<br \/>\n&#13;<br \/>\n<a href=\"https:\/\/www.esciclismo.com\/actualidad\/esciclismo\/\" rel=\"nofollow noopener\" target=\"_blank\">EsCiclismo.com<\/a> \u00b7 <a href=\"https:\/\/www.esciclismo.com\/actualidad\/carretera\/\" rel=\"nofollow noopener\" target=\"_blank\">Competici\u00f3n Carretera<\/a>  \u00b7 02\/10\/2025<\/p>\n<p>El ciclista franc\u00e9s Joris Delbove (TotalEnergies) se impuso este jueves en la quinta etapa del Tour de Langkawi 2025, la jornada considerada reina de la ronda malasia, disputada sobre 123,1 kil\u00f3metros entre Temerloh y la cima de Fraser\u2019s Hill. Delbove remat\u00f3 en solitario tras atacar a poco m\u00e1s de un kil\u00f3metro del final, logrando su segundo triunfo como profesional y ascendiendo de paso al liderato de la clasificaci\u00f3n general.<\/p>\n<p>&#13;<br \/>\nVictoria en solitario tras una larga batalla&#13;<\/p>\n<p>La etapa arranc\u00f3 con numerosas escaramuzas desde los primeros kil\u00f3metros. A apenas cinco kil\u00f3metros del inicio se form\u00f3 la fuga del d\u00eda, compuesta por siete corredores: Nicola Marcerou (TotalEnergies), Zeb Kyffin (Unibet-Tietema Rockets), Vojtech Km\u00ednek (Burgos-Burpellet-BH), Muhammad Nur Aiman Bin Rosli (Terengganu), Edouard Bonnefoix (7-Eleven Cliqq), Muhammad Yusri Shaari (Selecci\u00f3n de Malasia) y Yauhen Sobal (Chengdu-DYC). El grupo trabaj\u00f3 con determinaci\u00f3n y fue recogiendo puntos en los tres sprints intermedios del d\u00eda, repartidos antes del ecuador de la jornada.<\/p>\n<p>&#13;<\/p>\n<p><b id=\"P2\"\/>El pelot\u00f3n, controlado en diferentes fases por XDS-Astana, Uno-X Mobility y TotalEnergies, mantuvo la escapada siempre bajo control. Rosli coron\u00f3 en cabeza el puerto de tercera categor\u00eda de Raub (km 83,5), pero el entendimiento en la fuga se fue diluyendo con la aproximaci\u00f3n a la ascensi\u00f3n final, de 27,7 kil\u00f3metros al 3,7% hasta la cima de Fraser\u2019s Hill.<\/p>\n<p>&#13;<br \/>\nDelbove ataca en el momento justo&#13;<\/p>\n<p><b id=\"P3\"\/>Los escapados fueron neutralizados a falta de 13 kil\u00f3metros para meta, justo en el tramo m\u00e1s exigente de la subida. El fuerte ritmo impuesto por Uno-X y luego por TotalEnergies fue seleccionando el grupo hasta dejarlo reducido a una veintena de corredores. Entre ellos, varios espa\u00f1oles como Jos\u00e9 Manuel D\u00edaz (Burgos-Burpellet-BH), Fernando Tercero y Davide Bais (Polti-VisitMalta) o Jorge Guti\u00e9rrez (Kern Pharma) resist\u00edan con los mejores.<\/p>\n<p>&#13;<\/p>\n<p>A solo 1,6 kil\u00f3metros de la llegada, Delbove lanz\u00f3 su ofensiva y sorprendi\u00f3 al grupo de favoritos. El franc\u00e9s abri\u00f3 un hueco m\u00ednimo, pero suficiente, y cruz\u00f3 la meta con dos segundos de margen sobre el grupo perseguidor, encabezado por Anders Halland Johannessen (Uno-X Mobility) y Yannis Voisard (Tudor Pro Cycling). El espa\u00f1ol Jos\u00e9 Manuel D\u00edaz firm\u00f3 una meritoria sexta posici\u00f3n, en el mismo tiempo que los principales favoritos.<\/p>\n<p>&#13;<br \/>\nGolpe a la general y cambio de l\u00edder&#13;<\/p>\n<p>Con su triunfo, Delbove se enfund\u00f3 el maillot de l\u00edder en Fraser\u2019s Hill. Desbanca as\u00ed al italiano Matteo Malucelli (XDS-Astana), que cedi\u00f3 en las rampas del puerto final y perdi\u00f3 contacto con el grupo de cabeza a falta de 9 kil\u00f3metros. El franc\u00e9s lidera ahora la general con seis segundos de ventaja sobre Johannessen y Adrien Maire (Unibet Tietema Rockets), mientras que Fernando Tercero (Polti-VisitMalta), noveno en la etapa, asciende a la sexta posici\u00f3n a 14 segundos del nuevo l\u00edder.<\/p>\n<p>&#13;<\/p>\n<p><b id=\"P5\"\/>Adem\u00e1s del escalador manchego, tambi\u00e9n destacan en el top-10 de la general otros dos espa\u00f1oles: Jorge Guti\u00e9rrez (Kern Pharma), que es noveno, y Davide Bais, compa\u00f1ero de Tercero, que completa ese selecto grupo.<\/p>\n<p>&#13;<br \/>\nPr\u00f3xima etapa: oportunidad para los velocistas&#13;<\/p>\n<p>El Tour de Langkawi continuar\u00e1 este viernes con la sexta etapa, de 123,5 kil\u00f3metros entre Shah Alam y Port Dickson, sin dificultades monta\u00f1osas. Ser\u00e1 una jornada te\u00f3ricamente favorable para los velocistas, aunque el desgaste acumulado y los posibles abanicos cerca del mar podr\u00edan provocar sorpresas. Con Malucelli obligado a recuperar terreno y otros sprinters a\u00fan sin victoria, se espera una lucha intensa por el triunfo parcial.<\/p>\n<p>&#13;<\/p>\n<p><b>Clasificaciones del Tour de Langkawi 2025 &#8211; Etapa 5<\/b> [<a href=\"https:\/\/www.esciclismo.com\/actualidad\/carretera\/88258.html\" title=\"Clasificaciones del Tour de Langkawi 2025 - Etapa 5\" rel=\"nofollow noopener\" target=\"_blank\">Clasificaciones completas<\/a>]<\/p>\n<p>&#13;<\/p>\n<p><b>Clasificaci\u00f3n de la 5\u00aa etapa:<\/b><br \/>&#13;<br \/>\n1. Joris Delbove (FRA\/TotalEnergies) &#8211; 3:00:25<br \/>&#13;<br \/>\n2. Anders H. Johannessen (NOR\/Uno-X Mobility) a 0:02<br \/>&#13;<br \/>\n3. Yannis Voisard (SUI\/Tudor Pro Cycling) a 0:02<br \/>&#13;<br \/>\n4. Nicolas Vinokurov (KAZ\/XDS-Astana) a 0:02<br \/>&#13;<br \/>\n5. Adrien Maire (FRA\/Unibet Tietema Rockets) a 0:02<br \/>&#13;<br \/>\n6. Jos\u00e9 Manuel D\u00edaz (ESP\/Burgos-Burpellet-BH) a 0:02<br \/>&#13;<br \/>\n7. Odd Christian Eiking (NOR\/Unibet Tietema Rockets) a 0:02<br \/>&#13;<br \/>\n8. Davide Bais (ITA\/Polti-VisitMalta) a 0:02<br \/>&#13;<br \/>\n9. Luca Covili (ITA\/VF Group-Bardiani CSF) a 0:02<br \/>&#13;<br \/>\n10. Cedrik Bakke Christophersen (NOR\/Unibet Tietema Rockets) a 0:02<\/p>\n<p>&#13;<\/p>\n<p><b>Clasificaci\u00f3n general tras la 5\u00aa etapa:<\/b><br \/>&#13;<br \/>\n1. Joris Delbove (FRA\/TotalEnergies) &#8211; 16:16:34<br \/>&#13;<br \/>\n2. Anders H. Johannessen (NOR\/Uno-X Mobility) a 0:06<br \/>&#13;<br \/>\n3. Adrien Maire (FRA\/Unibet Tietema Rockets) a 0:06<br \/>&#13;<br \/>\n4. Yannis Voisard (SUI\/Tudor Pro Cycling) a 0:10<br \/>&#13;<br \/>\n5. Cedrik Bakke Christophersen (NOR\/Unibet Tietema Rockets) a 0:11<br \/>&#13;<br \/>\n6. Fernando Tercero (ESP\/Polti-VisitMalta) a 0:14<br \/>&#13;<br \/>\n7. Nicolas Vinokurov (KAZ\/XDS-Astana) a 0:14<br \/>&#13;<br \/>\n8. Luca Covili (ITA\/VF Group-Bardiani CSF) a 0:14<br \/>&#13;<br \/>\n9. Jorge Guti\u00e9rrez (ESP\/Kern Pharma) a 0:14<br \/>&#13;<br \/>\n10. Davide Bais (ITA\/Polti-VisitMalta) a 0:14<\/p>\n<p>&#13;<br \/>\nPr\u00f3xima etapa, 6\u00aa: Shah Alam &#8211; Port Dickson \/ 123,5 Km.&#13;<\/p>\n<p><img decoding=\"async\" src=\"https:\/\/www.europesays.com\/es\/wp-content\/uploads\/2025\/10\/tour-de-langkawi-et6-perfil-g-2025-ltsl-web.jpg\" alt=\"Tour de Langkawi 2025 - Etapa 6\" title=\"Tour de Langkawi 2025 - Etapa 6\" width=\"100%\" loading=\"lazy\"\/><\/p>\n<p>&#13;<br \/>\n&#13;<br \/>\n&#13;<br \/>\nEsCiclismo &#8211; Todos los derechos reservados. Est\u00e1 prohibido todo tipo de reproducci\u00f3n sin autorizaci\u00f3n expresa escrita.<br \/>&#13;<br \/>\n&#13;<\/p>\n","protected":false},"excerpt":{"rendered":"&#13; &#13; &#13; &#13; &#13; EsCiclismo.com \u00b7 Competici\u00f3n Carretera \u00b7 02\/10\/2025 El ciclista franc\u00e9s Joris Delbove (TotalEnergies) se&hellip;\n","protected":false},"author":2,"featured_media":152788,"comment_status":"","ping_status":"","sticky":false,"template":"","format":"standard","meta":{"footnotes":""},"categories":[273],"tags":[313,1757,5776,7464,312,46116,168,7368,158,25,24,314,1820,15112,46115,293,887,5215,44176,18497,15384,10717,9251,57,23,167,46117,13094,316],"class_list":{"0":"post-152787","1":"post","2":"type-post","3":"status-publish","4":"format-standard","5":"has-post-thumbnail","7":"category-ciclismo","8":"tag-ciclismo","9":"tag-ciclista","10":"tag-cima","11":"tag-considerada","12":"tag-cycling","13":"tag-delbove","14":"tag-deportes","15":"tag-disputada","16":"tag-el","17":"tag-es","18":"tag-espana","19":"tag-etapa","20":"tag-frances","21":"tag-impuso","22":"tag-joris","23":"tag-jornada","24":"tag-jueves","25":"tag-kilometros","26":"tag-langkawi","27":"tag-malasia","28":"tag-quinta","29":"tag-reina","30":"tag-ronda","31":"tag-sobre","32":"tag-spain","33":"tag-sports","34":"tag-temerloh","35":"tag-totalenergies","36":"tag-tour"},"share_on_mastodon":{"url":"","error":""},"_links":{"self":[{"href":"https:\/\/www.europesays.com\/es\/wp-json\/wp\/v2\/posts\/152787","targetHints":{"allow":["GET"]}}],"collection":[{"href":"https:\/\/www.europesays.com\/es\/wp-json\/wp\/v2\/posts"}],"about":[{"href":"https:\/\/www.europesays.com\/es\/wp-json\/wp\/v2\/types\/post"}],"author":[{"embeddable":true,"href":"https:\/\/www.europesays.com\/es\/wp-json\/wp\/v2\/users\/2"}],"replies":[{"embeddable":true,"href":"https:\/\/www.europesays.com\/es\/wp-json\/wp\/v2\/comments?post=152787"}],"version-history":[{"count":0,"href":"https:\/\/www.europesays.com\/es\/wp-json\/wp\/v2\/posts\/152787\/revisions"}],"wp:featuredmedia":[{"embeddable":true,"href":"https:\/\/www.europesays.com\/es\/wp-json\/wp\/v2\/media\/152788"}],"wp:attachment":[{"href":"https:\/\/www.europesays.com\/es\/wp-json\/wp\/v2\/media?parent=152787"}],"wp:term":[{"taxonomy":"category","embeddable":true,"href":"https:\/\/www.europesays.com\/es\/wp-json\/wp\/v2\/categories?post=152787"},{"taxonomy":"post_tag","embeddable":true,"href":"https:\/\/www.europesays.com\/es\/wp-json\/wp\/v2\/tags?post=152787"}],"curies":[{"name":"wp","href":"https:\/\/api.w.org\/{rel}","templated":true}]}}