{"id":15279,"date":"2025-07-31T02:24:09","date_gmt":"2025-07-31T02:24:09","guid":{"rendered":"https:\/\/www.europesays.com\/es\/15279\/"},"modified":"2025-07-31T02:24:09","modified_gmt":"2025-07-31T02:24:09","slug":"tata-motors-compra-el-negocio-de-vehiculos-comerciales-de-iveco-por-3-800-millones","status":"publish","type":"post","link":"https:\/\/www.europesays.com\/es\/15279\/","title":{"rendered":"Tata Motors compra el negocio de veh\u00edculos comerciales de Iveco por 3.800 millones"},"content":{"rendered":"<p><a class=\"v-mdl-ath__fig-a\" href=\"https:\/\/www.elnortedecastilla.es\/autor\/el-norte-2102.html\" title=\"El Norte\" rel=\"nofollow noopener\" target=\"_blank\"><br \/>\n<img decoding=\"async\" class=\"v-mdl-ath__img\" src=\"https:\/\/www.europesays.com\/es\/wp-content\/uploads\/2025\/07\/autor-2102-foto-2.png\" alt=\"El Norte\"\/><br \/>\n<\/a><\/p>\n<p class=\"v-mdl-ath__p v-mdl-ath__p--6\">\nMi\u00e9rcoles, 30 de julio 2025, 23:01<\/p>\n<p class=\"v-p\">Tata Motors adquirir\u00e1 la divisi\u00f3n de veh\u00edculos comerciales de Iveco a trav\u00e9s de una oferta p\u00fablica de adquisici\u00f3n voluntaria, acordada por ambas compa\u00f1\u00edas, por un precio total de 3.800 millones de euros. Dicha oferta excluye el negocio de defensa de Iveco, que ha sido adquirido por la italiana Leonardo por 1.700 millones de euros, informa Europa Press.<\/p>\n<p class=\"v-p\">El grupo Iveco cuenta con dos plantas en Espa\u00f1a, ubicadas en Madrid y Valladolid. Esta segunda est\u00e1 aplicando en estos momentos un <a href=\"https:\/\/www.elnortedecastilla.es\/valladolid\/acuerdo-sobre-erte-iveco-valladolid-parara-mil-trabajadores-desde-30-junio-20250618145721-nt.html\" data-voc-vtm-id=\"in-text-traffic\" title=\"Expediente de Regulaci\u00f3n Temporal de Empleo (ER\" data-mrf-link=\"www.elnortedecastilla.es\" rel=\"nofollow noopener\" target=\"_blank\">Expediente de Regulaci\u00f3n Temporal de Empleo (ER<\/a>TE), el n\u00famero 24 en la historia de esta f\u00e1brica de automoci\u00f3n de la ciudad. La compa\u00f1\u00eda tiene 1.001 trabajadores en la capital vallisoletana, de los que el 90% se dedican a manufacturar la furgoneta Daily.<\/p>\n<p><a href=\"http:\/\/www.elnortedecastilla.es\/valladolid\/iveco-valladolid-consume-solo-mes-dias-erte-20250722195037-nt.html#vtm_modulosEngag=mod-rel:valladolid:noticia:1:cmp:1-not\" class=\"v-a-link\" aria-label=\"Imagen\" rel=\"nofollow noopener\" target=\"_blank\"><\/p>\n<p><img decoding=\"async\" loading=\"lazy\" src=\"https:\/\/www.europesays.com\/es\/wp-content\/uploads\/2025\/07\/iveco-acceso-valadolid-kXbE--366x256@El Norte.jpg\" class=\"v-a-img\" width=\"258\" height=\"180\" alt=\"\" data-voc-vtm-id=\"in-text-traffic\"\/><\/p>\n<p><\/a><\/p>\n<p class=\"v-p\">La finalizaci\u00f3n de la oferta de la empresa india Tata Motors est\u00e1 condicionada, entre otras cosas, a la separaci\u00f3n del negocio de defensa de Iveco y, por lo tanto, la oferta p\u00fablica se refiere a todas las acciones ordinarias <a href=\"https:\/\/www.elnortedecastilla.es\/valladolid\/erte-iveco-valladolid-primara-parar-tarde-verano-20250613064127-nt.html\" data-voc-vtm-id=\"in-text-traffic\" title=\"emitidas del Grupo Iveco \" data-mrf-link=\"www.elnortedecastilla.es\" rel=\"nofollow noopener\" target=\"_blank\">emitidas del Grupo Iveco <\/a>\u2013que cuenta con una planta en Valladolid\u2013, tras la separaci\u00f3n de dicho negocio, a un precio de 14,1 euros por acci\u00f3n en efectivo. El precio de la oferta, junto con el dividendo extraordinario estimado que se distribuir\u00e1 a los accionistas en relaci\u00f3n con la venta del negocio de defensa (que ser\u00e1 de entre 5,5 y 6 euros por acci\u00f3n), representa una prima de entre el 22% y el 25% sobre el precio medio ponderado por volumen para los tres meses hasta el 17 de julio de 2025 de 16,02 euros (antes de cualquier especulaci\u00f3n en torno a una posible oferta).<\/p>\n<p>En el primer trimestre de 2026<\/p>\n<p class=\"v-p\">El consejo de administraci\u00f3n del Grupo Iveco apoya un\u00e1nime y plenamente la oferta y recomienda su aceptaci\u00f3n por los accionistas de Iveco Exor, el mayor accionista del Grupo Iveco, que cuenta con el 27,06% de las acciones ordinarias del Grupo Iveco. Se prev\u00e9 que la venta del negocio de defensa se cerrar\u00e1 en el primer trimestre de 2026. En consecuencia, la adquisici\u00f3n del negocio de veh\u00edculos comerciales est\u00e1 prevista para el segundo trimestre de 2026.<\/p>\n<p class=\"v-p\">Ambas compa\u00f1\u00edas esperan que la operaci\u00f3n una dos negocios con carteras de productos y capacidades altamente complementarias y sin solapamientos en sus huellas industriales y geogr\u00e1ficas, creando una entidad m\u00e1s fuerte y diversificada con una presencia global significativa y unas ventas de m\u00e1s de 540 millones de euros.<\/p>\n<p class=\"v-p\">Juntos, Iveco y el negocio de veh\u00edculos comerciales de Tata Motors tendr\u00e1n unos ingresos combinados de unos 22.000 millones de euros, repartidos entre Europa (que representar\u00e1 el 50% de la cifra de negocio), India (35%) y Am\u00e9rica (15%), con posiciones atractivas en los mercados emergentes de Asia y \u00c1frica.<\/p>\n<p class=\"v-p\">Con esta compra, Tata Motors espera desbloquear oportunidades de crecimiento superiores y crear\u00e1 un valor significativo para todas las partes interesadas en un mercado din\u00e1mico. Al preservar la huella industrial y las comunidades de empleados de cada grupo, tambi\u00e9n se espera que esta complementariedad fomente un proceso de integraci\u00f3n fluido y satisfactorio.<\/p>\n<p>Comenta<\/p>\n<p>Reporta un error<\/p>\n","protected":false},"excerpt":{"rendered":"Mi\u00e9rcoles, 30 de julio 2025, 23:01 Tata Motors adquirir\u00e1 la divisi\u00f3n de veh\u00edculos comerciales de Iveco a trav\u00e9s&hellip;\n","protected":false},"author":2,"featured_media":15280,"comment_status":"","ping_status":"","sticky":false,"template":"","format":"standard","meta":{"footnotes":""},"categories":[80],"tags":[10155,82,10153,6364,95,94,25,24,10154,4724,10151,5056,23,10150,10152],"class_list":{"0":"post-15279","1":"post","2":"type-post","3":"status-publish","4":"format-standard","5":"has-post-thumbnail","7":"category-economia","8":"tag-10155","9":"tag-business","10":"tag-comerciales","11":"tag-compra","12":"tag-economia","13":"tag-economy","14":"tag-es","15":"tag-espana","16":"tag-iveco","17":"tag-millones","18":"tag-motors","19":"tag-negocio","20":"tag-spain","21":"tag-tata","22":"tag-vehiculos"},"share_on_mastodon":{"url":"","error":""},"_links":{"self":[{"href":"https:\/\/www.europesays.com\/es\/wp-json\/wp\/v2\/posts\/15279","targetHints":{"allow":["GET"]}}],"collection":[{"href":"https:\/\/www.europesays.com\/es\/wp-json\/wp\/v2\/posts"}],"about":[{"href":"https:\/\/www.europesays.com\/es\/wp-json\/wp\/v2\/types\/post"}],"author":[{"embeddable":true,"href":"https:\/\/www.europesays.com\/es\/wp-json\/wp\/v2\/users\/2"}],"replies":[{"embeddable":true,"href":"https:\/\/www.europesays.com\/es\/wp-json\/wp\/v2\/comments?post=15279"}],"version-history":[{"count":0,"href":"https:\/\/www.europesays.com\/es\/wp-json\/wp\/v2\/posts\/15279\/revisions"}],"wp:featuredmedia":[{"embeddable":true,"href":"https:\/\/www.europesays.com\/es\/wp-json\/wp\/v2\/media\/15280"}],"wp:attachment":[{"href":"https:\/\/www.europesays.com\/es\/wp-json\/wp\/v2\/media?parent=15279"}],"wp:term":[{"taxonomy":"category","embeddable":true,"href":"https:\/\/www.europesays.com\/es\/wp-json\/wp\/v2\/categories?post=15279"},{"taxonomy":"post_tag","embeddable":true,"href":"https:\/\/www.europesays.com\/es\/wp-json\/wp\/v2\/tags?post=15279"}],"curies":[{"name":"wp","href":"https:\/\/api.w.org\/{rel}","templated":true}]}}