{"id":152791,"date":"2025-10-02T13:23:09","date_gmt":"2025-10-02T13:23:09","guid":{"rendered":"https:\/\/www.europesays.com\/es\/152791\/"},"modified":"2025-10-02T13:23:09","modified_gmt":"2025-10-02T13:23:09","slug":"el-san-pablo-burgos-firma-por-dos-meses-al-base-sergi-garcia","status":"publish","type":"post","link":"https:\/\/www.europesays.com\/es\/152791\/","title":{"rendered":"El San Pablo Burgos firma por dos meses al base Sergi Garc\u00eda"},"content":{"rendered":"<p>El San Pablo ha estado rastreando el mercado para reforzar la plantilla antes del inicio de la Liga Endesa y el nombre de Sergi Garc\u00eda ha sido finalmente el elegido. El base balear ha realizado la pretemporada con el Real Madrid este verano, hasta que ahora se encontraba sin equipo y los burgaleses lo han firmado de forma temporal, para los dos pr\u00f3ximos meses (octubre y noviembre).\u00a0<\/p>\n<p>Garc\u00eda, de 28 a\u00f1os y 1.93 metros, acumula m\u00e1s de una d\u00e9cada compitiendo en la Liga Endesa y ha pasado por muchos equipos de la m\u00e1xima categor\u00eda espa\u00f1ola, el \u00faltimo el Covir\u00e1n Granada. El director de juego mallorqu\u00edn firm\u00f3 7.4 puntos, 3.1 asistencias y 8.6 cr\u00e9ditos de valoraci\u00f3n la pasada campa\u00f1a, pero no pudo evitar el descenso deportivo del conjunto andaluz.<\/p>\n<p>Tras su paso por Granada, este verano se ha estado ejercitando con el Real Madrid durante la pretemporada para ayudar a los blancos en los entrenamientos y ahora el San Pablo ha confiado en \u00e9l para reforzar la posici\u00f3n de base. No hay que olvidar que Ra\u00fal Neto solo ha jugado diez minutos en toda la preparaci\u00f3n y es complicado que pueda ser en estas primeras jornadas el jugador diferencial que se espera (&#8230;).<\/p>\n<p><strong>(M\u00e1s informaci\u00f3n, en la edici\u00f3n impresa de Diario de Burgos de este jueves o <a href=\"https:\/\/suscripciones.promecal.es\/DIARIODEBURGOS\" target=\"_blank\" rel=\"nofollow noopener\">aqu\u00ed<\/a>)<\/strong><\/p>\n","protected":false},"excerpt":{"rendered":"El San Pablo ha estado rastreando el mercado para reforzar la plantilla antes del inicio de la Liga&hellip;\n","protected":false},"author":2,"featured_media":152792,"comment_status":"","ping_status":"","sticky":false,"template":"","format":"standard","meta":{"footnotes":""},"categories":[269],"tags":[299,298,8039,168,25,24,831,665,3048,3919,23,167],"class_list":{"0":"post-152791","1":"post","2":"type-post","3":"status-publish","4":"format-standard","5":"has-post-thumbnail","7":"category-baloncesto","8":"tag-baloncesto","9":"tag-basketball","10":"tag-creditos","11":"tag-deportes","12":"tag-es","13":"tag-espana","14":"tag-liga-acb","15":"tag-liga-endesa","16":"tag-real-madrid","17":"tag-san-pablo-burgos","18":"tag-spain","19":"tag-sports"},"share_on_mastodon":{"url":"","error":""},"_links":{"self":[{"href":"https:\/\/www.europesays.com\/es\/wp-json\/wp\/v2\/posts\/152791","targetHints":{"allow":["GET"]}}],"collection":[{"href":"https:\/\/www.europesays.com\/es\/wp-json\/wp\/v2\/posts"}],"about":[{"href":"https:\/\/www.europesays.com\/es\/wp-json\/wp\/v2\/types\/post"}],"author":[{"embeddable":true,"href":"https:\/\/www.europesays.com\/es\/wp-json\/wp\/v2\/users\/2"}],"replies":[{"embeddable":true,"href":"https:\/\/www.europesays.com\/es\/wp-json\/wp\/v2\/comments?post=152791"}],"version-history":[{"count":0,"href":"https:\/\/www.europesays.com\/es\/wp-json\/wp\/v2\/posts\/152791\/revisions"}],"wp:featuredmedia":[{"embeddable":true,"href":"https:\/\/www.europesays.com\/es\/wp-json\/wp\/v2\/media\/152792"}],"wp:attachment":[{"href":"https:\/\/www.europesays.com\/es\/wp-json\/wp\/v2\/media?parent=152791"}],"wp:term":[{"taxonomy":"category","embeddable":true,"href":"https:\/\/www.europesays.com\/es\/wp-json\/wp\/v2\/categories?post=152791"},{"taxonomy":"post_tag","embeddable":true,"href":"https:\/\/www.europesays.com\/es\/wp-json\/wp\/v2\/tags?post=152791"}],"curies":[{"name":"wp","href":"https:\/\/api.w.org\/{rel}","templated":true}]}}