{"id":152793,"date":"2025-10-02T13:24:08","date_gmt":"2025-10-02T13:24:08","guid":{"rendered":"https:\/\/www.europesays.com\/es\/152793\/"},"modified":"2025-10-02T13:24:08","modified_gmt":"2025-10-02T13:24:08","slug":"era-una-cuestion-de-bienestar-personal","status":"publish","type":"post","link":"https:\/\/www.europesays.com\/es\/152793\/","title":{"rendered":"Era una cuesti\u00f3n de bienestar personal"},"content":{"rendered":"<p data-gtm-element-container=\"modulo-texto-link\" class=\"paragraph\"><strong>I\u00f1aki Pe\u00f1a<\/strong>, portero del <strong>FC Barcelona <\/strong>cedido en el <strong>Elche<\/strong>, fue claro sobre su salida del club azulgrana este verano. Durante el acto de presentaci\u00f3n con el conjunto alicantino, que se produjo un mes despu\u00e9s de su llegada, <strong>I\u00f1aki <\/strong>explic\u00f3 que salir del <strong>Barcelona <\/strong>ya era una cuesti\u00f3n de \u201cbienestar personal\u201d tras una pasada temporada \u201cdif\u00edcil\u201d.\u00a0\u201cJugu\u00e9 25 o 26 partidos, pero se te queda una sensaci\u00f3n amarga al estar sin jugar los \u00faltimos meses\u201d, se\u00f1al\u00f3 el guardameta alicantino, que elogi\u00f3 la opci\u00f3n del <strong>Elche <\/strong>\u201ctras valorar los pros y los contras\u201d.<\/p>\n<p data-gtm-element-container=\"modulo-texto-link\" class=\"paragraph\">A pesar de que tuvo otras propuestas encima de la mesa, <strong>I\u00f1aki Pe\u00f1a<\/strong> se decant\u00f3 por el <strong>Elche<\/strong>, principalmente por<strong> Eder Sarabia<\/strong>, con quien trabaj\u00f3 en el <strong>Bar\u00e7a <\/strong>cuando \u00e9ste era segundo de<strong> Quique Seti\u00e9n y en las categor\u00edas inferiores del Villarreal<\/strong>. \u201cVengo a mi casa. Soy de Alicante, mi gente es de aqu\u00ed y mi mujer es de aqu\u00ed. Y luego est\u00e1 la filosof\u00eda del m\u00edster. He trabajado con \u00e9l y se dan las mejores condiciones para dar el cien por cien o para estar cerca de mi mejor rendimiento\u201d, argument\u00f3 el guardameta. \u201cSabe lo que puedo dar y yo lo que quiere de m\u00ed. Habl\u00e9 bastantes veces con \u00e9l en verano, pero el <strong>Bar\u00e7a <\/strong>no me dejaba salir hasta inscribir a los porteros. Pero me dio confianza y me dijo que me esperaban, algo que no hacen todos los clubes\u201d, declar\u00f3 el portero alicantino.<\/p>\n<p data-gtm-element-container=\"modulo-texto-link\" class=\"paragraph\">Sobre la competencia que se encontrar\u00e1 en el <strong>Elche<\/strong>, <strong>Pe\u00f1a <\/strong>declar\u00f3 que \u201c<strong>Eder <\/strong>me dijo que pod\u00eda ser una pieza importante\u201d, a\u00f1adi\u00f3 el portero, que incidi\u00f3 en que pese a la competencia con Mat\u00edas Dituro \u201che venido para jugar y ser importante\u201d.<\/p>\n<p>    Lee tambi\u00e9n<\/p>\n<p data-gtm-element-container=\"modulo-texto-link\" class=\"paragraph\">Aunque las lesiones de<strong> Ter Stegen<\/strong> y <strong>Joan Garcia <\/strong>le hubieran podido brindar la opci\u00f3n de jugar ahora con el <strong>Bar\u00e7a<\/strong>, <strong>Pe\u00f1a <\/strong>dej\u00f3 claro que no se arrepiente de su salida del <strong>Barcelona<\/strong>. \u201cPod\u00eda rascar alg\u00fan partido m\u00e1s, pero ya ten\u00eda decidido que quer\u00eda salir. El club me pidi\u00f3 que esperara a que inscribieran a los porteros y, obviamente, lo iba a poner f\u00e1cil, porque tengo contrato\u201d, explic\u00f3. Por ahora, el alicantino no se plantea la elecci\u00f3n del Elche como un trampol\u00edn de vuelta al Bar\u00e7a.\u00a0\u201cNecesitaba un cambio y una motivaci\u00f3n nueva\u201d, reiter\u00f3.\u00a0\u201cNecesitaba sumar los mayores partidos posibles y tener continuidad, que es lo que me ha faltado estos a\u00f1os para dar el salto\u201d, razon\u00f3 I\u00f1aki Pe\u00f1a, que ya ha disputado dos encuentros con el Elche desde su llegada.<\/p>\n<p data-gtm-element-container=\"modulo-texto-link\" class=\"paragraph\"><strong>Pe\u00f1a <\/strong>reconoci\u00f3 el buen momento del equipo y desvel\u00f3 que <strong>Sarabia <\/strong>le tuvo informado de los jugadores importantes que el club deseaba contratar.\u00a0\u201cTen\u00eda claro que iba a formar una plantilla competitiva, aunque no piensas ser cuarto en la jornada ocho. Empezar bien te da un impulso para continuar y confianza para saber que somos los jugadores id\u00f3neos para esta filosof\u00eda de juego\u201d, concluy\u00f3.<\/p>\n","protected":false},"excerpt":{"rendered":"I\u00f1aki Pe\u00f1a, portero del FC Barcelona cedido en el Elche, fue claro sobre su salida del club azulgrana&hellip;\n","protected":false},"author":2,"featured_media":152794,"comment_status":"","ping_status":"","sticky":false,"template":"","format":"standard","meta":{"footnotes":""},"categories":[268],"tags":[168,25,24,280,282,281,23,167],"class_list":{"0":"post-152793","1":"post","2":"type-post","3":"status-publish","4":"format-standard","5":"has-post-thumbnail","7":"category-futbol","8":"tag-deportes","9":"tag-es","10":"tag-espana","11":"tag-football","12":"tag-futbol","13":"tag-soccer","14":"tag-spain","15":"tag-sports"},"share_on_mastodon":{"url":"","error":""},"_links":{"self":[{"href":"https:\/\/www.europesays.com\/es\/wp-json\/wp\/v2\/posts\/152793","targetHints":{"allow":["GET"]}}],"collection":[{"href":"https:\/\/www.europesays.com\/es\/wp-json\/wp\/v2\/posts"}],"about":[{"href":"https:\/\/www.europesays.com\/es\/wp-json\/wp\/v2\/types\/post"}],"author":[{"embeddable":true,"href":"https:\/\/www.europesays.com\/es\/wp-json\/wp\/v2\/users\/2"}],"replies":[{"embeddable":true,"href":"https:\/\/www.europesays.com\/es\/wp-json\/wp\/v2\/comments?post=152793"}],"version-history":[{"count":0,"href":"https:\/\/www.europesays.com\/es\/wp-json\/wp\/v2\/posts\/152793\/revisions"}],"wp:featuredmedia":[{"embeddable":true,"href":"https:\/\/www.europesays.com\/es\/wp-json\/wp\/v2\/media\/152794"}],"wp:attachment":[{"href":"https:\/\/www.europesays.com\/es\/wp-json\/wp\/v2\/media?parent=152793"}],"wp:term":[{"taxonomy":"category","embeddable":true,"href":"https:\/\/www.europesays.com\/es\/wp-json\/wp\/v2\/categories?post=152793"},{"taxonomy":"post_tag","embeddable":true,"href":"https:\/\/www.europesays.com\/es\/wp-json\/wp\/v2\/tags?post=152793"}],"curies":[{"name":"wp","href":"https:\/\/api.w.org\/{rel}","templated":true}]}}