{"id":152815,"date":"2025-10-02T13:38:21","date_gmt":"2025-10-02T13:38:21","guid":{"rendered":"https:\/\/www.europesays.com\/es\/152815\/"},"modified":"2025-10-02T13:38:21","modified_gmt":"2025-10-02T13:38:21","slug":"fuente-palmera-de-boda-celebra-otra-edicion-con-importantes-novedades-y-el-refuerzo-de-la-diputacion-a-traves-de-su-marca-promocional-cordobademoda","status":"publish","type":"post","link":"https:\/\/www.europesays.com\/es\/152815\/","title":{"rendered":"Fuente Palmera de Boda celebra otra edici\u00f3n con importantes novedades y el refuerzo de la Diputaci\u00f3n a trav\u00e9s de su marca promocional C\u00f3rdobaDeModa"},"content":{"rendered":"<p>Fuente Palmera de Boda ha inaugurado hoy su XVII edici\u00f3n consolid\u00e1ndose como una feria referente del sector a nivel nacional, con la participaci\u00f3n de unas 34 empresas que ofrecen todo lo relacionado con la moda y accesorios para las bodas pero tambi\u00e9n, como novedad este a\u00f1o, en lo que se refiere a comuniones y arras.<\/p>\n<p>La Diputaci\u00f3n de C\u00f3rdoba refuerza su apoyo a este evento a trav\u00e9s de la marca promocional C\u00f3rdobaDeModa. Tal como ha expresado durante la inauguraci\u00f3n el delegado de Desarrollo Econ\u00f3mico, Promoci\u00f3n y Empleo de la instituci\u00f3n provincial, F\u00e9lix Romero, \u201cse trata de un sector estrat\u00e9gico en nuestra provincia, que genera muchos puestos de trabajo y una facturaci\u00f3n, en el caso de Fuente Palmera, de 15 millones de euros\u201d.<\/p>\n<p>\u201cEs indudable, por tanto, la importante repercusi\u00f3n que este evento tiene para la comarca y para toda la provincia porque, adem\u00e1s, durante los d\u00edas de celebraci\u00f3n de la feria son muchos los visitantes que se acercan al municipio a disfrutar de la espectacular pasarela al aire libre, por la que desfilan las firmas m\u00e1s importantes\u201d, ha desatacado Romero.<\/p>\n<p>El diputado ha recalcado \u201cel gran esfuerzo que los empresarios de la zona y los vecinos del pueblo hacen para que Fuente Palmera de Boda se reinvente cada a\u00f1o, con novedades que la hacen cada vez m\u00e1s atractiva al p\u00fablico, convirtiendo al sector textil y nupcial en todo un referente en este \u00e1mbito\u201d.<\/p>\n<p>Por \u00faltimo, Romero ha insistido en la idea de que \u201ces importante que los sectores productivos estrat\u00e9gicos de nuestra provincia dialoguen entre s\u00ed, que se establezcan sinergias entre ellos para fortalecernos, ser m\u00e1s competitivos y llegar a todos los pa\u00edses del mundo\u201d.<\/p>\n<p>Actualmente, participan en la feria unos 34 expositores de empresas relacionadas con el sector y en la pasarela estar\u00e1n presentes 12 firmas. Asimismo, el Certamen de J\u00f3venes Dise\u00f1adores celebra su novena edici\u00f3n. Del mismo modo, con el fin de dar respuesta a las demandas del p\u00fablico y conectar dos de los eventos que organiza la Asociaci\u00f3n Empresarial, se crear\u00e1 una Zona Gastron\u00f3mica ubicada en la calle La Fuente.<\/p>\n<p>Fuente Palmera de Boda gira este a\u00f1o en torno al papel de la mujer, para ello se va a presentar tambi\u00e9n una exposici\u00f3n de un recorrido por la historia de los vestidos de novia del municipio.<\/p>\n","protected":false},"excerpt":{"rendered":"Fuente Palmera de Boda ha inaugurado hoy su XVII edici\u00f3n consolid\u00e1ndose como una feria referente del sector a&hellip;\n","protected":false},"author":2,"featured_media":152816,"comment_status":"","ping_status":"","sticky":false,"template":"","format":"standard","meta":{"footnotes":""},"categories":[5],"tags":[17,18,25,24,13,14,11,19,20,9,10,15,16,23,12,21,22],"class_list":{"0":"post-152815","1":"post","2":"type-post","3":"status-publish","4":"format-standard","5":"has-post-thumbnail","7":"category-titulares","8":"tag-breaking-news","9":"tag-breakingnews","10":"tag-es","11":"tag-espana","12":"tag-featured-news","13":"tag-featurednews","14":"tag-headlines","15":"tag-latest-news","16":"tag-latestnews","17":"tag-news","18":"tag-noticias","19":"tag-noticias-destacadas","20":"tag-noticiasdestacadas","21":"tag-spain","22":"tag-titulares","23":"tag-ultimas-noticias","24":"tag-ultimasnoticias"},"share_on_mastodon":{"url":"","error":""},"_links":{"self":[{"href":"https:\/\/www.europesays.com\/es\/wp-json\/wp\/v2\/posts\/152815","targetHints":{"allow":["GET"]}}],"collection":[{"href":"https:\/\/www.europesays.com\/es\/wp-json\/wp\/v2\/posts"}],"about":[{"href":"https:\/\/www.europesays.com\/es\/wp-json\/wp\/v2\/types\/post"}],"author":[{"embeddable":true,"href":"https:\/\/www.europesays.com\/es\/wp-json\/wp\/v2\/users\/2"}],"replies":[{"embeddable":true,"href":"https:\/\/www.europesays.com\/es\/wp-json\/wp\/v2\/comments?post=152815"}],"version-history":[{"count":0,"href":"https:\/\/www.europesays.com\/es\/wp-json\/wp\/v2\/posts\/152815\/revisions"}],"wp:featuredmedia":[{"embeddable":true,"href":"https:\/\/www.europesays.com\/es\/wp-json\/wp\/v2\/media\/152816"}],"wp:attachment":[{"href":"https:\/\/www.europesays.com\/es\/wp-json\/wp\/v2\/media?parent=152815"}],"wp:term":[{"taxonomy":"category","embeddable":true,"href":"https:\/\/www.europesays.com\/es\/wp-json\/wp\/v2\/categories?post=152815"},{"taxonomy":"post_tag","embeddable":true,"href":"https:\/\/www.europesays.com\/es\/wp-json\/wp\/v2\/tags?post=152815"}],"curies":[{"name":"wp","href":"https:\/\/api.w.org\/{rel}","templated":true}]}}