{"id":152817,"date":"2025-10-02T13:39:10","date_gmt":"2025-10-02T13:39:10","guid":{"rendered":"https:\/\/www.europesays.com\/es\/152817\/"},"modified":"2025-10-02T13:39:10","modified_gmt":"2025-10-02T13:39:10","slug":"mariano-jimenez-continuara-otro-mandato-al-frente-del-cajasol-angel-ximenez-mas-deportes","status":"publish","type":"post","link":"https:\/\/www.europesays.com\/es\/152817\/","title":{"rendered":"Mariano Jim\u00e9nez continuar\u00e1 otro mandato al frente del Cajasol \u00c1ngel Xim\u00e9nez | M\u00e1s deportes"},"content":{"rendered":"<p>El Cajasol \u00c1ngel Xim\u00e9nez de Puente Genil de balonmano da continuidad a la presidencia de su actual presidente. La directiva del club de balonmano Cajasol \u00c1ngel Xim\u00e9nez se proclam\u00f3 recientemente para el periodo 2025-2029, con Mariano Jim\u00e9nez como presidente, quien continuar\u00e1 al frente de la entidad por cuarta vez consecutiva. <\/p>\n<p>Tras cumplirse los plazos establecidos con una \u00fanica candidatura presentada, queda proclamada la nueva Junta Directiva del club encabezada por Mariano Jim\u00e9nez, que continuar\u00e1 al frente de la presidencia de nuestra entidad hasta 2029.<\/p>\n<p>As\u00ed queda configurada: <\/p>\n<p><b>RAFAEL MIGUEL JIM\u00c9NEZ ROSALES. <\/b>PRESIDENTE <b>FRANCISCO P\u00c9REZ JIM\u00c9NEZ. <\/b>VICEPRESIDENTE JES\u00daS <b>MANUEL JIM\u00c9NEZ JIM\u00c9NEZ<\/b> \u2013 TESORERO MAR\u00cdA DEL <b>CARMEN JIM\u00c9NEZ GARC\u00cdA <\/b>&#8211; SECRETARIA <\/p>\n<p><b>VOCALES <\/b><\/p>\n<p>JOSE TORRES CARMONA <\/p>\n<p>MARTA S\u00c1NCHEZ FERN\u00c1NDEZ <\/p>\n<p>RAFAEL AVIL\u00c9S ROLD\u00c1N <\/p>\n<p>JUAN PERALES TORRES <\/p>\n<p>ANGEL JIM\u00c9NEZ RUZ <\/p>\n<p>JES\u00daS P\u00c9REZ MARQUEZ <\/p>\n<p>FELIPE JUAN TRUJILLO DE AHUMADA <\/p>\n<p>ANTONIO PINEDA BONILLA<\/p>\n","protected":false},"excerpt":{"rendered":"El Cajasol \u00c1ngel Xim\u00e9nez de Puente Genil de balonmano da continuidad a la presidencia de su actual presidente.&hellip;\n","protected":false},"author":2,"featured_media":152818,"comment_status":"","ping_status":"","sticky":false,"template":"","format":"standard","meta":{"footnotes":""},"categories":[278],"tags":[376,168,25,24,375,23,167],"class_list":{"0":"post-152817","1":"post","2":"type-post","3":"status-publish","4":"format-standard","5":"has-post-thumbnail","7":"category-balonmano","8":"tag-balonmano","9":"tag-deportes","10":"tag-es","11":"tag-espana","12":"tag-handball","13":"tag-spain","14":"tag-sports"},"share_on_mastodon":{"url":"","error":""},"_links":{"self":[{"href":"https:\/\/www.europesays.com\/es\/wp-json\/wp\/v2\/posts\/152817","targetHints":{"allow":["GET"]}}],"collection":[{"href":"https:\/\/www.europesays.com\/es\/wp-json\/wp\/v2\/posts"}],"about":[{"href":"https:\/\/www.europesays.com\/es\/wp-json\/wp\/v2\/types\/post"}],"author":[{"embeddable":true,"href":"https:\/\/www.europesays.com\/es\/wp-json\/wp\/v2\/users\/2"}],"replies":[{"embeddable":true,"href":"https:\/\/www.europesays.com\/es\/wp-json\/wp\/v2\/comments?post=152817"}],"version-history":[{"count":0,"href":"https:\/\/www.europesays.com\/es\/wp-json\/wp\/v2\/posts\/152817\/revisions"}],"wp:featuredmedia":[{"embeddable":true,"href":"https:\/\/www.europesays.com\/es\/wp-json\/wp\/v2\/media\/152818"}],"wp:attachment":[{"href":"https:\/\/www.europesays.com\/es\/wp-json\/wp\/v2\/media?parent=152817"}],"wp:term":[{"taxonomy":"category","embeddable":true,"href":"https:\/\/www.europesays.com\/es\/wp-json\/wp\/v2\/categories?post=152817"},{"taxonomy":"post_tag","embeddable":true,"href":"https:\/\/www.europesays.com\/es\/wp-json\/wp\/v2\/tags?post=152817"}],"curies":[{"name":"wp","href":"https:\/\/api.w.org\/{rel}","templated":true}]}}