{"id":152819,"date":"2025-10-02T13:40:12","date_gmt":"2025-10-02T13:40:12","guid":{"rendered":"https:\/\/www.europesays.com\/es\/152819\/"},"modified":"2025-10-02T13:40:12","modified_gmt":"2025-10-02T13:40:12","slug":"alejandro-rubio-gana-la-pina-de-oro-de-el-hoyo-de-pinares","status":"publish","type":"post","link":"https:\/\/www.europesays.com\/es\/152819\/","title":{"rendered":"Alejandro Rubio gana la Pi\u00f1a de Oro de El Hoyo de Pinares"},"content":{"rendered":"<p>El novillero sin picadores <strong>Alejandro Rubio<\/strong> se ha llevado la prestigiosa <strong>Pi\u00f1a de Oro<\/strong> de <strong>El Hoyo de Pinares<\/strong> en su decimocuarta edici\u00f3n. El joven novillero se ha alzado con el galard\u00f3n tras cortar dos orejas a un ejemplar de <strong>V\u00edctor Huertas<\/strong>.<\/p>\n<p>La <strong>Pi\u00f1a de Oro<\/strong> es el trofeo de uno de los cert\u00e1menes m\u00e1s importantes entre los novilleros sin caballos, un galard\u00f3n de una localidad que apuesta por el futuro de la tauromaquia y que trabaja en anunciar a los novilleros m\u00e1s importantes frente a encierros de garant\u00edas.<\/p>\n","protected":false},"excerpt":{"rendered":"El novillero sin picadores Alejandro Rubio se ha llevado la prestigiosa Pi\u00f1a de Oro de El Hoyo de&hellip;\n","protected":false},"author":2,"featured_media":152820,"comment_status":"","ping_status":"","sticky":false,"template":"","format":"standard","meta":{"footnotes":""},"categories":[277],"tags":[45,46118,373,168,42980,25,24,42981,23,167,374],"class_list":{"0":"post-152819","1":"post","2":"type-post","3":"status-publish","4":"format-standard","5":"has-post-thumbnail","7":"category-toreo","8":"tag-45","9":"tag-alejandro-rubio","10":"tag-bullfighting","11":"tag-deportes","12":"tag-el-hoyo-de-pinares","13":"tag-es","14":"tag-espana","15":"tag-pina-de-oro","16":"tag-spain","17":"tag-sports","18":"tag-toreo"},"share_on_mastodon":{"url":"","error":""},"_links":{"self":[{"href":"https:\/\/www.europesays.com\/es\/wp-json\/wp\/v2\/posts\/152819","targetHints":{"allow":["GET"]}}],"collection":[{"href":"https:\/\/www.europesays.com\/es\/wp-json\/wp\/v2\/posts"}],"about":[{"href":"https:\/\/www.europesays.com\/es\/wp-json\/wp\/v2\/types\/post"}],"author":[{"embeddable":true,"href":"https:\/\/www.europesays.com\/es\/wp-json\/wp\/v2\/users\/2"}],"replies":[{"embeddable":true,"href":"https:\/\/www.europesays.com\/es\/wp-json\/wp\/v2\/comments?post=152819"}],"version-history":[{"count":0,"href":"https:\/\/www.europesays.com\/es\/wp-json\/wp\/v2\/posts\/152819\/revisions"}],"wp:featuredmedia":[{"embeddable":true,"href":"https:\/\/www.europesays.com\/es\/wp-json\/wp\/v2\/media\/152820"}],"wp:attachment":[{"href":"https:\/\/www.europesays.com\/es\/wp-json\/wp\/v2\/media?parent=152819"}],"wp:term":[{"taxonomy":"category","embeddable":true,"href":"https:\/\/www.europesays.com\/es\/wp-json\/wp\/v2\/categories?post=152819"},{"taxonomy":"post_tag","embeddable":true,"href":"https:\/\/www.europesays.com\/es\/wp-json\/wp\/v2\/tags?post=152819"}],"curies":[{"name":"wp","href":"https:\/\/api.w.org\/{rel}","templated":true}]}}