{"id":152825,"date":"2025-10-02T13:43:08","date_gmt":"2025-10-02T13:43:08","guid":{"rendered":"https:\/\/www.europesays.com\/es\/152825\/"},"modified":"2025-10-02T13:43:08","modified_gmt":"2025-10-02T13:43:08","slug":"el-unico-lugar-en-el-que-los-salmantinos-podran-ver-a-nadal-antes-del-honoris","status":"publish","type":"post","link":"https:\/\/www.europesays.com\/es\/152825\/","title":{"rendered":"El \u00fanico lugar en el que los salmantinos podr\u00e1n ver a Nadal antes del &#8216;honoris&#8217;"},"content":{"rendered":"<p><a class=\"v-mdl-ath__fig-a\" href=\"https:\/\/www.lagacetadesalamanca.es\/autor\/angel-benito-6033.html\" title=\"\u00c1ngel Benito\" rel=\"nofollow noopener\" target=\"_blank\"><br \/>\n<img decoding=\"async\" class=\"v-mdl-ath__img\" src=\"https:\/\/www.europesays.com\/es\/wp-content\/uploads\/2025\/10\/autor-6033-foto-1.png\" alt=\"\u00c1ngel Benito\"\/><br \/>\n<\/a><\/p>\n<p class=\"v-mdl-ath__p v-mdl-ath__p--6\">\nMi\u00e9rcoles, 1 de octubre 2025, 19:23<\/p>\n<p>| Actualizado 19:32h.<\/p>\n<p class=\"v-p\">Seg\u00fan se va acercando el d\u00eda del<a href=\"https:\/\/www.lagacetadesalamanca.es\/salamanca\/nadal-suma-presigiosa-lista-personalidades-recibir-honoris-20251001140755-nt.html\" target=\"_blank\" data-voc-vtm-id=\"in-text-traffic\" title=\" &#039;honoris causa&#039; a Rafael Nadal\" data-mrf-link=\"www.lagacetadesalamanca.es\" rel=\"nofollow noopener\"> &#8216;honoris causa&#8217; a Rafael Nadal<\/a> se van despejando algunas dudas de la ceremonia dentro de la<a href=\"https:\/\/www.lagacetadesalamanca.es\/salamanca\/nadal-llega-salamanca-secretismo-reyes-20250930061500-nt.html\" target=\"_blank\" data-voc-vtm-id=\"in-text-traffic\" title=\" expectaci\u00f3n y discreci\u00f3n\" data-mrf-link=\"www.lagacetadesalamanca.es\" rel=\"nofollow noopener\"> expectaci\u00f3n y discreci\u00f3n<\/a> que est\u00e1 rodeando a los d\u00edas previos a la ceremonia. <\/p>\n<p class=\"v-p\">Fuentes de la Universidad salmantina, han confirmado que <strong>el cortejo acad\u00e9mico saldr\u00e1 de las Escuelas Menores, por lo que el p\u00fablico podr\u00e1 presenciar el paso del tenista<\/strong> junto a los doctores en su recorrido por el Patio de las Escuelas Mayores hasta su llegada al Edificio Hist\u00f3rico. <\/p>\n<p class=\"v-p\">Al finalizar la ceremonia el cortejo regresar\u00e1 de nuevo a Escuelas Menores, por lo que tambi\u00e9n podr\u00e1 verlo el p\u00fablico salmantino. <\/p>\n<p class=\"v-p\">La ceremonia se iniciar\u00e1 a las <strong>12 de la ma\u00f1ana<\/strong> de este viernes, por lo que si no se quiere perder ver al deportista de cerca, ser\u00e1 necesario coger sitio con antelaci\u00f3n.<\/p>\n<p>Reporta un error<\/p>\n","protected":false},"excerpt":{"rendered":"Mi\u00e9rcoles, 1 de octubre 2025, 19:23 | Actualizado 19:32h. Seg\u00fan se va acercando el d\u00eda del &#8216;honoris causa&#8217;&hellip;\n","protected":false},"author":2,"featured_media":152826,"comment_status":"","ping_status":"","sticky":false,"template":"","format":"standard","meta":{"footnotes":""},"categories":[274],"tags":[168,25,24,36247,2676,3489,14698,30856,23,167,327,326,1900,809],"class_list":{"0":"post-152825","1":"post","2":"type-post","3":"status-publish","4":"format-standard","5":"has-post-thumbnail","7":"category-tenis","8":"tag-deportes","9":"tag-es","10":"tag-espana","11":"tag-honoris","12":"tag-lugar","13":"tag-nadal","14":"tag-podran","15":"tag-salmantinos","16":"tag-spain","17":"tag-sports","18":"tag-tenis","19":"tag-tennis","20":"tag-unico","21":"tag-ver"},"share_on_mastodon":{"url":"","error":""},"_links":{"self":[{"href":"https:\/\/www.europesays.com\/es\/wp-json\/wp\/v2\/posts\/152825","targetHints":{"allow":["GET"]}}],"collection":[{"href":"https:\/\/www.europesays.com\/es\/wp-json\/wp\/v2\/posts"}],"about":[{"href":"https:\/\/www.europesays.com\/es\/wp-json\/wp\/v2\/types\/post"}],"author":[{"embeddable":true,"href":"https:\/\/www.europesays.com\/es\/wp-json\/wp\/v2\/users\/2"}],"replies":[{"embeddable":true,"href":"https:\/\/www.europesays.com\/es\/wp-json\/wp\/v2\/comments?post=152825"}],"version-history":[{"count":0,"href":"https:\/\/www.europesays.com\/es\/wp-json\/wp\/v2\/posts\/152825\/revisions"}],"wp:featuredmedia":[{"embeddable":true,"href":"https:\/\/www.europesays.com\/es\/wp-json\/wp\/v2\/media\/152826"}],"wp:attachment":[{"href":"https:\/\/www.europesays.com\/es\/wp-json\/wp\/v2\/media?parent=152825"}],"wp:term":[{"taxonomy":"category","embeddable":true,"href":"https:\/\/www.europesays.com\/es\/wp-json\/wp\/v2\/categories?post=152825"},{"taxonomy":"post_tag","embeddable":true,"href":"https:\/\/www.europesays.com\/es\/wp-json\/wp\/v2\/tags?post=152825"}],"curies":[{"name":"wp","href":"https:\/\/api.w.org\/{rel}","templated":true}]}}