{"id":152827,"date":"2025-10-02T13:44:06","date_gmt":"2025-10-02T13:44:06","guid":{"rendered":"https:\/\/www.europesays.com\/es\/152827\/"},"modified":"2025-10-02T13:44:06","modified_gmt":"2025-10-02T13:44:06","slug":"fecha-perfil-recorrido-todos-los-ciclistas-y-selecciones-y-donde-ver-por-television-y-online-streaming-el-europeo-en-ruta-elite-masculino-2025","status":"publish","type":"post","link":"https:\/\/www.europesays.com\/es\/152827\/","title":{"rendered":"Fecha, perfil, recorrido, todos los ciclistas y selecciones y d\u00f3nde ver por televisi\u00f3n y online streaming el Europeo en ruta \u00e9lite masculino 2025"},"content":{"rendered":"<p>\u00bfCU\u00c1NDO SE DISPUTA EL EUROPEO EN RUTA MASCULINO 2025?<\/p>\n<p>La prueba en ruta \u00e9lite masculina de los Europeos de ciclismo de Dr\u00f4me-Ard\u00e8che 2025 se disputa el<b data-testid=\"body-text-bold\"> domingo 5 de octubre<\/b>. La salida ser\u00e1 a las <b data-testid=\"body-text-bold\">11:35 horas<\/b> y la llegada est\u00e1 prevista para las <b data-testid=\"body-text-bold\">17:25 horas<\/b>. <b data-testid=\"body-text-bold\">Tadej Pogacar<\/b>, una semana despu\u00e9s de revalidar el maillot arco\u00edris, <b data-testid=\"body-text-bold\">Jonas Vingegaard<\/b>, <b data-testid=\"body-text-bold\">Remco Evenepoel<\/b> o<b data-testid=\"body-text-bold\"> Juan Ayuso<\/b>, l\u00edder de la Selecci\u00f3n espa\u00f1ola, son algunos de los favoritos. El \u00faltimo campe\u00f3n de Europa es el belga <b data-testid=\"body-text-bold\">Tim Merlier<\/b>.<\/p>\n<p><img decoding=\"async\" class=\"text-transparent h-full w-full object-cover\" src=\"https:\/\/www.europesays.com\/es\/wp-content\/uploads\/2025\/10\/4040556-81948768-2560-1440.png\" alt=\"picture\" data-testid=\"image-high-res\"\/><\/p>\n<p class=\"caption-s6-fx\">Final Europeo: Merlier, nuevo rey de Europa tras imponerse en un ajustado esprint<\/p>\n<p class=\"caption-s6-fx\">Autor del v\u00eddeo: Eurosport<\/p>\n<p>PRINCIPALES FAVORITOS y GRANDES NOMBRES<\/p>\n<ul data-testid=\"atom-body-list\">\n<li class=\"text-onLight-02 before:bg-br-1-100 mb-5 before:mr-3 before:inline-block before:h-2 before:w-2 before:rounded-full md:mb-2.5 article-s4-rs\" data-testid=\"atom-body-list-item\">Tadej Pogacar (Eslovenia)<\/li>\n<li class=\"text-onLight-02 before:bg-br-1-100 mb-5 before:mr-3 before:inline-block before:h-2 before:w-2 before:rounded-full md:mb-2.5 article-s4-rs\" data-testid=\"atom-body-list-item\">Jonas Vingegaard (Dinamarca)<\/li>\n<li class=\"text-onLight-02 before:bg-br-1-100 mb-5 before:mr-3 before:inline-block before:h-2 before:w-2 before:rounded-full md:mb-2.5 article-s4-rs\" data-testid=\"atom-body-list-item\">Mads Pedersen (Dinamarca)<\/li>\n<li class=\"text-onLight-02 before:bg-br-1-100 mb-5 before:mr-3 before:inline-block before:h-2 before:w-2 before:rounded-full md:mb-2.5 article-s4-rs\" data-testid=\"atom-body-list-item\">Joao Almeida (Portugal)<\/li>\n<li class=\"text-onLight-02 before:bg-br-1-100 mb-5 before:mr-3 before:inline-block before:h-2 before:w-2 before:rounded-full md:mb-2.5 article-s4-rs\" data-testid=\"atom-body-list-item\">Remco Evenepoel (B\u00e9lgica)<\/li>\n<li class=\"text-onLight-02 before:bg-br-1-100 mb-5 before:mr-3 before:inline-block before:h-2 before:w-2 before:rounded-full md:mb-2.5 article-s4-rs\" data-testid=\"atom-body-list-item\"><b data-testid=\"body-text-bold\">Juan Ayuso (Espa\u00f1a)<\/b><\/li>\n<li class=\"text-onLight-02 before:bg-br-1-100 mb-5 before:mr-3 before:inline-block before:h-2 before:w-2 before:rounded-full md:mb-2.5 article-s4-rs\" data-testid=\"atom-body-list-item\">Mattias Skjelmose (Dinamarca)<\/li>\n<li class=\"text-onLight-02 before:bg-br-1-100 mb-5 before:mr-3 before:inline-block before:h-2 before:w-2 before:rounded-full md:mb-2.5 article-s4-rs\" data-testid=\"atom-body-list-item\">Filippo Ganna (Italia)<\/li>\n<li class=\"text-onLight-02 before:bg-br-1-100 mb-5 before:mr-3 before:inline-block before:h-2 before:w-2 before:rounded-full md:mb-2.5 article-s4-rs\" data-testid=\"atom-body-list-item\">Marc Hirschi (Suiza)<\/li>\n<li class=\"text-onLight-02 before:bg-br-1-100 mb-5 before:mr-3 before:inline-block before:h-2 before:w-2 before:rounded-full md:mb-2.5 article-s4-rs\" data-testid=\"atom-body-list-item\">Pavel Sivakov (Francia)<\/li>\n<li class=\"text-onLight-02 before:bg-br-1-100 mb-5 before:mr-3 before:inline-block before:h-2 before:w-2 before:rounded-full md:mb-2.5 article-s4-rs\" data-testid=\"atom-body-list-item\">Paul Seixas (Francia)<\/li>\n<li class=\"text-onLight-02 before:bg-br-1-100 mb-5 before:mr-3 before:inline-block before:h-2 before:w-2 before:rounded-full md:mb-2.5 article-s4-rs\" data-testid=\"atom-body-list-item\">Tom Skujins (Letonia)<\/li>\n<\/ul>\n<p><img decoding=\"async\" class=\"text-transparent h-full w-full object-cover\" src=\"https:\/\/www.europesays.com\/es\/wp-content\/uploads\/2025\/10\/image-5bde6cdd-f5d4-45a0-8b59-3bd3a2062f05-85-2560-1440.jpeg\" alt=\"picture\" data-testid=\"image-high-res\"\/><\/p>\n<p class=\"caption-s6-fx\">Un a\u00f1o m\u00e1s de arco\u00edris para Pogacar: Segundo oro consecutivo con Evenepoel y Healy en el podio<\/p>\n<p class=\"caption-s6-fx\">Autor del v\u00eddeo: Eurosport<\/p>\n<p>PERFIL y recorrido DEL EUROPEO EN RUTA \u00e9lite MASCULINO 2025<\/p>\n<p>La prueba en ruta \u00e9lite masculina de los Europeos de Dr\u00f4me-Ard\u00e8che 2025 se disputa sobre un recorrido de <b data-testid=\"body-text-bold\">203 kil\u00f3metros y 3.306 metros de desnivel<\/b>. La salida es en Privas y la meta se encuentra en Guilherand-Granges. La subida a <b data-testid=\"body-text-bold\">Saint-Romain-de-Lerps<\/b> (6,8 kil\u00f3metros al 7,3%) se supera tres veces a mitad de carrera y la de <b data-testid=\"body-text-bold\">Val d\u2019Enfer<\/b> (1,7 kil\u00f3metros al 9,3%) se asciende en seis ocasiones.<\/p>\n<p><img decoding=\"async\" src=\"https:\/\/www.europesays.com\/es\/wp-content\/uploads\/2025\/10\/image-23f87f2b-7e7e-45dd-b7e3-e67d87868954.png\" alt=\"Perfil y recorrido de la prueba en ruta \u00e9lite masculina de los Campeonatos de Europa de Ruta UEC 2025 - Dr\u00f4me-Ard\u00e8che.\" data-testid=\"infographic-img\"\/>Perfil y recorrido de la prueba en ruta \u00e9lite masculina de los Campeonatos de Europa de Ruta UEC 2025 &#8211; Dr\u00f4me-Ard\u00e8che.Fuente de la imagen: From Official Website<\/p>\n<p>Lista oficial de todas las selecciones y corredores del EUROPEO en ruta de DR\u00d4ME-ARD\u00c8CHE 2025<\/p>\n<p>Felix Grobschartner<br \/>Philipp Hofbauer<\/p>\n<p>Remco Evenepoel<br \/>Tiesj Benoot<br \/>Steff Cras<br \/>Junior Lecerf<br \/>Xandro Meurisse<br \/>Maxim Van Gils<br \/>Louis Vervaeke<br \/>Jenno Berckmoes<\/p>\n<p>Mathias Vacek<br \/>Petr Kelemen<br \/>Jakub Toupalik<\/p>\n<p>Anthon Charmig<br \/>Alexander Kamp<br \/>Niklas Larsen<br \/>Mads Pedersen<br \/>Casper Pedersen<br \/>Rasmus Sojberg Pedersen<br \/>Jonas Vingegaard<br \/>Mattias Skjelmose<\/p>\n<p>Madis Mihkels<br \/>Markus Pajur<\/p>\n<p>Alex Baudin<br \/>Julien Bernard<br \/>Romain Gregoire<br \/>Valentin Paret-Peintre<br \/>Aurelien Paret-Peintre<br \/>Nicolas Prodhomme<br \/>Paul Seixas<br \/>Pavel Sivakov<\/p>\n<p>Johannes Adamietz<br \/>Lennard Kamna<br \/>Oliver Mattheis<br \/>Anton Schiffer<br \/>Georg Zimmermann<\/p>\n<p>Ethan Hayter<br \/>Joshua Tarling<\/p>\n<p>Miltiadis Giannoutsos<br \/>Emiliano Vila<\/p>\n<p>Janos Pelikan<br \/>Attila Valter<\/p>\n<p>Giovanni Aleotti<br \/>Alberto Bettiol<br \/>Marco Frigo<br \/>Filippo Ganna<br \/>Gianmarco Garofoli<br \/>Lorenzo Milesi<br \/>Christian Scaroni<br \/>Diego Ulissi<\/p>\n<p>Kristians Belohvoscicks<br \/>Emils Liepins<br \/>Krists Neilands<br \/>Toms Skujins<\/p>\n<p>Kevin Geniets<br \/>Alex Kirsch<br \/>Arthur Kuckers<br \/>Mats Wenzel<\/p>\n<p>Antoine Berlin<br \/>Victor Langellotti<\/p>\n<p>Dylan van Baarle<br \/>Mathijs Paasschens<br \/>Menno Huising<br \/>Huub Artz<br \/>Tibor del Grosso<br \/>Daan Hoole<\/p>\n<p>Pawel Bernas<br \/>Jakub Kaczmarek<br \/>Filip Maciejuk<br \/>Rafal Majka<br \/>Kamil Malecki<br \/>Danny van der Tuuk<\/p>\n<p>Joao Almeida<br \/>Rui Cost<br \/>Afonso Eulalio<br \/>Antonio Morgado<\/p>\n<p>Mattew-Denis Piciu<br \/>Iustin-Ioan Vaidian<\/p>\n<p>Tadej Pogacar<br \/>Tilen Finkst<br \/>Gal Glivar<br \/>Matevz Govekar<br \/>Matej Mohoric<br \/>Domen Novak<br \/>Jaka Primozic<br \/>Anze Skok<br \/>Jan Tratnik<br \/>Mihael Stajnar<\/p>\n<p><b data-testid=\"body-text-bold\">Juan Ayuso<\/b><br \/><b data-testid=\"body-text-bold\">Igor Arrieta<\/b><br \/><b data-testid=\"body-text-bold\">Abel Balderstone<\/b><br \/><b data-testid=\"body-text-bold\">Markel Beloki<\/b><br \/><b data-testid=\"body-text-bold\">Urko Berrade<\/b><br \/><b data-testid=\"body-text-bold\">Iv\u00e1n Romeo<\/b><br \/><b data-testid=\"body-text-bold\">Pablo Torres<\/b><\/p>\n<p>Jacob Eriksson<br \/>Lucas Eriksson<br \/>Jakob Soderqvist<\/p>\n<p>Nils Brun<br \/>Jan Christen<br \/>Valentin Darbellay<br \/>Marc Hirschi<br \/>Mauro Schmid<br \/>Arnaud Tendon<\/p>\n<p>Anatolii Budiak<br \/>Anrii Ponomar<br \/>Kyrylo Tsarenko<\/p>\n<p><b data-testid=\"body-text-bold\">Atletas individuales neutros<\/b><\/p>\n<p><b data-testid=\"body-text-bold\">horario, D\u00d3NDE Y C\u00d3MO VER POR TV Y ONLINE STREAMING EN DIRECTO EL EUROPEO EN RUTA MASCULINO 2025<\/b><\/p>\n<p>La prueba en ruta \u00e9lite masculina del Europeo Dr\u00f4me-Ard\u00e8che 2025 se podr\u00e1 ver<b data-testid=\"body-text-bold\"> en Eurosport y HBO Max<\/b>. La carrera se retransmitir\u00e1 desde las 11:35 hora espa\u00f1ola, <b data-testid=\"body-text-bold\">en directo<\/b> a trav\u00e9s de la plataforma HBO Max <b data-testid=\"body-text-bold\">sin anuncios<\/b>, adem\u00e1s de poder volver a verla <b data-testid=\"body-text-bold\">bajo demanda<\/b>, y desde las 15:00 horas por televisi\u00f3n en Eurosport 1, disponible en las diferentes plataformas de pago.<\/p>\n<p><b data-testid=\"body-text-bold\">D\u00f3nde ver todas las PRUEBAS CICLISTAS DE 2025 por tv y online streaming<\/b><\/p>\n<p>Los canales 1 y 2 de<b data-testid=\"body-text-bold\"> Eurosport <\/b>emiten todas las carreras del calendario ciclista 2025. Adem\u00e1s, podr\u00e1s verlas siempre en directo sin anuncios y bajo demanda en la plataforma <b data-testid=\"body-text-bold\">HBO<\/b> <b data-testid=\"body-text-bold\">Max. <\/b><a class=\"text-action-onLight-05 hover:text-action-onLight-05-hover active:text-action-onLight-05-pressed hover:underline active:underline\" data-analytics-id=\"textlink\" target=\"_blank\" rel=\"noopener nofollow\" data-testid=\"atom-textlink\" href=\"https:\/\/www.max.com\/?utm_campaign=ES-EU-M1-EU-C7-EU-BAU-DR-W-AllSports-Undefined-250101-NA&amp;utm_medium=referral&amp;utm_source=eurosport.es&amp;utm_content=story-content-text-subscribe\">Ab\u00f3nate aqu\u00ed.<\/a><\/p>\n<p><b data-testid=\"body-text-bold\">QU\u00c9 CICLISMO SE PUEDE VER EN EUROSPORT y MAX<\/b><\/p>\n<p>Eurosport y la nueva plataforma en streaming de Max son <b data-testid=\"body-text-bold\">La Casa del Ciclismo<\/b> y tiene la oferta m\u00e1s ampl\u00eda de carreras ciclistas de ruta en Espa\u00f1a. Las<b data-testid=\"body-text-bold\"> tres grandes vueltas<\/b> (Giro de Italia, Tour de Francia, y Vuelta a Espa\u00f1a), los <b data-testid=\"body-text-bold\">cinco Monumentos <\/b>(Mil\u00e1n-San Remo, Tour de Flandes, Par\u00eds-Roubaix, Lieja-Basto\u00f1a-Lieja e Il Lombard\u00eda), las <b data-testid=\"body-text-bold\">principales carreras por etapas del UCI World Tour<\/b> (UAE Tour, Par\u00eds-Niza, Tirreno-Adri\u00e1tico, Volta a Catalunya, Tour de Romand\u00eda, Crit\u00e9rium du Duaphin\u00e9, Vuelta al Pa\u00eds Vasco, Tour de Suiza, etc.), as\u00ed como <b data-testid=\"body-text-bold\">las mejores cl\u00e1sicas<\/b> m\u00e1s all\u00e1 de los monumentos (Omloop Het Nieuwsblad, E3 Saxo Bank Classic, Gante-Wevelgem, A trav\u00e9s de Flandes, Cl\u00e1sica San Sebasti\u00e1n, etc.).<\/p>\n<p><img decoding=\"async\" src=\"https:\/\/www.europesays.com\/es\/wp-content\/uploads\/2025\/10\/image-39608d18-b7e2-4b78-aafa-5e0e33708150.jpeg\" alt=\"Calendario ciclista 2025: todas las pruebas que podr\u00e1s disfrutar en Eurosport y Max.\" data-testid=\"infographic-img\"\/>Calendario ciclista 2025: todas las pruebas que podr\u00e1s disfrutar en Eurosport y Max.Fuente de la imagen: Eurosport<\/p>\n<p><b data-testid=\"body-text-bold\">\u00bfC\u00d3MO ACCEDER AL Plan Max DEPORTES?<\/b><\/p>\n<p>Este Plan Max Deportes est\u00e1 albergado dentro <a class=\"text-action-onLight-05 hover:text-action-onLight-05-hover active:text-action-onLight-05-pressed hover:underline active:underline\" data-analytics-id=\"textlink\" target=\"_blank\" rel=\"noopener nofollow\" data-testid=\"atom-textlink\" href=\"https:\/\/play.max.com\/sports?utm_campaign=ES-EU-M1-EU-C7-EU-BAU-DR-W-AllSports-Undefined-250101-NA&amp;utm_medium=referral&amp;utm_source=eurosport.es&amp;utm_content=story-content-text-subscribe\">la plataforma\/App de Max<\/a>, donde puedes disfrutar de todo el contenido premium en directo.<\/p>\n<p><b data-testid=\"body-text-bold\">\u00bfTODAV\u00cdA QUIERES M\u00c1S? Conoce EL PLAN MAX DAZN<\/b><\/p>\n<p>Acceso al cat\u00e1logo de eventos deportivos premium del plan Pro de DAZN incluyendo LaLiga, F\u00f3rmula 1 y MotoGP.<\/p>\n<p>Los clientes que se suscriban tendr\u00e1n acceso a una incre\u00edble oferta de cine, series, entretenimiento, documentales y deportes en streaming en Espa\u00f1a. <b data-testid=\"body-text-bold\">Por 44,99 euros\/mes<\/b>, el Plan Max DAZN permite disfrutar de toda la oferta incluida en el plan Max Premium con el complemento Deportes -que incluye todo el deporte de Eurosport, incluidos los Grand Slams de tenis Roland-Garros y Open de Australia, las tres Grandes Vueltas ciclistas, el PGA Tour de golf, la UFC al completo u otros eventos como las 24 Horas de Le Mans y los Juegos Ol\u00edmpicos, as\u00ed como los todos los contenidos incluidos en el plan Pro de DAZN de esta plataforma de streaming deportivo.<\/p>\n","protected":false},"excerpt":{"rendered":"\u00bfCU\u00c1NDO SE DISPUTA EL EUROPEO EN RUTA MASCULINO 2025? La prueba en ruta \u00e9lite masculina de los Europeos&hellip;\n","protected":false},"author":2,"featured_media":152828,"comment_status":"","ping_status":"","sticky":false,"template":"","format":"standard","meta":{"footnotes":""},"categories":[273],"tags":[313,312,168,25,24,23,167,45956],"class_list":{"0":"post-152827","1":"post","2":"type-post","3":"status-publish","4":"format-standard","5":"has-post-thumbnail","7":"category-ciclismo","8":"tag-ciclismo","9":"tag-cycling","10":"tag-deportes","11":"tag-es","12":"tag-espana","13":"tag-spain","14":"tag-sports","15":"tag-uec-road-european-championships"},"share_on_mastodon":{"url":"","error":""},"_links":{"self":[{"href":"https:\/\/www.europesays.com\/es\/wp-json\/wp\/v2\/posts\/152827","targetHints":{"allow":["GET"]}}],"collection":[{"href":"https:\/\/www.europesays.com\/es\/wp-json\/wp\/v2\/posts"}],"about":[{"href":"https:\/\/www.europesays.com\/es\/wp-json\/wp\/v2\/types\/post"}],"author":[{"embeddable":true,"href":"https:\/\/www.europesays.com\/es\/wp-json\/wp\/v2\/users\/2"}],"replies":[{"embeddable":true,"href":"https:\/\/www.europesays.com\/es\/wp-json\/wp\/v2\/comments?post=152827"}],"version-history":[{"count":0,"href":"https:\/\/www.europesays.com\/es\/wp-json\/wp\/v2\/posts\/152827\/revisions"}],"wp:featuredmedia":[{"embeddable":true,"href":"https:\/\/www.europesays.com\/es\/wp-json\/wp\/v2\/media\/152828"}],"wp:attachment":[{"href":"https:\/\/www.europesays.com\/es\/wp-json\/wp\/v2\/media?parent=152827"}],"wp:term":[{"taxonomy":"category","embeddable":true,"href":"https:\/\/www.europesays.com\/es\/wp-json\/wp\/v2\/categories?post=152827"},{"taxonomy":"post_tag","embeddable":true,"href":"https:\/\/www.europesays.com\/es\/wp-json\/wp\/v2\/tags?post=152827"}],"curies":[{"name":"wp","href":"https:\/\/api.w.org\/{rel}","templated":true}]}}