{"id":15283,"date":"2025-07-31T02:26:13","date_gmt":"2025-07-31T02:26:13","guid":{"rendered":"https:\/\/www.europesays.com\/es\/15283\/"},"modified":"2025-07-31T02:26:13","modified_gmt":"2025-07-31T02:26:13","slug":"el-pp-pide-la-comparecencia-urgente-de-bolanos-para-que-explique-por-que-el-gobierno-sostiene-a-garcia-ortiz","status":"publish","type":"post","link":"https:\/\/www.europesays.com\/es\/15283\/","title":{"rendered":"El PP pide la comparecencia urgente de Bola\u00f1os para que explique por qu\u00e9 el Gobierno sostiene a Garc\u00eda Ortiz"},"content":{"rendered":"<p>Los populares lanzan una bater\u00eda de medidas y preguntas en el Congreso y el Senado despu\u00e9s de que el Supremo avale el procesamiento del fiscal general<\/p>\n<p><img fetchpriority=\"high\" class=\"voc-img\" src=\"https:\/\/www.europesays.com\/es\/wp-content\/uploads\/2025\/07\/feijoo-ester-2-kFnG-U7013599269403Q-1200x840@diario_abc.jpg\" loading=\"eager\" decoding=\"async\" alt=\"Alberto N\u00fa\u00f1ez Feij\u00f3o y Ester Mu\u00f1oz, portavoz del PP en el Congreso\" width=\"1200\" height=\"840\"\/><\/p>\n<p>Alberto N\u00fa\u00f1ez Feij\u00f3o y Ester Mu\u00f1oz, portavoz del PP en el Congreso    Ignacio Gil  <\/p>\n<p><img decoding=\"async\" class=\"voc-author__img\" src=\"https:\/\/www.europesays.com\/es\/wp-content\/uploads\/2025\/07\/autor-1370-foto-8.jpeg\" alt=\"Emilio V. Escudero\"\/><\/p>\n<p class=\"voc-p\" style=\"\">El procesamiento del <a href=\"https:\/\/www.abc.es\/espana\/supremo-avala-procesamiento-fiscal-general-estado-revelacion-20250729140739-nt.html\" data-voc-vtm-id=\"in-text-traffic\" title=\"fiscal general del Estado\" rel=\"nofollow noopener\" target=\"_blank\">fiscal general del Estado<\/a> y su permanencia en el puesto a pesar de estar camino del banquillo, ha provocado un revuelo en el ecosistema pol\u00edtico, sobre todo por el respaldo que el Gobierno ha dado a <strong>\u00c1lvaro Garc\u00eda Ortiz<\/strong>. Un  &#8230; apoyo que quiere testar el Partido Popular, que ha lanzado una ofensiva parlamentaria para aclarar las circunstancias que han llevado al Ejecutivo a sostener al fiscal a pesar de estar encausado. <\/p>\n<p class=\"voc-p\" style=\"\">El Grupo Popular en el Congreso ha registrado un escrito para pedir a <strong>Francina Armengol<\/strong> que convoque la Diputaci\u00f3n Permanente para que se pueda debatir y votar la comparecencia urgente del ministro de Presidencia, Justicia y Relaciones con las Cortes, F\u00e9lix Bola\u00f1os, en un pleno extraordinario. <\/p>\n<p class=\"voc-p\" style=\"\">La idea de los populares es que el Gobierno pueda explicar \u00abde manera urgente\u00bb los motivos \u00abdel respaldo que hace al fiscal general del Estado\u00bb. <\/p>\n<p class=\"voc-p\" style=\"\">La ofensiva del PP tiene su continuaci\u00f3n en el Senado, donde ya ha solicitado la <strong>comparecencia de Bola\u00f1os<\/strong> ante la Comisi\u00f3n de Justicia de la C\u00e1mara Alta para que explique \u00abla posici\u00f3n del Gobierno en relaci\u00f3n con el procesamiento por el Tribunal Supremo del fiscal general\u00bb. <\/p>\n<p class=\"voc-p\" style=\"\">Una comparecencia a la que sum\u00f3 <strong>una bater\u00eda de preguntas<\/strong> que van en la misma l\u00ednea, tratando de encontrar respuestas a lo que consideran \u00abuna anormalidad democr\u00e1tica\u00bb. Entre esas cuestiones, el PP quiere que el Gobierno razone si va a mantener ese apoyo a Garc\u00eda Ortiz. <\/p>\n<p><img decoding=\"async\" loading=\"lazy\" src=\"https:\/\/www.europesays.com\/es\/wp-content\/uploads\/2025\/07\/alicia-garcia-444-kFnG--760x427@diario_abc.jpg\" class=\"voc-img\" width=\"760\" height=\"427\" alt=\"Alicia Garc\u00eda, portavoz del PP en el Senado\" data-voc-vtm-id=\"in-text-traffic\"\/><\/p>\n<p>Alicia Garc\u00eda, portavoz del PP en el Senado<\/p>\n<p class=\"voc-p\" style=\"\">\u00ab\u00bfEs consciente el Gobierno el da\u00f1o reputacional que el mantenimiento del FGE en su cargo est\u00e1 ocasionando a la Instituci\u00f3n de la Fiscal\u00eda y a sus miembros? \u00bfHa valorado el Sr. Ministro de Presidencia, Justicia y relaciones con las cortes el da\u00f1o reputacional para la Fiscal\u00eda de la imagen del FGE sentado en el banquillo de los acusados?\u00bb, apunta el PP entra las 18 preguntas registradas. <\/p>\n<p><img loading=\"lazy\" decoding=\"async\" width=\"530\" height=\"64\" class=\"logo-premium\" src=\"data:image\/gif;base64,R0lGODlhAQABAAAAACH5BAEKAAEALAAAAAABAAEAAAICTAEAOw==\" alt=\"ABC Premium\"\/><br \/>\nL\u00edmite de sesiones alcanzadas<\/p>\n<ul class=\"listado\">\n<li>El acceso al contenido Premium est\u00e1 abierto por cortes\u00eda del establecimiento donde te encuentras, pero ahora mismo hay demasiados usuarios conectados a la vez. Por favor, int\u00e9ntalo pasados unos minutos.<\/li>\n<\/ul>\n<p>Volver a intentar<\/p>\n<p><img loading=\"lazy\" decoding=\"async\" width=\"530\" height=\"64\" class=\"logo-premium\" src=\"data:image\/gif;base64,R0lGODlhAQABAAAAACH5BAEKAAEALAAAAAABAAEAAAICTAEAOw==\" alt=\"ABC Premium\"\/><br \/>\nHas superado el l\u00edmite de sesiones<\/p>\n<ul class=\"listado\">\n<li>S\u00f3lo puedes tener tres sesiones iniciadas a la vez. Hemos cerrado la sesi\u00f3n m\u00e1s antigua para que sigas navegando sin l\u00edmites en el resto.<\/li>\n<\/ul>\n<p>Sigue navegando<\/p>\n<p>\nArt\u00edculo solo para suscriptores\n<\/p>\n<p>Reportar un error<\/p>\n","protected":false},"excerpt":{"rendered":"Los populares lanzan una bater\u00eda de medidas y preguntas en el Congreso y el Senado despu\u00e9s de que&hellip;\n","protected":false},"author":2,"featured_media":15284,"comment_status":"","ping_status":"","sticky":false,"template":"","format":"standard","meta":{"footnotes":""},"categories":[8],"tags":[10158,17,18,10156,25,24,10159,13,14,3142,582,11,19,20,9,10,15,16,5971,34,956,10160,23,12,21,22,10157],"class_list":{"0":"post-15283","1":"post","2":"type-post","3":"status-publish","4":"format-standard","5":"has-post-thumbnail","7":"category-espana","8":"tag-bolanos","9":"tag-breaking-news","10":"tag-breakingnews","11":"tag-comparecencia","12":"tag-es","13":"tag-espana","14":"tag-explique","15":"tag-featured-news","16":"tag-featurednews","17":"tag-garcia","18":"tag-gobierno","19":"tag-headlines","20":"tag-latest-news","21":"tag-latestnews","22":"tag-news","23":"tag-noticias","24":"tag-noticias-destacadas","25":"tag-noticiasdestacadas","26":"tag-ortiz","27":"tag-pide","28":"tag-pp","29":"tag-sostiene","30":"tag-spain","31":"tag-titulares","32":"tag-ultimas-noticias","33":"tag-ultimasnoticias","34":"tag-urgente"},"share_on_mastodon":{"url":"","error":""},"_links":{"self":[{"href":"https:\/\/www.europesays.com\/es\/wp-json\/wp\/v2\/posts\/15283","targetHints":{"allow":["GET"]}}],"collection":[{"href":"https:\/\/www.europesays.com\/es\/wp-json\/wp\/v2\/posts"}],"about":[{"href":"https:\/\/www.europesays.com\/es\/wp-json\/wp\/v2\/types\/post"}],"author":[{"embeddable":true,"href":"https:\/\/www.europesays.com\/es\/wp-json\/wp\/v2\/users\/2"}],"replies":[{"embeddable":true,"href":"https:\/\/www.europesays.com\/es\/wp-json\/wp\/v2\/comments?post=15283"}],"version-history":[{"count":0,"href":"https:\/\/www.europesays.com\/es\/wp-json\/wp\/v2\/posts\/15283\/revisions"}],"wp:featuredmedia":[{"embeddable":true,"href":"https:\/\/www.europesays.com\/es\/wp-json\/wp\/v2\/media\/15284"}],"wp:attachment":[{"href":"https:\/\/www.europesays.com\/es\/wp-json\/wp\/v2\/media?parent=15283"}],"wp:term":[{"taxonomy":"category","embeddable":true,"href":"https:\/\/www.europesays.com\/es\/wp-json\/wp\/v2\/categories?post=15283"},{"taxonomy":"post_tag","embeddable":true,"href":"https:\/\/www.europesays.com\/es\/wp-json\/wp\/v2\/tags?post=15283"}],"curies":[{"name":"wp","href":"https:\/\/api.w.org\/{rel}","templated":true}]}}