{"id":152831,"date":"2025-10-02T13:46:13","date_gmt":"2025-10-02T13:46:13","guid":{"rendered":"https:\/\/www.europesays.com\/es\/152831\/"},"modified":"2025-10-02T13:46:13","modified_gmt":"2025-10-02T13:46:13","slug":"el-baskonia-recupera-a-diakite-ante-el-asvel","status":"publish","type":"post","link":"https:\/\/www.europesays.com\/es\/152831\/","title":{"rendered":"El Baskonia recupera a Diakite ante el Asvel"},"content":{"rendered":"<p>\n        Buenas noticias procedentes de la enfermer\u00eda del Baskonia, ya que <strong>Mamadi Diakite integrar\u00e1 la expedici\u00f3n azulgrana con destino a Lyon<\/strong> donde ma\u00f1ana tendr\u00e1 lugar la segunda jornada de la Euroliga ante el Asvel.\n<\/p>\n<p class=\"article-body__text \">\n        El interior guineano ya est\u00e1 restablecido del fuerte proceso febril que le apart\u00f3 de la din\u00e1mica del equipo vitoriano tras la semifinal del Trofeo EncestaR\u00edas celebrado en Pontevedra. Por ese motivo, tuvo que ser ingresado incluso en un hospital de Vigo, donde fue sometido a <strong>distintas pruebas que por fortuna descartaron enfermedades graves<\/strong> como la malaria.\n<\/p>\n<p>            <a href=\"https:\/\/www.noticiasdealava.eus\/baskonia\/2025\/10\/01\/hamidou-diallo-fichaje-impacto-baskonia-10154725.html\" title=\"Hamidou Diallo, un fichaje de impacto en el Baskonia\" class=\"new__media\" rel=\"nofollow noopener\" target=\"_blank\"><\/p>\n<p>                <img alt=\"Hamidou Diallo, un fichaje de impacto en el Baskonia\" data-src=\"https:\/\/www.europesays.com\/es\/wp-content\/uploads\/2025\/10\/1abe0f1c-2502-4b4f-8bf9-60151b385ce1_16-9-aspect-ratio_default_0_x648y355.jpg\" class=\"lozad\"\/><\/p>\n<p>        <\/a><\/p>\n<p>        <a href=\"https:\/\/www.noticiasdealava.eus\/baskonia\/2025\/10\/01\/hamidou-diallo-fichaje-impacto-baskonia-10154725.html\" title=\"Hamidou Diallo, un fichaje de impacto en el Baskonia\" class=\"new__headline\" rel=\"nofollow noopener\" target=\"_blank\"><br \/>\n            Hamidou Diallo, un fichaje de impacto en el Baskonia<br \/>\n        <\/a><\/p>\n<p class=\"article-body__text \">\n        Con varios entrenamientos en sus piernas y un mejor tono f\u00edsico, <strong>Diakite ya est\u00e1 listo para aportar su granito de arena<\/strong> a un conjunto como el vitoriano que no va sobrado de argumentos en el juego interior. Y todo ello pese a <strong>los buenos minutos protagonizados por Khalifa Diop ante el Olympiacos<\/strong>, que tuvo en Nikola Milutinov a un poste por momentos imparable gracias a su superioridad f\u00edsica.\n<\/p>\n<p class=\"article-body__text \">\n        Tras esta recuperaci\u00f3n que dotar\u00e1 de m\u00e1s efectivos a Paolo Galbiati para efectuar las rotaciones en la pintura, <strong>tan solo Rodions Kurucs es el \u00fanico jugador que se mantiene fuera de combate en el Baskonia.<\/strong>\n<\/p>\n<p>            <a href=\"https:\/\/www.noticiasdealava.eus\/baskonia\/2025\/10\/01\/lluvia-lesionados-euroliga-10155430.html\" title=\"Lluvia de lesionados en la Euroliga\" class=\"new__media\" rel=\"nofollow noopener\" target=\"_blank\"><\/p>\n<p>                <img alt=\"Lluvia de lesionados en la Euroliga\" data-src=\"https:\/\/www.europesays.com\/es\/wp-content\/uploads\/2025\/10\/e8a2b2df-cf51-496b-91a5-3885e579607e_16-9-aspect-ratio_default_0.jpg\" class=\"lozad\"\/><\/p>\n<p>        <\/a><\/p>\n<p>        <a href=\"https:\/\/www.noticiasdealava.eus\/baskonia\/2025\/10\/01\/lluvia-lesionados-euroliga-10155430.html\" title=\"Lluvia de lesionados en la Euroliga\" class=\"new__headline\" rel=\"nofollow noopener\" target=\"_blank\"><br \/>\n            Lluvia de lesionados en la Euroliga<br \/>\n        <\/a><\/p>\n<p>  Heurtel, baja en el Asvel<\/p>\n<p class=\"article-body__text \">\n        <strong>El t\u00e9cnico italiano sacrificar\u00e1 previsiblemente al joven Stefan Joksimovic<\/strong> en la planilla de doce jugadores para enfrentarse al Asvel, quien este mi\u00e9rcoles cay\u00f3 ante el Valencia Basket por 77-80 pese a los 17 puntos del eterno Nando de Colo.\n<\/p>\n<p class=\"article-body__text \">\n        <strong>El otro candidato a no vestirse de corto es Rafa Villar<\/strong>, que ante el Olympiacos apenas disput\u00f3 unos segundos en la recta final del tercer cuarto y est\u00e1 predestinado a tener m\u00e1s minutos en la ACB.\n<\/p>\n<p class=\"article-body__text \">\n        <strong>En el Asvel quien causar\u00e1 baja es un viejo conocido del baskonismo como Thomas Heurtel<\/strong>, cuyo regreso no se espera hasta dentro de unas semanas tras estar convaleciente de una lesi\u00f3n en el gemelo.<\/p>\n","protected":false},"excerpt":{"rendered":"Buenas noticias procedentes de la enfermer\u00eda del Baskonia, ya que Mamadi Diakite integrar\u00e1 la expedici\u00f3n azulgrana con destino&hellip;\n","protected":false},"author":2,"featured_media":108522,"comment_status":"","ping_status":"","sticky":false,"template":"","format":"standard","meta":{"footnotes":""},"categories":[269],"tags":[46095,299,298,4714,168,23997,25,24,6833,23,167],"class_list":{"0":"post-152831","1":"post","2":"type-post","3":"status-publish","4":"format-standard","5":"has-post-thumbnail","7":"category-baloncesto","8":"tag-asvel","9":"tag-baloncesto","10":"tag-basketball","11":"tag-baskonia","12":"tag-deportes","13":"tag-diakite","14":"tag-es","15":"tag-espana","16":"tag-recupera","17":"tag-spain","18":"tag-sports"},"share_on_mastodon":{"url":"","error":""},"_links":{"self":[{"href":"https:\/\/www.europesays.com\/es\/wp-json\/wp\/v2\/posts\/152831","targetHints":{"allow":["GET"]}}],"collection":[{"href":"https:\/\/www.europesays.com\/es\/wp-json\/wp\/v2\/posts"}],"about":[{"href":"https:\/\/www.europesays.com\/es\/wp-json\/wp\/v2\/types\/post"}],"author":[{"embeddable":true,"href":"https:\/\/www.europesays.com\/es\/wp-json\/wp\/v2\/users\/2"}],"replies":[{"embeddable":true,"href":"https:\/\/www.europesays.com\/es\/wp-json\/wp\/v2\/comments?post=152831"}],"version-history":[{"count":0,"href":"https:\/\/www.europesays.com\/es\/wp-json\/wp\/v2\/posts\/152831\/revisions"}],"wp:featuredmedia":[{"embeddable":true,"href":"https:\/\/www.europesays.com\/es\/wp-json\/wp\/v2\/media\/108522"}],"wp:attachment":[{"href":"https:\/\/www.europesays.com\/es\/wp-json\/wp\/v2\/media?parent=152831"}],"wp:term":[{"taxonomy":"category","embeddable":true,"href":"https:\/\/www.europesays.com\/es\/wp-json\/wp\/v2\/categories?post=152831"},{"taxonomy":"post_tag","embeddable":true,"href":"https:\/\/www.europesays.com\/es\/wp-json\/wp\/v2\/tags?post=152831"}],"curies":[{"name":"wp","href":"https:\/\/api.w.org\/{rel}","templated":true}]}}