{"id":152836,"date":"2025-10-02T13:50:08","date_gmt":"2025-10-02T13:50:08","guid":{"rendered":"https:\/\/www.europesays.com\/es\/152836\/"},"modified":"2025-10-02T13:50:08","modified_gmt":"2025-10-02T13:50:08","slug":"6-libros-que-amplian-la-conversacion-sobre-la-amistad-y-han-sido-publicados-en-2025","status":"publish","type":"post","link":"https:\/\/www.europesays.com\/es\/152836\/","title":{"rendered":"6 libros que ampl\u00edan la conversaci\u00f3n sobre la amistad (y han sido publicados en 2025)"},"content":{"rendered":"<p>Los libros que reflexionan sobre la amistad en el mundo contempor\u00e1neo han florecido con profusi\u00f3n este a\u00f1o. <strong>Puede que se trate de una mera casualidad, pero es mucho m\u00e1s sensato pensar que todos estos nuevos ensayos abren l\u00edneas conversacionales que todav\u00eda estaban muy lejos de agotarse.<\/strong> \u00bfEn qu\u00e9 consiste el duelo que atraviesan dos amigas cuando dejan de serlo? \u00bfEs hora de desmitificar los estereotipos de lealtad e inmutabilidad que acompa\u00f1an hist\u00f3ricamente a estos v\u00ednculos? \u00bfSe puede mantener una relaci\u00f3n marcada por la distancia o la escasa periodicidad en la comunicaci\u00f3n? Todas estas y preguntas (y muchas m\u00e1s) encuentran respuesta en los siguientes t\u00edtulos.<\/p>\n","protected":false},"excerpt":{"rendered":"Los libros que reflexionan sobre la amistad en el mundo contempor\u00e1neo han florecido con profusi\u00f3n este a\u00f1o. Puede&hellip;\n","protected":false},"author":2,"featured_media":152837,"comment_status":"","ping_status":"","sticky":false,"template":"","format":"standard","meta":{"footnotes":""},"categories":[172],"tags":[224,146,147,25,24,225,23],"class_list":{"0":"post-152836","1":"post","2":"type-post","3":"status-publish","4":"format-standard","5":"has-post-thumbnail","7":"category-libros","8":"tag-books","9":"tag-entertainment","10":"tag-entretenimiento","11":"tag-es","12":"tag-espana","13":"tag-libros","14":"tag-spain"},"share_on_mastodon":{"url":"","error":""},"_links":{"self":[{"href":"https:\/\/www.europesays.com\/es\/wp-json\/wp\/v2\/posts\/152836","targetHints":{"allow":["GET"]}}],"collection":[{"href":"https:\/\/www.europesays.com\/es\/wp-json\/wp\/v2\/posts"}],"about":[{"href":"https:\/\/www.europesays.com\/es\/wp-json\/wp\/v2\/types\/post"}],"author":[{"embeddable":true,"href":"https:\/\/www.europesays.com\/es\/wp-json\/wp\/v2\/users\/2"}],"replies":[{"embeddable":true,"href":"https:\/\/www.europesays.com\/es\/wp-json\/wp\/v2\/comments?post=152836"}],"version-history":[{"count":0,"href":"https:\/\/www.europesays.com\/es\/wp-json\/wp\/v2\/posts\/152836\/revisions"}],"wp:featuredmedia":[{"embeddable":true,"href":"https:\/\/www.europesays.com\/es\/wp-json\/wp\/v2\/media\/152837"}],"wp:attachment":[{"href":"https:\/\/www.europesays.com\/es\/wp-json\/wp\/v2\/media?parent=152836"}],"wp:term":[{"taxonomy":"category","embeddable":true,"href":"https:\/\/www.europesays.com\/es\/wp-json\/wp\/v2\/categories?post=152836"},{"taxonomy":"post_tag","embeddable":true,"href":"https:\/\/www.europesays.com\/es\/wp-json\/wp\/v2\/tags?post=152836"}],"curies":[{"name":"wp","href":"https:\/\/api.w.org\/{rel}","templated":true}]}}