{"id":152844,"date":"2025-10-02T13:55:04","date_gmt":"2025-10-02T13:55:04","guid":{"rendered":"https:\/\/www.europesays.com\/es\/152844\/"},"modified":"2025-10-02T13:55:04","modified_gmt":"2025-10-02T13:55:04","slug":"ultimo-dia-para-apuntarse-a-la-campana-de-vacunacion-escolar-contra-la-gripe-en-aragon","status":"publish","type":"post","link":"https:\/\/www.europesays.com\/es\/152844\/","title":{"rendered":"\u00daltimo d\u00eda para apuntarse a la campa\u00f1a de vacunaci\u00f3n escolar contra la gripe en Arag\u00f3n"},"content":{"rendered":"<p>Hoy es el \u00faltimo d\u00eda para que los <strong>padres, madres o tutores <\/strong>puedan inscribir a sus hijos en la <strong>campa\u00f1a de vacunaci\u00f3n escolar<\/strong> contra la <strong><a target=\"_blank\" data-generated=\"auto\" href=\"https:\/\/www.aragondigital.es\/tags\/gripe\" rel=\"nofollow noopener\">gripe<\/a><\/strong>, que este a\u00f1o se desarrolla en 127 colegios de toda la comunidad aut\u00f3noma. La iniciativa est\u00e1 dirigida a los alumnos del segundo ciclo de <a target=\"_blank\" data-generated=\"auto\" href=\"https:\/\/www.aragondigital.es\/blog\/section\/educacion\/\" rel=\"nofollow noopener\">Educaci\u00f3n<\/a> Infantil, correspondientes a 1\u00ba, 2\u00ba y 3\u00ba curso, es decir,<strong> ni\u00f1os de 3, 4 y 5 a\u00f1os.<\/strong><\/p>\n<p>Para participar, es necesario solicitar la vacunaci\u00f3n a trav\u00e9s de la <strong>aplicaci\u00f3n m\u00f3vil de Salud Informa<\/strong> o en la<strong> web saludinforma.es,<\/strong> indicando el centro educativo en el que el menor cursa estudios, ya que \u00fanicamente ser\u00e1 inmunizado en el colegio en el que est\u00e9 matriculado. En caso de que el centro no forme parte de la campa\u00f1a, se informar\u00e1 de esta circunstancia al momento de pedir la cita, recordando que siempre es<strong> posible vacunarse en su centro de salud solicitando cita a trav\u00e9s del mismo sistema.<\/strong><\/p>\n<p>La vacuna que se administra a los ni\u00f1os de estas edades es <strong>intranasal<\/strong>, por lo que no requiere pinchazo. La gripe es una enfermedad altamente contagiosa que afecta a todas las edades, aunque es <strong>especialmente peligrosa en menores de 5 a\u00f1os<\/strong>, ya que son los que presentan mayor riesgo de complicaciones graves, incluso en ausencia de problemas de salud previos. La vacunaci\u00f3n ayuda a <strong>reducir estas probabilidades y protege tanto a los ni\u00f1os <\/strong>como al resto de la comunidad.<\/p>\n<p>Adem\u00e1s, los m\u00e1s peque\u00f1os suelen ser los principales transmisores de la gripe, dado que presentan una mayor carga viral en sus <strong>secreciones y menor control sobre la tos y el esparcimiento de fluidos.<\/strong> Por ello, la vacunaci\u00f3n escolar tiene beneficios adicionales, como facilitar el acceso a la inmunizaci\u00f3n, reducir el absentismo escolar, mantener el rendimiento acad\u00e9mico y mejorar la conciliaci\u00f3n familiar al disminuir los d\u00edas que los ni\u00f1os deben quedarse en casa por enfermedad.<\/p>\n<p>Los ni\u00f1os que no pertenezcan a los centros participantes o que no puedan vacunarse en el colegio por cualquier motivo podr\u00e1n recibir la vacuna en su centro de salud correspondiente. Para ellos,<strong> el plazo de solicitud de cita se abrir\u00e1 a partir del 20 de octubre, <\/strong>y cada menor deber\u00e1 acudir personalmente al centro sanitario asignado.<\/p>\n","protected":false},"excerpt":{"rendered":"Hoy es el \u00faltimo d\u00eda para que los padres, madres o tutores puedan inscribir a sus hijos en&hellip;\n","protected":false},"author":2,"featured_media":152845,"comment_status":"","ping_status":"","sticky":false,"template":"","format":"standard","meta":{"footnotes":""},"categories":[92],"tags":[25,419,24,7749,165,2932,338,166,1811,23,7589],"class_list":{"0":"post-152844","1":"post","2":"type-post","3":"status-publish","4":"format-standard","5":"has-post-thumbnail","7":"category-salud","8":"tag-es","9":"tag-escuelas","10":"tag-espana","11":"tag-gripe","12":"tag-health","13":"tag-ninos","14":"tag-portada","15":"tag-salud","16":"tag-sanidad","17":"tag-spain","18":"tag-vacunacion"},"share_on_mastodon":{"url":"","error":""},"_links":{"self":[{"href":"https:\/\/www.europesays.com\/es\/wp-json\/wp\/v2\/posts\/152844","targetHints":{"allow":["GET"]}}],"collection":[{"href":"https:\/\/www.europesays.com\/es\/wp-json\/wp\/v2\/posts"}],"about":[{"href":"https:\/\/www.europesays.com\/es\/wp-json\/wp\/v2\/types\/post"}],"author":[{"embeddable":true,"href":"https:\/\/www.europesays.com\/es\/wp-json\/wp\/v2\/users\/2"}],"replies":[{"embeddable":true,"href":"https:\/\/www.europesays.com\/es\/wp-json\/wp\/v2\/comments?post=152844"}],"version-history":[{"count":0,"href":"https:\/\/www.europesays.com\/es\/wp-json\/wp\/v2\/posts\/152844\/revisions"}],"wp:featuredmedia":[{"embeddable":true,"href":"https:\/\/www.europesays.com\/es\/wp-json\/wp\/v2\/media\/152845"}],"wp:attachment":[{"href":"https:\/\/www.europesays.com\/es\/wp-json\/wp\/v2\/media?parent=152844"}],"wp:term":[{"taxonomy":"category","embeddable":true,"href":"https:\/\/www.europesays.com\/es\/wp-json\/wp\/v2\/categories?post=152844"},{"taxonomy":"post_tag","embeddable":true,"href":"https:\/\/www.europesays.com\/es\/wp-json\/wp\/v2\/tags?post=152844"}],"curies":[{"name":"wp","href":"https:\/\/api.w.org\/{rel}","templated":true}]}}