{"id":152850,"date":"2025-10-02T13:59:04","date_gmt":"2025-10-02T13:59:04","guid":{"rendered":"https:\/\/www.europesays.com\/es\/152850\/"},"modified":"2025-10-02T13:59:04","modified_gmt":"2025-10-02T13:59:04","slug":"ataque-fuera-de-una-sinagoga-en-manchester-deja-3-muertos-dw-02-10-2025","status":"publish","type":"post","link":"https:\/\/www.europesays.com\/es\/152850\/","title":{"rendered":"Ataque fuera de una sinagoga en M\u00e1nchester deja 3 muertos \u2013 DW \u2013 02\/10\/2025"},"content":{"rendered":"<p>Tres muertos (entre ellos el atacante) y tres heridos dej\u00f3 este jueves (02.10.2025) un ataque frente a una sinagoga en M\u00e1nchester, en el norte de Inglaterra. Seg\u00fan los primeros informes, un coche arroll\u00f3 a transe\u00fantes y un hombre fue apu\u00f1alado en el exterior de la Sinagoga de la Congregaci\u00f3n Hebrea de Heaton Park, en el d\u00eda de <a class=\"internal-link\" href=\"https:\/\/www.dw.com\/es\/yom-kipur\/t-48692873\" rel=\"nofollow noopener\" target=\"_blank\">Yom Kipur<\/a>, una de las celebraciones m\u00e1s importantes del calendario jud\u00edo.<\/p>\n<p>La Polic\u00eda indic\u00f3 que sus unidades fueron alertadas a las 9:31 hora local por un transe\u00fante que presenci\u00f3 c\u00f3mo un veh\u00edculo se dirig\u00eda hacia las personas y un luego un hombre era apu\u00f1alado. Siete minutos m\u00e1s tarde, un agente dispar\u00f3 contra el presunto atacante, cuya muerte se confirm\u00f3 posteriormente, una vez que una unidad de explosivos se pudo acercar a \u00e9l, pues portaba \u00abobjetos sospechosos\u00bb.<\/p>\n<p>Las autoridades, que pronto desestimaron que hubiera peligro para el resto de la poblaci\u00f3n, pidieron de todas formas\u00a0evitar la zona mientras se realizaban las primeras investigaciones. El alcalde, asimismo, pidi\u00f3 a la ciudadan\u00eda \u00abno especular\u00bb en redes sociales sobre lo sucedido.<\/p>\n<p>Starmer adelanta regreso<\/p>\n<p>En tanto, el primer ministro brit\u00e1nico, <a class=\"internal-link\" href=\"https:\/\/www.dw.com\/es\/starmer-keir\/t-69560896\" rel=\"nofollow noopener\" target=\"_blank\">Keir Starmer<\/a>, decidi\u00f3 acortar, debido a este ataque, su presencia en la cumbre europea de Copenhague, seg\u00fan una fuente gubernamental brit\u00e1nica. \u00abEstoy horrorizado por el ataque a la sinagoga de Crumpsall\u00bb, escribi\u00f3 el premier en X (Twitter). \u00abEl hecho de que esto haya ocurrido en el d\u00eda de Yom Kipur, el d\u00eda m\u00e1s sagrado del calendario jud\u00edo, hace que sea a\u00fan m\u00e1s horrible\u00bb, agreg\u00f3.<\/p>\n<p>El rey Carlos III tambi\u00e9n se mostr\u00f3 consternado. \u00abMi esposa y yo nos sentimos profundamente conmocionados y entristecidos al enterarnos del terrible atentado en M\u00e1nchester, especialmente en un d\u00eda tan significativo para la comunidad jud\u00eda. Nuestros pensamientos y oraciones est\u00e1n con todos los afectados por este horrible suceso y agradecemos enormemente la r\u00e1pida actuaci\u00f3n de los servicios de emergencia\u00bb, declar\u00f3.<\/p>\n<p>El d\u00eda de la festividad jud\u00eda de Yom Kipur los creyentes suelen acudir varias veces a la sinagoga para orar. El incidente tambi\u00e9n sucede a pocos d\u00edas del tercer aniversario del ataque mortal de Ham\u00e1s -grupo considerado terrorista por la UE-\u00a0en el sur de Israel, el 7 de octubre de 2023, que dej\u00f3 1219 muertos, en su mayor\u00eda civiles, seg\u00fan un balance elaborado por la agencia AFP a partir de datos oficiales.<\/p>\n<p>DZC (EFE, AFP)<\/p>\n","protected":false},"excerpt":{"rendered":"Tres muertos (entre ellos el atacante) y tres heridos dej\u00f3 este jueves (02.10.2025) un ataque frente a una&hellip;\n","protected":false},"author":2,"featured_media":152851,"comment_status":"","ping_status":"","sticky":false,"template":"","format":"standard","meta":{"footnotes":""},"categories":[42],"tags":[17,18,13,14,11,61,62,63,64,19,20,9,10,15,16,12,21,22,65,66,67],"class_list":{"0":"post-152850","1":"post","2":"type-post","3":"status-publish","4":"format-standard","5":"has-post-thumbnail","7":"category-internacional","8":"tag-breaking-news","9":"tag-breakingnews","10":"tag-featured-news","11":"tag-featurednews","12":"tag-headlines","13":"tag-internacional","14":"tag-international","15":"tag-international-news","16":"tag-internationalnews","17":"tag-latest-news","18":"tag-latestnews","19":"tag-news","20":"tag-noticias","21":"tag-noticias-destacadas","22":"tag-noticiasdestacadas","23":"tag-titulares","24":"tag-ultimas-noticias","25":"tag-ultimasnoticias","26":"tag-world","27":"tag-world-news","28":"tag-worldnews"},"share_on_mastodon":{"url":"","error":""},"_links":{"self":[{"href":"https:\/\/www.europesays.com\/es\/wp-json\/wp\/v2\/posts\/152850","targetHints":{"allow":["GET"]}}],"collection":[{"href":"https:\/\/www.europesays.com\/es\/wp-json\/wp\/v2\/posts"}],"about":[{"href":"https:\/\/www.europesays.com\/es\/wp-json\/wp\/v2\/types\/post"}],"author":[{"embeddable":true,"href":"https:\/\/www.europesays.com\/es\/wp-json\/wp\/v2\/users\/2"}],"replies":[{"embeddable":true,"href":"https:\/\/www.europesays.com\/es\/wp-json\/wp\/v2\/comments?post=152850"}],"version-history":[{"count":0,"href":"https:\/\/www.europesays.com\/es\/wp-json\/wp\/v2\/posts\/152850\/revisions"}],"wp:featuredmedia":[{"embeddable":true,"href":"https:\/\/www.europesays.com\/es\/wp-json\/wp\/v2\/media\/152851"}],"wp:attachment":[{"href":"https:\/\/www.europesays.com\/es\/wp-json\/wp\/v2\/media?parent=152850"}],"wp:term":[{"taxonomy":"category","embeddable":true,"href":"https:\/\/www.europesays.com\/es\/wp-json\/wp\/v2\/categories?post=152850"},{"taxonomy":"post_tag","embeddable":true,"href":"https:\/\/www.europesays.com\/es\/wp-json\/wp\/v2\/tags?post=152850"}],"curies":[{"name":"wp","href":"https:\/\/api.w.org\/{rel}","templated":true}]}}